{"id":2016,"date":"2025-01-22T18:16:39","date_gmt":"2025-01-22T21:16:39","guid":{"rendered":"https:\/\/diariodocomercio.com.br\/mix\/?p=2016"},"modified":"2025-06-26T14:26:12","modified_gmt":"2025-06-26T17:26:12","slug":"homem-vai-fazer-tatuagem-e-acaba-morrendo-em-santa-catarina","status":"publish","type":"post","link":"https:\/\/diariodocomercio.com.br\/mix\/homem-vai-fazer-tatuagem-e-acaba-morrendo-em-santa-catarina\/","title":{"rendered":"Homem vai fazer tatuagem e acaba morrendo em Santa Catarina"},"content":{"rendered":"\n<p>O influenciador e empres\u00e1rio Ricardo Godoi, de 46 anos, morreu na \u00faltima segunda-feira (20\/01), ap\u00f3s se submeter a uma anestesia geral para fazer uma tatuagem. Morador de Balne\u00e1rio Cambori\u00fa, Santa Catarina, Ricardo usou suas redes sociais, no qual possu\u00eda cerca de 200 mil seguidores, para anunciar que faria o um procedimento cir\u00fargico, mas n\u00e3o resistiu.&nbsp;<\/p>\n\n\n\n<p>O influencer se submeteu a anestesia em um hospital particular que n\u00e3o teve o nome divulgado, em Itapema, no Litoral Norte de Santa Catarina e, segundo amigos da fam\u00edlia, ele sofreu uma parada card\u00edaca logo no come\u00e7o da seda\u00e7\u00e3o. O tatuador, que pediu para n\u00e3o ser identificado, confirmou que a morte foi em decorr\u00eancia de uma parada cardiorrespirat\u00f3ria.&nbsp;<\/p>\n\n\n\n<h2 class=\"wp-block-heading\">Mais detalhes da morte do homem por anestesia geral\u00a0<\/h2>\n\n\n\n<p>Em uma entrevista \u00e0 CNN, o tatuador disse que o procedimento da tatuagem n\u00e3o foi iniciado e Ricardo passou mal antes. Ainda acrescentou que, anteriormente, foram realizados exames de sangue que n\u00e3o apontaram risco expl\u00edcito ao paciente. Para investigar melhor o que ocorreu, a Pol\u00edcia Civil instaurou um inqu\u00e9rito para entender o que ocorreu com o influenciador.<\/p>\n\n\n\n<p>Apesar de n\u00e3o ter se identificado, o propriet\u00e1rio do est\u00fadio emitiu uma nota sobre o ocorrido:<em> &#8220;O que ocorreu \u00e9 que, no come\u00e7o da seda\u00e7\u00e3o e da intuba\u00e7\u00e3o, ele teve uma parada cardiorrespirat\u00f3ria, que ocorreu antes mesmo de come\u00e7arem a tatuar ele, que foi verificado rapidamente e chamado um cardiologista para tentar reanimar ele, infelizmente sem sucesso&#8221;, <\/em>diz a nota.<\/p>\n\n\n\n<p>Ricardo Godoi era conhecido por vender e comprar ve\u00edculos de luxo no Litoral Norte de Santa Catarina e ostentava sua vida nas redes sociais.&nbsp;<\/p>\n","protected":false},"excerpt":{"rendered":"<p>O influenciador e empres\u00e1rio Ricardo Godoi, de 46 anos, morreu na \u00faltima segunda-feira (20\/01), ap\u00f3s se submeter a uma anestesia geral para fazer uma tatuagem. Morador de Balne\u00e1rio Cambori\u00fa, Santa Catarina, Ricardo usou suas redes sociais, no qual possu\u00eda cerca de 200 mil seguidores, para anunciar que faria o um procedimento cir\u00fargico, mas n\u00e3o resistiu.&nbsp; [&hellip;]<\/p>\n","protected":false},"author":7,"featured_media":2017,"comment_status":"closed","ping_status":"closed","sticky":false,"template":"","format":"standard","meta":{"jnews-multi-image_gallery":[],"jnews_single_post":{"format":"standard"},"jnews_primary_category":[],"jnews_social_meta":[],"jnews_override_counter":[],"jnews_post_split":[],"footnotes":""},"categories":[1],"tags":[],"class_list":["post-2016","post","type-post","status-publish","format-standard","has-post-thumbnail","hentry","category-geral"],"_referencia":"","_links":{"self":[{"href":"https:\/\/diariodocomercio.com.br\/mix\/wp-json\/wp\/v2\/posts\/2016","targetHints":{"allow":["GET"]}}],"collection":[{"href":"https:\/\/diariodocomercio.com.br\/mix\/wp-json\/wp\/v2\/posts"}],"about":[{"href":"https:\/\/diariodocomercio.com.br\/mix\/wp-json\/wp\/v2\/types\/post"}],"author":[{"embeddable":true,"href":"https:\/\/diariodocomercio.com.br\/mix\/wp-json\/wp\/v2\/users\/7"}],"replies":[{"embeddable":true,"href":"https:\/\/diariodocomercio.com.br\/mix\/wp-json\/wp\/v2\/comments?post=2016"}],"version-history":[{"count":1,"href":"https:\/\/diariodocomercio.com.br\/mix\/wp-json\/wp\/v2\/posts\/2016\/revisions"}],"predecessor-version":[{"id":2018,"href":"https:\/\/diariodocomercio.com.br\/mix\/wp-json\/wp\/v2\/posts\/2016\/revisions\/2018"}],"wp:featuredmedia":[{"embeddable":true,"href":"https:\/\/diariodocomercio.com.br\/mix\/wp-json\/wp\/v2\/media\/2017"}],"wp:attachment":[{"href":"https:\/\/diariodocomercio.com.br\/mix\/wp-json\/wp\/v2\/media?parent=2016"}],"wp:term":[{"taxonomy":"category","embeddable":true,"href":"https:\/\/diariodocomercio.com.br\/mix\/wp-json\/wp\/v2\/categories?post=2016"},{"taxonomy":"post_tag","embeddable":true,"href":"https:\/\/diariodocomercio.com.br\/mix\/wp-json\/wp\/v2\/tags?post=2016"}],"curies":[{"name":"wp","href":"https:\/\/api.w.org\/{rel}","templated":true}]}}