{"id":20214,"date":"2025-09-27T20:03:00","date_gmt":"2025-09-27T23:03:00","guid":{"rendered":"https:\/\/diariodocomercio.com.br\/mix\/?p=20214"},"modified":"2025-09-24T21:21:22","modified_gmt":"2025-09-25T00:21:22","slug":"sorveteria-gringa-que-operava-ha-85-anos-decreta-encerramento-de-500-lojas","status":"publish","type":"post","link":"https:\/\/diariodocomercio.com.br\/mix\/sorveteria-gringa-que-operava-ha-85-anos-decreta-encerramento-de-500-lojas\/","title":{"rendered":"Sorveteria \u201cgringa\u201d que operava h\u00e1 85 anos decreta encerramento de 500 lojas"},"content":{"rendered":"\n<p>Uma das marcas mais queridas da Costa Oeste americana, a\u00a0<strong>Thrifty Ice Cream<\/strong>, anunciou o encerramento de suas opera\u00e7\u00f5es f\u00edsicas ap\u00f3s\u00a0<strong>85 anos de funcionamento<\/strong>. Ao todo, cerca de\u00a0<strong>500 balc\u00f5es de sorvete<\/strong>\u00a0instalados dentro das farm\u00e1cias\u00a0<strong>Rite Aid<\/strong>\u00a0deixar\u00e3o de existir, em consequ\u00eancia direta do processo de fal\u00eancia da rede de drogarias, que acumula d\u00edvidas entre\u00a0<strong>US$ 1 bilh\u00e3o e US$ 10 bilh\u00f5es<\/strong>.<\/p>\n\n\n\n<p>Criada em&nbsp;<strong>1940, em West Hollywood (Calif\u00f3rnia)<\/strong>, a Thrifty se tornou parte do imagin\u00e1rio cultural americano. Reconhecida por seus sorvetes de bola cil\u00edndrica, receitas cl\u00e1ssicas e pre\u00e7os acess\u00edveis, a marca atravessou gera\u00e7\u00f5es e conquistou celebridades e clientes fi\u00e9is. Em 1996, foi adquirida pela Rite Aid, que manteve os balc\u00f5es em estados como Calif\u00f3rnia e Arizona.<\/p>\n\n\n\n<p>Agora, com a reestrutura\u00e7\u00e3o da controladora, os balc\u00f5es de sorvete n\u00e3o t\u00eam mais espa\u00e7o. O site oficial da Thrifty j\u00e1 removeu a listagem de pontos ativos, e a empresa n\u00e3o se pronunciou oficialmente sobre o fechamento.<\/p>\n\n\n\n<h2 class=\"wp-block-heading\"><strong>Marca resiste nos freezers<\/strong><\/h2>\n\n\n\n<p>Apesar do encerramento das lojas f\u00edsicas, a produ\u00e7\u00e3o continua na f\u00e1brica de&nbsp;<strong>El Monte, na Calif\u00f3rnia<\/strong>. Os potes de sorvete da Thrifty seguir\u00e3o dispon\u00edveis em redes como&nbsp;<strong>Albertsons e Vons<\/strong>, al\u00e9m de lojas independentes e at\u00e9 em alguns mercados do M\u00e9xico.<\/p>\n\n\n\n<p>Segundo o CEO da Rite Aid,&nbsp;<strong>Matt Schroeder<\/strong>, j\u00e1 existe \u201cinteresse significativo\u201d de compradores regionais e nacionais nos ativos da Thrifty. A decis\u00e3o final deve sair em&nbsp;<strong>20 de junho<\/strong>, data marcada para a licita\u00e7\u00e3o.<\/p>\n\n\n\n<h2 class=\"wp-block-heading\"><strong>Tradi\u00e7\u00e3o amea\u00e7ada, mas n\u00e3o esquecida<\/strong><\/h2>\n\n\n\n<p>Especialistas afirmam que o futuro da Thrifty depender\u00e1 do rumo da venda de ativos. Caso haja interesse na continuidade da marca, os sorvetes seguir\u00e3o no mercado; caso contr\u00e1rio, corre-se o risco de ver desaparecer um dos s\u00edmbolos mais nost\u00e1lgicos da cultura de consumo americana.<\/p>\n","protected":false},"excerpt":{"rendered":"<p>Uma das marcas mais queridas da Costa Oeste americana, a\u00a0Thrifty Ice Cream, anunciou o encerramento de suas opera\u00e7\u00f5es f\u00edsicas ap\u00f3s\u00a085 anos de funcionamento. Ao todo, cerca de\u00a0500 balc\u00f5es de sorvete\u00a0instalados dentro das farm\u00e1cias\u00a0Rite Aid\u00a0deixar\u00e3o de existir, em consequ\u00eancia direta do processo de fal\u00eancia da rede de drogarias, que acumula d\u00edvidas entre\u00a0US$ 1 bilh\u00e3o e US$ [&hellip;]<\/p>\n","protected":false},"author":9,"featured_media":11764,"comment_status":"closed","ping_status":"closed","sticky":false,"template":"","format":"standard","meta":{"jnews-multi-image_gallery":[],"jnews_single_post":{"format":"standard"},"jnews_primary_category":[],"jnews_social_meta":[],"jnews_override_counter":[],"jnews_post_split":[],"footnotes":""},"categories":[1],"tags":[],"class_list":["post-20214","post","type-post","status-publish","format-standard","has-post-thumbnail","hentry","category-geral"],"_referencia":"","_links":{"self":[{"href":"https:\/\/diariodocomercio.com.br\/mix\/wp-json\/wp\/v2\/posts\/20214","targetHints":{"allow":["GET"]}}],"collection":[{"href":"https:\/\/diariodocomercio.com.br\/mix\/wp-json\/wp\/v2\/posts"}],"about":[{"href":"https:\/\/diariodocomercio.com.br\/mix\/wp-json\/wp\/v2\/types\/post"}],"author":[{"embeddable":true,"href":"https:\/\/diariodocomercio.com.br\/mix\/wp-json\/wp\/v2\/users\/9"}],"replies":[{"embeddable":true,"href":"https:\/\/diariodocomercio.com.br\/mix\/wp-json\/wp\/v2\/comments?post=20214"}],"version-history":[{"count":2,"href":"https:\/\/diariodocomercio.com.br\/mix\/wp-json\/wp\/v2\/posts\/20214\/revisions"}],"predecessor-version":[{"id":20216,"href":"https:\/\/diariodocomercio.com.br\/mix\/wp-json\/wp\/v2\/posts\/20214\/revisions\/20216"}],"wp:featuredmedia":[{"embeddable":true,"href":"https:\/\/diariodocomercio.com.br\/mix\/wp-json\/wp\/v2\/media\/11764"}],"wp:attachment":[{"href":"https:\/\/diariodocomercio.com.br\/mix\/wp-json\/wp\/v2\/media?parent=20214"}],"wp:term":[{"taxonomy":"category","embeddable":true,"href":"https:\/\/diariodocomercio.com.br\/mix\/wp-json\/wp\/v2\/categories?post=20214"},{"taxonomy":"post_tag","embeddable":true,"href":"https:\/\/diariodocomercio.com.br\/mix\/wp-json\/wp\/v2\/tags?post=20214"}],"curies":[{"name":"wp","href":"https:\/\/api.w.org\/{rel}","templated":true}]}}