{"id":20217,"date":"2025-09-27T21:09:00","date_gmt":"2025-09-28T00:09:00","guid":{"rendered":"https:\/\/diariodocomercio.com.br\/mix\/?p=20217"},"modified":"2025-09-25T10:37:05","modified_gmt":"2025-09-25T13:37:05","slug":"esse-e-o-jeito-certo-de-lavar-o-brocolis-e-acabar-com-todas-as-bacterias","status":"publish","type":"post","link":"https:\/\/diariodocomercio.com.br\/mix\/esse-e-o-jeito-certo-de-lavar-o-brocolis-e-acabar-com-todas-as-bacterias\/","title":{"rendered":"Esse \u00e9 o jeito certo de lavar o br\u00f3colis e acabar com todas as bact\u00e9rias"},"content":{"rendered":"\n<p>O br\u00f3colis \u00e9 um dos vegetais mais nutritivos e vers\u00e1teis da alimenta\u00e7\u00e3o: fonte de fibras, c\u00e1lcio, antioxidantes e vitaminas do complexo B e C. Mas, para que esses benef\u00edcios cheguem de fato ao prato, \u00e9 essencial adotar cuidados de higiene. Isso porque, ao longo do cultivo, transporte e manipula\u00e7\u00e3o em feiras ou mercados, a hortali\u00e7a acumula sujeira, agrot\u00f3xicos e micro-organismos que podem causar desconfortos gastrointestinais ou at\u00e9 infec\u00e7\u00f5es mais s\u00e9rias.<\/p>\n\n\n\n<p>Com sua estrutura irregular e cheia de pequenos buqu\u00eas, o br\u00f3colis se torna um esconderijo para res\u00edduos e at\u00e9 insetos. \u201cMesmo que pare\u00e7a limpo, \u00e9 sempre recomendada a higieniza\u00e7\u00e3o antes do consumo\u201d, explica Shannon Stover, especialista em seguran\u00e7a alimentar da Universidade Estadual de Michigan.<\/p>\n\n\n\n<p>Segundo a nutricionista Michele Duarte, \u201clavar bem a hortali\u00e7a garante n\u00e3o s\u00f3 a remo\u00e7\u00e3o de sujeiras vis\u00edveis, mas tamb\u00e9m de microrganismos invis\u00edveis que podem afetar a sa\u00fade\u201d.<\/p>\n\n\n\n<p>Uma vez higienizado, o br\u00f3colis pode ser consumido cru em saladas ou preparado em cozidos, refogados e sopas. \u201c\u00c9 um alimento que, se bem limpo, pode ser inclu\u00eddo sem medo na rotina alimentar, contribuindo para imunidade, sa\u00fade intestinal e preven\u00e7\u00e3o de doen\u00e7as cr\u00f4nicas\u201d, conclui Duarte.<\/p>\n\n\n\n<h2 class=\"wp-block-heading\"><strong>Como higienizar corretamente<\/strong><\/h2>\n\n\n\n<p>Especialistas em seguran\u00e7a alimentar orientam que o m\u00e9todo mais seguro envolve dois passos: lavagem em \u00e1gua corrente e desinfec\u00e7\u00e3o em solu\u00e7\u00e3o pr\u00f3pria. Veja o passo a passo:<\/p>\n\n\n\n<ol class=\"wp-block-list\">\n<li>Abra bem os buqu\u00eas do br\u00f3colis e lave em \u00e1gua corrente, esfregando delicadamente com as m\u00e3os para retirar a sujeira mais vis\u00edvel.<\/li>\n\n\n\n<li>Prepare uma solu\u00e7\u00e3o com\u00a0<strong>1 litro de \u00e1gua filtrada<\/strong>\u00a0e\u00a0<strong>1 colher de sopa de hipoclorito de s\u00f3dio pr\u00f3prio para alimentos<\/strong>.<\/li>\n\n\n\n<li>Deixe o br\u00f3colis de molho por\u00a0<strong>15 minutos<\/strong>.<\/li>\n\n\n\n<li>Enx\u00e1gue novamente em \u00e1gua corrente para retirar res\u00edduos da solu\u00e7\u00e3o.<\/li>\n\n\n\n<li>Seque com papel toalha ou pano limpo antes de guardar.<\/li>\n<\/ol>\n\n\n\n<p>A recomenda\u00e7\u00e3o \u00e9 lavar apenas na hora do consumo ou preparo. Se for higienizar antes de armazenar, \u00e9 essencial secar bem para evitar mofo e acelerar a deteriora\u00e7\u00e3o.<\/p>\n\n\n\n<h2 class=\"wp-block-heading\"><strong>O que evitar na limpeza<\/strong><\/h2>\n\n\n\n<p>Apesar de comuns em supermercados, os \u201cdetergentes para frutas e verduras\u201d n\u00e3o s\u00e3o necess\u00e1rios. De acordo com a diretora do programa de seguran\u00e7a alimentar da Universidade Clemson, Kimberly Baker, n\u00e3o h\u00e1 evid\u00eancias de que eles sejam mais eficazes do que a \u00e1gua corrente \u2014 al\u00e9m de deixarem res\u00edduos indesejados.<\/p>\n\n\n\n<p>Outro cuidado \u00e9 n\u00e3o deixar o br\u00f3colis de molho por longos per\u00edodos ou em \u00e1gua reutilizada, j\u00e1 que isso pode favorecer a contamina\u00e7\u00e3o cruzada.<\/p>\n","protected":false},"excerpt":{"rendered":"<p>O br\u00f3colis \u00e9 um dos vegetais mais nutritivos e vers\u00e1teis da alimenta\u00e7\u00e3o: fonte de fibras, c\u00e1lcio, antioxidantes e vitaminas do complexo B e C. Mas, para que esses benef\u00edcios cheguem de fato ao prato, \u00e9 essencial adotar cuidados de higiene. Isso porque, ao longo do cultivo, transporte e manipula\u00e7\u00e3o em feiras ou mercados, a hortali\u00e7a [&hellip;]<\/p>\n","protected":false},"author":9,"featured_media":20243,"comment_status":"closed","ping_status":"closed","sticky":false,"template":"","format":"standard","meta":{"jnews-multi-image_gallery":[],"jnews_single_post":{"format":"standard"},"jnews_primary_category":[],"jnews_social_meta":[],"jnews_override_counter":[],"jnews_post_split":[],"footnotes":""},"categories":[1],"tags":[],"class_list":["post-20217","post","type-post","status-publish","format-standard","has-post-thumbnail","hentry","category-geral"],"_referencia":"","_links":{"self":[{"href":"https:\/\/diariodocomercio.com.br\/mix\/wp-json\/wp\/v2\/posts\/20217","targetHints":{"allow":["GET"]}}],"collection":[{"href":"https:\/\/diariodocomercio.com.br\/mix\/wp-json\/wp\/v2\/posts"}],"about":[{"href":"https:\/\/diariodocomercio.com.br\/mix\/wp-json\/wp\/v2\/types\/post"}],"author":[{"embeddable":true,"href":"https:\/\/diariodocomercio.com.br\/mix\/wp-json\/wp\/v2\/users\/9"}],"replies":[{"embeddable":true,"href":"https:\/\/diariodocomercio.com.br\/mix\/wp-json\/wp\/v2\/comments?post=20217"}],"version-history":[{"count":2,"href":"https:\/\/diariodocomercio.com.br\/mix\/wp-json\/wp\/v2\/posts\/20217\/revisions"}],"predecessor-version":[{"id":20244,"href":"https:\/\/diariodocomercio.com.br\/mix\/wp-json\/wp\/v2\/posts\/20217\/revisions\/20244"}],"wp:featuredmedia":[{"embeddable":true,"href":"https:\/\/diariodocomercio.com.br\/mix\/wp-json\/wp\/v2\/media\/20243"}],"wp:attachment":[{"href":"https:\/\/diariodocomercio.com.br\/mix\/wp-json\/wp\/v2\/media?parent=20217"}],"wp:term":[{"taxonomy":"category","embeddable":true,"href":"https:\/\/diariodocomercio.com.br\/mix\/wp-json\/wp\/v2\/categories?post=20217"},{"taxonomy":"post_tag","embeddable":true,"href":"https:\/\/diariodocomercio.com.br\/mix\/wp-json\/wp\/v2\/tags?post=20217"}],"curies":[{"name":"wp","href":"https:\/\/api.w.org\/{rel}","templated":true}]}}