{"id":20245,"date":"2025-09-28T08:37:00","date_gmt":"2025-09-28T11:37:00","guid":{"rendered":"https:\/\/diariodocomercio.com.br\/mix\/?p=20245"},"modified":"2025-09-25T10:51:22","modified_gmt":"2025-09-25T13:51:22","slug":"fab-bloqueia-regiao-gigantesca-do-brasil-ate-08-10-e-pessoas-estao-impedidas-de-circular","status":"publish","type":"post","link":"https:\/\/diariodocomercio.com.br\/mix\/fab-bloqueia-regiao-gigantesca-do-brasil-ate-08-10-e-pessoas-estao-impedidas-de-circular\/","title":{"rendered":"FAB bloqueia regi\u00e3o gigantesca do Brasil at\u00e9 08\/10 e pessoas est\u00e3o impedidas de circular"},"content":{"rendered":"\n<p>A For\u00e7a A\u00e9rea Brasileira (FAB) interditou uma extensa \u00e1rea mar\u00edtima entre o litoral de Santa Catarina e do Rio Grande do Sul para a realiza\u00e7\u00e3o de manobras militares com tiro real. O bloqueio segue at\u00e9 o dia\u00a0<strong>8 de outubro<\/strong>\u00a0e envolve disparos de aeronaves\u00a0<strong>A-29 Super Tucano<\/strong>, que ter\u00e3o queda no mar. Por seguran\u00e7a, pescadores e navegadores est\u00e3o orientados a n\u00e3o circular na regi\u00e3o delimitada.<\/p>\n\n\n\n<p>Segundo a FAB, a \u00e1rea bloqueada est\u00e1 entre as coordenadas&nbsp;<strong>29\u00b020\u201932\u201dS \/ 049\u00b005\u201932\u201dW<\/strong>,&nbsp;<strong>29\u00b027\u201902\u201dS \/ 049\u00b032\u201902\u201dW<\/strong>,&nbsp;<strong>30\u00b038\u201902\u201dS \/ 050\u00b009\u201932\u201dW<\/strong>,&nbsp;<strong>31\u00b006\u201932\u201dS \/ 050\u00b029\u201932\u201dW<\/strong>&nbsp;e&nbsp;<strong>31\u00b024\u201902\u201dS \/ 050\u00b019\u201932\u201dW<\/strong>.<\/p>\n\n\n\n<p>Na pr\u00e1tica, o per\u00edmetro abrange a faixa litor\u00e2nea que vai de&nbsp;<strong>Jaguaruna a Garopaba<\/strong>, em Santa Catarina, com pontos de concentra\u00e7\u00e3o pr\u00f3ximos \u00e0 cidade de&nbsp;<strong>Laguna<\/strong>.<\/p>\n\n\n\n<p>A FAB refor\u00e7ou que o bloqueio \u00e9 indispens\u00e1vel para a seguran\u00e7a a\u00e9rea e mar\u00edtima, uma vez que os proj\u00e9teis disparados durante o treinamento podem atingir a superf\u00edcie do mar.<\/p>\n\n\n\n<h2 class=\"wp-block-heading\"><strong>Treinamento estrat\u00e9gico<\/strong><\/h2>\n\n\n\n<p>As opera\u00e7\u00f5es ser\u00e3o conduzidas pelo&nbsp;<strong>1\u00ba\/14\u00ba Grupo de Avia\u00e7\u00e3o<\/strong>, unidade respons\u00e1vel por miss\u00f5es de ataque leve e defesa a\u00e9rea. De acordo com a Aeron\u00e1utica, os exerc\u00edcios fazem parte da rotina de preparo e aperfei\u00e7oamento das tropas, simulando cen\u00e1rios reais de combate.<\/p>\n\n\n\n<p>\u201cDurante o per\u00edodo, a recomenda\u00e7\u00e3o \u00e9 que pescadores e navegadores evitem transitar pela regi\u00e3o delimitada pelas coordenadas fornecidas pela institui\u00e7\u00e3o militar, j\u00e1 que a atividade envolve disparos reais e demanda seguran\u00e7a no espa\u00e7o a\u00e9reo e mar\u00edtimo\u201d, informou a FAB em nota.<\/p>\n\n\n\n<h2 class=\"wp-block-heading\"><strong>Seguran\u00e7a refor\u00e7ada tamb\u00e9m no Recife<\/strong><\/h2>\n\n\n\n<p>Paralelamente \u00e0s manobras, a FAB atuou em conjunto com a&nbsp;<strong>Anatel<\/strong>&nbsp;para restaurar a seguran\u00e7a no&nbsp;<strong>Aeroporto Internacional do Recife<\/strong>, em Pernambuco. Uma interfer\u00eancia na frequ\u00eancia de&nbsp;<strong>110,3 MHz<\/strong>&nbsp;havia tirado do ar o sistema de pouso por instrumentos (ILS), usado em opera\u00e7\u00f5es de baixa visibilidade.<\/p>\n\n\n\n<p>Ap\u00f3s inspe\u00e7\u00f5es no solo e sobrevoos t\u00e9cnicos, duas fontes de interfer\u00eancia foram identificadas e neutralizadas, permitindo a reativa\u00e7\u00e3o do sistema. O caso, segundo os \u00f3rg\u00e3os envolvidos, demonstrou a import\u00e2ncia da fiscaliza\u00e7\u00e3o do espectro radioel\u00e9trico para a preserva\u00e7\u00e3o de vidas e a seguran\u00e7a das opera\u00e7\u00f5es a\u00e9reas.<\/p>\n","protected":false},"excerpt":{"rendered":"<p>A For\u00e7a A\u00e9rea Brasileira (FAB) interditou uma extensa \u00e1rea mar\u00edtima entre o litoral de Santa Catarina e do Rio Grande do Sul para a realiza\u00e7\u00e3o de manobras militares com tiro real. O bloqueio segue at\u00e9 o dia\u00a08 de outubro\u00a0e envolve disparos de aeronaves\u00a0A-29 Super Tucano, que ter\u00e3o queda no mar. Por seguran\u00e7a, pescadores e navegadores [&hellip;]<\/p>\n","protected":false},"author":9,"featured_media":20248,"comment_status":"closed","ping_status":"closed","sticky":false,"template":"","format":"standard","meta":{"jnews-multi-image_gallery":[],"jnews_single_post":{"format":"standard"},"jnews_primary_category":[],"jnews_social_meta":[],"jnews_override_counter":[],"jnews_post_split":[],"footnotes":""},"categories":[1],"tags":[],"class_list":["post-20245","post","type-post","status-publish","format-standard","has-post-thumbnail","hentry","category-geral"],"_referencia":"","_links":{"self":[{"href":"https:\/\/diariodocomercio.com.br\/mix\/wp-json\/wp\/v2\/posts\/20245","targetHints":{"allow":["GET"]}}],"collection":[{"href":"https:\/\/diariodocomercio.com.br\/mix\/wp-json\/wp\/v2\/posts"}],"about":[{"href":"https:\/\/diariodocomercio.com.br\/mix\/wp-json\/wp\/v2\/types\/post"}],"author":[{"embeddable":true,"href":"https:\/\/diariodocomercio.com.br\/mix\/wp-json\/wp\/v2\/users\/9"}],"replies":[{"embeddable":true,"href":"https:\/\/diariodocomercio.com.br\/mix\/wp-json\/wp\/v2\/comments?post=20245"}],"version-history":[{"count":1,"href":"https:\/\/diariodocomercio.com.br\/mix\/wp-json\/wp\/v2\/posts\/20245\/revisions"}],"predecessor-version":[{"id":20251,"href":"https:\/\/diariodocomercio.com.br\/mix\/wp-json\/wp\/v2\/posts\/20245\/revisions\/20251"}],"wp:featuredmedia":[{"embeddable":true,"href":"https:\/\/diariodocomercio.com.br\/mix\/wp-json\/wp\/v2\/media\/20248"}],"wp:attachment":[{"href":"https:\/\/diariodocomercio.com.br\/mix\/wp-json\/wp\/v2\/media?parent=20245"}],"wp:term":[{"taxonomy":"category","embeddable":true,"href":"https:\/\/diariodocomercio.com.br\/mix\/wp-json\/wp\/v2\/categories?post=20245"},{"taxonomy":"post_tag","embeddable":true,"href":"https:\/\/diariodocomercio.com.br\/mix\/wp-json\/wp\/v2\/tags?post=20245"}],"curies":[{"name":"wp","href":"https:\/\/api.w.org\/{rel}","templated":true}]}}