{"id":20252,"date":"2025-09-28T11:51:00","date_gmt":"2025-09-28T14:51:00","guid":{"rendered":"https:\/\/diariodocomercio.com.br\/mix\/?p=20252"},"modified":"2025-09-25T10:58:12","modified_gmt":"2025-09-25T13:58:12","slug":"astronauta-viajou-ao-espaco-e-descobriu-que-vivemos-dentro-de-uma-ilusao","status":"publish","type":"post","link":"https:\/\/diariodocomercio.com.br\/mix\/astronauta-viajou-ao-espaco-e-descobriu-que-vivemos-dentro-de-uma-ilusao\/","title":{"rendered":"Astronauta viajou ao espa\u00e7o e descobriu que vivemos dentro de uma ilus\u00e3o"},"content":{"rendered":"\n<p>Durante 178 dias em \u00f3rbita, o astronauta\u00a0<strong>Ron Garan<\/strong>, veterano da NASA, percorreu mais de\u00a0<strong>71 milh\u00f5es de milhas<\/strong>\u00a0em\u00a0<strong>2.842 voltas ao redor da Terra<\/strong>. Mas o que mais marcou sua experi\u00eancia n\u00e3o foram os n\u00fameros, e sim uma percep\u00e7\u00e3o avassaladora: de que vivemos dentro de uma ilus\u00e3o criada por n\u00f3s mesmos.<\/p>\n\n\n\n<p>O fen\u00f4meno que Garan descreve \u00e9 chamado de&nbsp;<strong>\u201coverview effect\u201d<\/strong>&nbsp;\u2014 uma mudan\u00e7a cognitiva relatada por astronautas ao observarem o planeta do espa\u00e7o. A vis\u00e3o global, sem fronteiras, sem disputas pol\u00edticas ou religiosas vis\u00edveis, provoca uma sensa\u00e7\u00e3o de unidade e fragilidade da Terra.<\/p>\n\n\n\n<p>\u201cQuando olhei pela janela da Esta\u00e7\u00e3o Espacial Internacional, vi os flashes de tempestades el\u00e9tricas, as cortinas dan\u00e7antes de auroras que pareciam ao alcance da m\u00e3o e a fina camada da atmosfera que mant\u00e9m toda a vida no planeta\u201d, disse Garan em entrevista ao Big Think.<\/p>\n\n\n\n<h2 class=\"wp-block-heading\"><strong>\u201cN\u00e3o vi a economia\u201d<\/strong><\/h2>\n\n\n\n<p>Para ele, a experi\u00eancia revelou uma contradi\u00e7\u00e3o profunda.<br>\u201cVi uma biosfera iridescente, cheia de vida. Mas n\u00e3o vi a economia. E, no entanto, tratamos at\u00e9 mesmo os sistemas vitais do planeta como se fossem subordinados \u00e0 economia global. Do espa\u00e7o, \u00e9 \u00f3bvio: estamos vivendo uma mentira\u201d, afirmou.<\/p>\n\n\n\n<p>Segundo o astronauta, a ordem de prioridades da humanidade est\u00e1 invertida. \u201cPensamos em economia, sociedade e planeta. Precisamos mudar para planeta, sociedade e, s\u00f3 ent\u00e3o, economia. Esse \u00e9 o caminho da nossa evolu\u00e7\u00e3o.\u201d<\/p>\n\n\n\n<h2 class=\"wp-block-heading\"><strong>Repensando a vida na Terra<\/strong><\/h2>\n\n\n\n<p>A reflex\u00e3o de Garan se soma \u00e0 de outros astronautas que passaram pela mesma experi\u00eancia transformadora. O \u201coverview effect\u201d \u00e9 descrito por cientistas como um\u00a0estado de admira\u00e7\u00e3o transcendental, que faz a pessoa perceber o quanto tudo no planeta est\u00e1 interconectado.<\/p>\n\n\n\n<p>\u201cN\u00e3o teremos paz na Terra at\u00e9 reconhecermos a estrutura interdependente de toda a realidade\u201d, disse o ex-astronauta, ressaltando que problemas como\u00a0mudan\u00e7as clim\u00e1ticas\u00a0e\u00a0desmatamento\u00a0n\u00e3o s\u00e3o quest\u00f5es isoladas, mas sintomas de uma vis\u00e3o de mundo distorcida.<\/p>\n","protected":false},"excerpt":{"rendered":"<p>Durante 178 dias em \u00f3rbita, o astronauta\u00a0Ron Garan, veterano da NASA, percorreu mais de\u00a071 milh\u00f5es de milhas\u00a0em\u00a02.842 voltas ao redor da Terra. Mas o que mais marcou sua experi\u00eancia n\u00e3o foram os n\u00fameros, e sim uma percep\u00e7\u00e3o avassaladora: de que vivemos dentro de uma ilus\u00e3o criada por n\u00f3s mesmos. O fen\u00f4meno que Garan descreve \u00e9 [&hellip;]<\/p>\n","protected":false},"author":9,"featured_media":20253,"comment_status":"closed","ping_status":"closed","sticky":false,"template":"","format":"standard","meta":{"jnews-multi-image_gallery":[],"jnews_single_post":{"format":"standard"},"jnews_primary_category":[],"jnews_social_meta":[],"jnews_override_counter":[],"jnews_post_split":[],"footnotes":""},"categories":[1],"tags":[],"class_list":["post-20252","post","type-post","status-publish","format-standard","has-post-thumbnail","hentry","category-geral"],"_referencia":"","_links":{"self":[{"href":"https:\/\/diariodocomercio.com.br\/mix\/wp-json\/wp\/v2\/posts\/20252","targetHints":{"allow":["GET"]}}],"collection":[{"href":"https:\/\/diariodocomercio.com.br\/mix\/wp-json\/wp\/v2\/posts"}],"about":[{"href":"https:\/\/diariodocomercio.com.br\/mix\/wp-json\/wp\/v2\/types\/post"}],"author":[{"embeddable":true,"href":"https:\/\/diariodocomercio.com.br\/mix\/wp-json\/wp\/v2\/users\/9"}],"replies":[{"embeddable":true,"href":"https:\/\/diariodocomercio.com.br\/mix\/wp-json\/wp\/v2\/comments?post=20252"}],"version-history":[{"count":1,"href":"https:\/\/diariodocomercio.com.br\/mix\/wp-json\/wp\/v2\/posts\/20252\/revisions"}],"predecessor-version":[{"id":20254,"href":"https:\/\/diariodocomercio.com.br\/mix\/wp-json\/wp\/v2\/posts\/20252\/revisions\/20254"}],"wp:featuredmedia":[{"embeddable":true,"href":"https:\/\/diariodocomercio.com.br\/mix\/wp-json\/wp\/v2\/media\/20253"}],"wp:attachment":[{"href":"https:\/\/diariodocomercio.com.br\/mix\/wp-json\/wp\/v2\/media?parent=20252"}],"wp:term":[{"taxonomy":"category","embeddable":true,"href":"https:\/\/diariodocomercio.com.br\/mix\/wp-json\/wp\/v2\/categories?post=20252"},{"taxonomy":"post_tag","embeddable":true,"href":"https:\/\/diariodocomercio.com.br\/mix\/wp-json\/wp\/v2\/tags?post=20252"}],"curies":[{"name":"wp","href":"https:\/\/api.w.org\/{rel}","templated":true}]}}