{"id":20261,"date":"2025-09-28T12:48:00","date_gmt":"2025-09-28T15:48:00","guid":{"rendered":"https:\/\/diariodocomercio.com.br\/mix\/?p=20261"},"modified":"2025-09-25T11:38:02","modified_gmt":"2025-09-25T14:38:02","slug":"municipio-em-sp-e-eleito-o-melhor-do-brasil-para-morar-apos-os-60-anos","status":"publish","type":"post","link":"https:\/\/diariodocomercio.com.br\/mix\/municipio-em-sp-e-eleito-o-melhor-do-brasil-para-morar-apos-os-60-anos\/","title":{"rendered":"Munic\u00edpio em SP \u00e9 eleito o melhor do Brasil para morar ap\u00f3s os 60 anos"},"content":{"rendered":"\n<p>S\u00e3o Caetano do Sul, na Regi\u00e3o Metropolitana de S\u00e3o Paulo, foi escolhida como a melhor cidade do Brasil para morar ap\u00f3s os 60 anos. O munic\u00edpio conquistou o\u00a0<strong>primeiro lugar no \u00cdndice de Desenvolvimento Urbano para Longevidade (IDL)<\/strong>, elaborado pelo Instituto Longevidade Mongeral Aegon, que avalia as condi\u00e7\u00f5es de vida da popula\u00e7\u00e3o idosa em todo o pa\u00eds.<\/p>\n\n\n\n<p>Com 165 mil habitantes \u2014 sendo 40 mil com 60 anos ou mais \u2014, S\u00e3o Caetano \u00e9 conhecida como \u201cCidade Modelo\u201d e refer\u00eancia em bem-estar urbano. O levantamento destaca que o munic\u00edpio atingiu&nbsp;<strong>nota m\u00e1xima nos indicadores de sa\u00fade<\/strong>, incluindo n\u00famero de leitos hospitalares e de profissionais dispon\u00edveis para atender \u00e0 popula\u00e7\u00e3o.<\/p>\n\n\n\n<p>Al\u00e9m disso, a cidade se sobressai em vari\u00e1veis ligadas \u00e0 economia, educa\u00e7\u00e3o, seguran\u00e7a e infraestrutura, fatores que a tornam uma das mais procuradas por quem busca envelhecer com tranquilidade.<\/p>\n\n\n<div class=\"wp-block-image\">\n<figure class=\"aligncenter size-full\"><img decoding=\"async\" width=\"600\" height=\"400\" src=\"https:\/\/diariodocomercio.com.br\/mix\/wp-content\/uploads\/2025\/09\/saocaetano_mbigucci_apto_condominio.jpg.webp\" alt=\"Cidade\" class=\"wp-image-20263\" srcset=\"https:\/\/diariodocomercio.com.br\/mix\/wp-content\/uploads\/2025\/09\/saocaetano_mbigucci_apto_condominio.jpg.webp 600w, https:\/\/diariodocomercio.com.br\/mix\/wp-content\/uploads\/2025\/09\/saocaetano_mbigucci_apto_condominio.jpg-300x200.webp 300w, https:\/\/diariodocomercio.com.br\/mix\/wp-content\/uploads\/2025\/09\/saocaetano_mbigucci_apto_condominio.jpg-150x100.webp 150w\" sizes=\"(max-width: 600px) 100vw, 600px\" \/><figcaption class=\"wp-element-caption\">S\u00e3o Caetano do Sul<\/figcaption><\/figure>\n<\/div>\n\n\n<h2 class=\"wp-block-heading\"><strong>Tradi\u00e7\u00e3o e modernidade lado a lado<\/strong><\/h2>\n\n\n\n<p>A heran\u00e7a cultural italiana, presente em festas e na gastronomia, convive com uma infraestrutura urbana moderna, marcada por parques, centros esportivos e espa\u00e7os de lazer. Essa combina\u00e7\u00e3o refor\u00e7a a imagem de S\u00e3o Caetano como um munic\u00edpio acolhedor, organizado e adaptado \u00e0s necessidades de uma popula\u00e7\u00e3o cada vez mais longeva.<\/p>\n\n\n\n<p>De acordo com o\u00a0<strong>Atlas do Desenvolvimento Humano no Brasil<\/strong>, a cidade tem o maior \u00cdndice de Desenvolvimento Humano Municipal (IDHM) do pa\u00eds:\u00a0<strong>0,862<\/strong>, classificado como muito alto pelo PNUD, Ipea e Funda\u00e7\u00e3o Jo\u00e3o Pinheiro.<\/p>\n\n\n\n<figure class=\"wp-block-image size-full\"><img decoding=\"async\" width=\"1200\" height=\"800\" src=\"https:\/\/diariodocomercio.com.br\/mix\/wp-content\/uploads\/2025\/09\/C9v6fywnnLuLEQVMs0AXJ4pHgy4xrCXycdDav9eP.jpg\" alt=\"\" class=\"wp-image-20264\" srcset=\"https:\/\/diariodocomercio.com.br\/mix\/wp-content\/uploads\/2025\/09\/C9v6fywnnLuLEQVMs0AXJ4pHgy4xrCXycdDav9eP.jpg 1200w, https:\/\/diariodocomercio.com.br\/mix\/wp-content\/uploads\/2025\/09\/C9v6fywnnLuLEQVMs0AXJ4pHgy4xrCXycdDav9eP-300x200.jpg 300w, https:\/\/diariodocomercio.com.br\/mix\/wp-content\/uploads\/2025\/09\/C9v6fywnnLuLEQVMs0AXJ4pHgy4xrCXycdDav9eP-768x512.jpg 768w, https:\/\/diariodocomercio.com.br\/mix\/wp-content\/uploads\/2025\/09\/C9v6fywnnLuLEQVMs0AXJ4pHgy4xrCXycdDav9eP-150x100.jpg 150w, https:\/\/diariodocomercio.com.br\/mix\/wp-content\/uploads\/2025\/09\/C9v6fywnnLuLEQVMs0AXJ4pHgy4xrCXycdDav9eP-750x500.jpg 750w, https:\/\/diariodocomercio.com.br\/mix\/wp-content\/uploads\/2025\/09\/C9v6fywnnLuLEQVMs0AXJ4pHgy4xrCXycdDav9eP-1140x760.jpg 1140w\" sizes=\"(max-width: 1200px) 100vw, 1200px\" \/><\/figure>\n\n\n\n<h2 class=\"wp-block-heading\"><strong>Ranking da longevidade<\/strong><\/h2>\n\n\n\n<p>O estudo avaliou cidades de todo o Brasil com base em tr\u00eas grandes dimens\u00f5es:&nbsp;<strong>economia, socioambiental e sa\u00fade<\/strong>, analisando ao todo 23 indicadores. O ranking geral das dez melhores cidades para viver ap\u00f3s os 60 anos ficou assim:<\/p>\n\n\n\n<ol class=\"wp-block-list\">\n<li>S\u00e3o Caetano do Sul (SP)<\/li>\n\n\n\n<li>Vit\u00f3ria (ES)<\/li>\n\n\n\n<li>Santos (SP)<\/li>\n\n\n\n<li>Florian\u00f3polis (SC)<\/li>\n\n\n\n<li>Curitiba (PR)<\/li>\n\n\n\n<li>Botucatu (SP)<\/li>\n\n\n\n<li>Jundia\u00ed (SP)<\/li>\n\n\n\n<li>Balne\u00e1rio Cambori\u00fa (SC)<\/li>\n\n\n\n<li>Londrina (PR)<\/li>\n\n\n\n<li>Mar\u00edlia (SP)<\/li>\n<\/ol>\n\n\n\n<h2 class=\"wp-block-heading\"><strong>Paulistas em destaque<\/strong><\/h2>\n\n\n\n<p>Cinco cidades paulistas aparecem no Top 10: al\u00e9m de S\u00e3o Caetano, figuram Botucatu, Jundia\u00ed, Mar\u00edlia e Santos. Segundo o levantamento, esse desempenho reflete a combina\u00e7\u00e3o de tradi\u00e7\u00e3o em pol\u00edticas p\u00fablicas voltadas \u00e0 sa\u00fade e altos \u00edndices de desenvolvimento urbano.<\/p>\n\n\n\n<p>No litoral, Santos ficou em terceiro lugar e j\u00e1 tem mais de 25% de sua popula\u00e7\u00e3o formada por pessoas com mais de 60 anos. Entre os munic\u00edpios do interior, Botucatu aparece em sexto lugar, destacando-se em estrutura hospitalar e atendimento especializado para idosos.<\/p>\n","protected":false},"excerpt":{"rendered":"<p>S\u00e3o Caetano do Sul, na Regi\u00e3o Metropolitana de S\u00e3o Paulo, foi escolhida como a melhor cidade do Brasil para morar ap\u00f3s os 60 anos. O munic\u00edpio conquistou o\u00a0primeiro lugar no \u00cdndice de Desenvolvimento Urbano para Longevidade (IDL), elaborado pelo Instituto Longevidade Mongeral Aegon, que avalia as condi\u00e7\u00f5es de vida da popula\u00e7\u00e3o idosa em todo o [&hellip;]<\/p>\n","protected":false},"author":9,"featured_media":20262,"comment_status":"closed","ping_status":"closed","sticky":false,"template":"","format":"standard","meta":{"jnews-multi-image_gallery":[],"jnews_single_post":{"format":"standard"},"jnews_primary_category":[],"jnews_social_meta":[],"jnews_override_counter":[],"jnews_post_split":[],"footnotes":""},"categories":[1],"tags":[],"class_list":["post-20261","post","type-post","status-publish","format-standard","has-post-thumbnail","hentry","category-geral"],"_referencia":"","_links":{"self":[{"href":"https:\/\/diariodocomercio.com.br\/mix\/wp-json\/wp\/v2\/posts\/20261","targetHints":{"allow":["GET"]}}],"collection":[{"href":"https:\/\/diariodocomercio.com.br\/mix\/wp-json\/wp\/v2\/posts"}],"about":[{"href":"https:\/\/diariodocomercio.com.br\/mix\/wp-json\/wp\/v2\/types\/post"}],"author":[{"embeddable":true,"href":"https:\/\/diariodocomercio.com.br\/mix\/wp-json\/wp\/v2\/users\/9"}],"replies":[{"embeddable":true,"href":"https:\/\/diariodocomercio.com.br\/mix\/wp-json\/wp\/v2\/comments?post=20261"}],"version-history":[{"count":1,"href":"https:\/\/diariodocomercio.com.br\/mix\/wp-json\/wp\/v2\/posts\/20261\/revisions"}],"predecessor-version":[{"id":20265,"href":"https:\/\/diariodocomercio.com.br\/mix\/wp-json\/wp\/v2\/posts\/20261\/revisions\/20265"}],"wp:featuredmedia":[{"embeddable":true,"href":"https:\/\/diariodocomercio.com.br\/mix\/wp-json\/wp\/v2\/media\/20262"}],"wp:attachment":[{"href":"https:\/\/diariodocomercio.com.br\/mix\/wp-json\/wp\/v2\/media?parent=20261"}],"wp:term":[{"taxonomy":"category","embeddable":true,"href":"https:\/\/diariodocomercio.com.br\/mix\/wp-json\/wp\/v2\/categories?post=20261"},{"taxonomy":"post_tag","embeddable":true,"href":"https:\/\/diariodocomercio.com.br\/mix\/wp-json\/wp\/v2\/tags?post=20261"}],"curies":[{"name":"wp","href":"https:\/\/api.w.org\/{rel}","templated":true}]}}