{"id":20266,"date":"2025-09-28T14:14:00","date_gmt":"2025-09-28T17:14:00","guid":{"rendered":"https:\/\/diariodocomercio.com.br\/mix\/?p=20266"},"modified":"2025-09-25T11:45:46","modified_gmt":"2025-09-25T14:45:46","slug":"se-voce-acha-que-esta-pronto-para-se-aposentar-pense-novamente-simples-erro-pode-destruir-seu-salario","status":"publish","type":"post","link":"https:\/\/diariodocomercio.com.br\/mix\/se-voce-acha-que-esta-pronto-para-se-aposentar-pense-novamente-simples-erro-pode-destruir-seu-salario\/","title":{"rendered":"Se voc\u00ea acha que est\u00e1 pronto para se aposentar, pense novamente: simples erro pode destruir seu sal\u00e1rio"},"content":{"rendered":"\n<p>A aposentadoria deveria ser sin\u00f4nimo de tranquilidade, mas a realidade \u00e9 bem diferente para a maioria dos brasileiros. Depender apenas do\u00a0<strong>INSS<\/strong>\u00a0pode se tornar um erro fatal, capaz de comprometer o padr\u00e3o de vida de milh\u00f5es de pessoas. O motivo? O modelo atual n\u00e3o acompanha as mudan\u00e7as sociais e demogr\u00e1ficas do pa\u00eds \u2014 e quem n\u00e3o se planejar desde cedo corre o risco de viver vulner\u00e1vel na velhice.<\/p>\n\n\n\n<p>O sistema de aposentadoria brasileiro funciona em regime de reparti\u00e7\u00e3o: quem est\u00e1 na ativa contribui para pagar os benef\u00edcios de quem j\u00e1 se aposentou. Esse pacto entre gera\u00e7\u00f5es, no entanto, est\u00e1 cada vez mais pressionado pelo&nbsp;<strong>envelhecimento da popula\u00e7\u00e3o e pela queda na taxa de natalidade<\/strong>.<\/p>\n\n\n\n<p>Esse cen\u00e1rio n\u00e3o \u00e9 exclusivo do Brasil. Pa\u00edses do mundo todo enfrentam o mesmo dilema:&nbsp;<strong>mais idosos, menos jovens e sistemas p\u00fablicos sobrecarregados<\/strong>. Isso significa que, no futuro, depender s\u00f3 do INSS pode resultar em benef\u00edcios insuficientes para cobrir necessidades b\u00e1sicas, como sa\u00fade e alimenta\u00e7\u00e3o.<\/p>\n\n\n\n<h2 class=\"wp-block-heading\"><strong>O peso das reformas previdenci\u00e1rias<\/strong><\/h2>\n\n\n\n<p>Desde a Constitui\u00e7\u00e3o de 1988, o Brasil passou por\u00a0<strong>sete grandes reformas na Previd\u00eancia<\/strong>. Todas seguiram o mesmo caminho:\u00a0<strong>mais exig\u00eancias para se aposentar e benef\u00edcios cada vez menores<\/strong>. Um jovem de 36 anos hoje deve enfrentar\u00a0<strong>pelo menos mais quatro ou cinco reformas<\/strong>\u00a0at\u00e9 chegar \u00e0 sua aposentadoria. <\/p>\n\n\n\n<p>Uma pesquisa do&nbsp;<strong>Serasa<\/strong>&nbsp;revelou que&nbsp;<strong>7 em cada 10 pessoas acreditam que a aposentadoria n\u00e3o ser\u00e1 suficiente<\/strong>&nbsp;para suprir suas necessidades na velhice. Al\u00e9m disso,&nbsp;<strong>58% dos idosos entrevistados reconheceram que n\u00e3o conseguiram se planejar financeiramente<\/strong>.<\/p>\n\n\n\n<p>Com os gastos de sa\u00fade em alta e a expectativa de vida cada vez maior, o risco de depender apenas do benef\u00edcio p\u00fablico \u00e9 evidente.<\/p>\n\n\n\n<p>A sa\u00edda para evitar armadilhas \u00e9 clara:&nbsp;<strong>investir por conta pr\u00f3pria e diversificar fontes de renda<\/strong>. Al\u00e9m da contribui\u00e7\u00e3o obrigat\u00f3ria ao INSS, \u00e9 fundamental construir um patrim\u00f4nio com aplica\u00e7\u00f5es em&nbsp;<strong>renda fixa, fundos imobili\u00e1rios, a\u00e7\u00f5es e at\u00e9 investimentos internacionais<\/strong>.<\/p>\n\n\n\n<p>Um comparativo simples mostra a diferen\u00e7a:<\/p>\n\n\n\n<figure class=\"wp-block-table\"><table class=\"has-fixed-layout\"><thead><tr><th>INSS<\/th><th>Investimentos<\/th><\/tr><\/thead><tbody><tr><td>Contribui\u00e7\u00e3o mensal: R$ 105,90<\/td><td>Investimento mensal: R$ 105,90<\/td><\/tr><tr><td>Patrim\u00f4nio ap\u00f3s 35 anos:&nbsp;<strong>R$ 0,00<\/strong><\/td><td>Patrim\u00f4nio ap\u00f3s 35 anos:&nbsp;<strong>R$ 650 mil<\/strong><\/td><\/tr><tr><td>Renda mensal futura: R$ 1.412,00<\/td><td>Renda mensal futura: R$ 6.500,00<\/td><\/tr><\/tbody><\/table><\/figure>\n\n\n\n<p><em>Fonte: Banco Central (simula\u00e7\u00e3o com rentabilidade m\u00e9dia de 1% ao m\u00eas).<\/em><\/p>\n\n\n\n<h2 class=\"wp-block-heading\"><strong>Como come\u00e7ar a investir agora<\/strong><\/h2>\n\n\n\n<p>Investir n\u00e3o \u00e9 complicado como parece. Hoje, com um smartphone, qualquer pessoa pode dar os primeiros passos. Eis um roteiro pr\u00e1tico:<\/p>\n\n\n\n<ol class=\"wp-block-list\">\n<li><strong>Organize suas finan\u00e7as<\/strong>\u00a0e defina um valor fixo para investir todo m\u00eas.<\/li>\n\n\n\n<li><strong>Descubra seu perfil de investidor<\/strong>\u00a0e escolha produtos adequados.<\/li>\n\n\n\n<li><strong>Busque conte\u00fado confi\u00e1vel<\/strong>\u00a0de educadores financeiros.<\/li>\n\n\n\n<li><strong>Invista na mesma data todo m\u00eas<\/strong>\u00a0\u2014 pense nisso como \u201cse pagar primeiro\u201d.<\/li>\n\n\n\n<li><strong>Monte sua carteira diversificada<\/strong>: comece pela renda fixa, depois fundos imobili\u00e1rios, a\u00e7\u00f5es e, por fim, ativos no exterior.<\/li>\n<\/ol>\n","protected":false},"excerpt":{"rendered":"<p>A aposentadoria deveria ser sin\u00f4nimo de tranquilidade, mas a realidade \u00e9 bem diferente para a maioria dos brasileiros. Depender apenas do\u00a0INSS\u00a0pode se tornar um erro fatal, capaz de comprometer o padr\u00e3o de vida de milh\u00f5es de pessoas. O motivo? O modelo atual n\u00e3o acompanha as mudan\u00e7as sociais e demogr\u00e1ficas do pa\u00eds \u2014 e quem n\u00e3o [&hellip;]<\/p>\n","protected":false},"author":9,"featured_media":5368,"comment_status":"closed","ping_status":"closed","sticky":false,"template":"","format":"standard","meta":{"jnews-multi-image_gallery":[],"jnews_single_post":{"format":"standard"},"jnews_primary_category":[],"jnews_social_meta":[],"jnews_override_counter":[],"jnews_post_split":[],"footnotes":""},"categories":[1],"tags":[],"class_list":["post-20266","post","type-post","status-publish","format-standard","has-post-thumbnail","hentry","category-geral"],"_referencia":"","_links":{"self":[{"href":"https:\/\/diariodocomercio.com.br\/mix\/wp-json\/wp\/v2\/posts\/20266","targetHints":{"allow":["GET"]}}],"collection":[{"href":"https:\/\/diariodocomercio.com.br\/mix\/wp-json\/wp\/v2\/posts"}],"about":[{"href":"https:\/\/diariodocomercio.com.br\/mix\/wp-json\/wp\/v2\/types\/post"}],"author":[{"embeddable":true,"href":"https:\/\/diariodocomercio.com.br\/mix\/wp-json\/wp\/v2\/users\/9"}],"replies":[{"embeddable":true,"href":"https:\/\/diariodocomercio.com.br\/mix\/wp-json\/wp\/v2\/comments?post=20266"}],"version-history":[{"count":1,"href":"https:\/\/diariodocomercio.com.br\/mix\/wp-json\/wp\/v2\/posts\/20266\/revisions"}],"predecessor-version":[{"id":20267,"href":"https:\/\/diariodocomercio.com.br\/mix\/wp-json\/wp\/v2\/posts\/20266\/revisions\/20267"}],"wp:featuredmedia":[{"embeddable":true,"href":"https:\/\/diariodocomercio.com.br\/mix\/wp-json\/wp\/v2\/media\/5368"}],"wp:attachment":[{"href":"https:\/\/diariodocomercio.com.br\/mix\/wp-json\/wp\/v2\/media?parent=20266"}],"wp:term":[{"taxonomy":"category","embeddable":true,"href":"https:\/\/diariodocomercio.com.br\/mix\/wp-json\/wp\/v2\/categories?post=20266"},{"taxonomy":"post_tag","embeddable":true,"href":"https:\/\/diariodocomercio.com.br\/mix\/wp-json\/wp\/v2\/tags?post=20266"}],"curies":[{"name":"wp","href":"https:\/\/api.w.org\/{rel}","templated":true}]}}