{"id":20280,"date":"2025-09-28T08:36:00","date_gmt":"2025-09-28T11:36:00","guid":{"rendered":"https:\/\/diariodocomercio.com.br\/mix\/?p=20280"},"modified":"2025-09-25T13:04:35","modified_gmt":"2025-09-25T16:04:35","slug":"esse-tipo-de-urso-pode-ajudar-a-tratar-o-cancer","status":"publish","type":"post","link":"https:\/\/diariodocomercio.com.br\/mix\/esse-tipo-de-urso-pode-ajudar-a-tratar-o-cancer\/","title":{"rendered":"Esse tipo de \u201curso\u201d pode ajudar a tratar o c\u00e2ncer"},"content":{"rendered":"\n<p>Os<strong> tard\u00edgrados,<\/strong> pequenos organismos microsc\u00f3picos, est\u00e3o no centro das aten\u00e7\u00f5es cient\u00edficas devido \u00e0 sua capacidade excepcional de sobreviv\u00eancia. Conhecidos por sua resist\u00eancia extrema, estes seres de at\u00e9 1 mm t\u00eam intrigado pesquisadores por sua potencial aplica\u00e7\u00e3o na sobreviv\u00eancia humana em ambientes hostis.<\/p>\n\n\n\n<p>\u00c0 medida que estudos avan\u00e7am, a expectativa \u00e9 de que as descobertas sobre essas criaturas possam resultar em avan\u00e7os significativos para o ser humano. O interesse crescente \u00e9 atribu\u00eddo ao fato de eles suportarem condi\u00e7\u00f5es que seriam fatais para os humanos, incluindo temperaturas extremas e altos n\u00edveis de radia\u00e7\u00e3o.<\/p>\n\n\n<div class=\"wp-block-image\">\n<figure class=\"aligncenter size-full is-resized\"><img decoding=\"async\" width=\"800\" height=\"450\" src=\"https:\/\/diariodocomercio.com.br\/mix\/wp-content\/uploads\/2025\/09\/ab9965a0-97e4-11f0-af62-91486a511a31.jpg.webp\" alt=\"\" class=\"wp-image-20281\" style=\"width:494px;height:auto\" srcset=\"https:\/\/diariodocomercio.com.br\/mix\/wp-content\/uploads\/2025\/09\/ab9965a0-97e4-11f0-af62-91486a511a31.jpg.webp 800w, https:\/\/diariodocomercio.com.br\/mix\/wp-content\/uploads\/2025\/09\/ab9965a0-97e4-11f0-af62-91486a511a31.jpg-300x169.webp 300w, https:\/\/diariodocomercio.com.br\/mix\/wp-content\/uploads\/2025\/09\/ab9965a0-97e4-11f0-af62-91486a511a31.jpg-768x432.webp 768w, https:\/\/diariodocomercio.com.br\/mix\/wp-content\/uploads\/2025\/09\/ab9965a0-97e4-11f0-af62-91486a511a31.jpg-150x84.webp 150w, https:\/\/diariodocomercio.com.br\/mix\/wp-content\/uploads\/2025\/09\/ab9965a0-97e4-11f0-af62-91486a511a31.jpg-750x422.webp 750w\" sizes=\"(max-width: 800px) 100vw, 800px\" \/><figcaption class=\"wp-element-caption\">Imagem: Steve Gschmeissner\/Science Photo Library<\/figcaption><\/figure>\n<\/div>\n\n\n<h2 class=\"wp-block-heading\">Aplica\u00e7\u00f5es cient\u00edficas<\/h2>\n\n\n\n<p>Os tard\u00edgrados s\u00e3o admirados por sua habilidade de<strong> resistir a ambientes letais. <\/strong>Em condi\u00e7\u00f5es de radia\u00e7\u00e3o que superam em mil vezes a dose letal para humanos, esses <strong>&#8220;ursos d&#8217;\u00e1gua&#8221;<\/strong> permanecem displicentemente intactos.<\/p>\n\n\n\n<p>Tal resist\u00eancia \u00e9 poss\u00edvel gra\u00e7as \u00e0 sua capacidade de entrar em um estado de anima\u00e7\u00e3o suspensa, onde atividades metab\u00f3licas s\u00e3o reduzidas significativamente. Pesquisas realizadas em laborat\u00f3rio identificaram prote\u00ednas espec\u00edficas, como a DSUP, que protege o DNA dos tard\u00edgrados de danos irrevers\u00edveis.<\/p>\n\n\n\n<p>Ao inserir genes que codificam essa prote\u00edna em c\u00e9lulas humanas, observou-se uma maior resist\u00eancia \u00e0 radia\u00e7\u00e3o, marcando um passo promissor no desenvolvimento de prote\u00e7\u00e3o em tratamentos radioter\u00e1picos.<\/p>\n\n\n\n<h2 class=\"wp-block-heading\">Revela\u00e7\u00f5es gen\u00e9ticas<\/h2>\n\n\n\n<p>Estudos gen\u00e9ticos revelam que os tard\u00edgrados possuem um genoma singular, enriquecido com genes protetores \u00fanicos. Essa descoberta aponta para desenvolvimentos inovadores na conserva\u00e7\u00e3o de subst\u00e2ncias medicinais.<\/p>\n\n\n\n<p>A elimina\u00e7\u00e3o da necessidade de refrigera\u00e7\u00e3o para preserva\u00e7\u00e3o de medicamentos e alimentos poderia transformar pr\u00e1ticas da ind\u00fastria farmac\u00eautica. Com foco em aplica\u00e7\u00f5es m\u00e9dicas e espaciais, as revela\u00e7\u00f5es obtidas com o estudo dos tard\u00edgrados oferecem caminhos para novas tecnologias que refor\u00e7am a durabilidade de tecidos humanos durante exposi\u00e7\u00f5es a ambientes agressivos, como miss\u00f5es espaciais.<\/p>\n","protected":false},"excerpt":{"rendered":"<p>\u00c0 medida que estudos avan\u00e7am, a expectativa \u00e9 de que as descobertas sobre essas criaturas possam resultar em avan\u00e7os significativos.<\/p>\n","protected":false},"author":12,"featured_media":10143,"comment_status":"closed","ping_status":"closed","sticky":false,"template":"","format":"standard","meta":{"jnews-multi-image_gallery":[],"jnews_single_post":{"format":"standard"},"jnews_primary_category":[],"jnews_social_meta":[],"jnews_override_counter":[],"jnews_post_split":[],"footnotes":""},"categories":[1],"tags":[],"class_list":["post-20280","post","type-post","status-publish","format-standard","has-post-thumbnail","hentry","category-geral"],"_referencia":"","_links":{"self":[{"href":"https:\/\/diariodocomercio.com.br\/mix\/wp-json\/wp\/v2\/posts\/20280","targetHints":{"allow":["GET"]}}],"collection":[{"href":"https:\/\/diariodocomercio.com.br\/mix\/wp-json\/wp\/v2\/posts"}],"about":[{"href":"https:\/\/diariodocomercio.com.br\/mix\/wp-json\/wp\/v2\/types\/post"}],"author":[{"embeddable":true,"href":"https:\/\/diariodocomercio.com.br\/mix\/wp-json\/wp\/v2\/users\/12"}],"replies":[{"embeddable":true,"href":"https:\/\/diariodocomercio.com.br\/mix\/wp-json\/wp\/v2\/comments?post=20280"}],"version-history":[{"count":1,"href":"https:\/\/diariodocomercio.com.br\/mix\/wp-json\/wp\/v2\/posts\/20280\/revisions"}],"predecessor-version":[{"id":20282,"href":"https:\/\/diariodocomercio.com.br\/mix\/wp-json\/wp\/v2\/posts\/20280\/revisions\/20282"}],"wp:featuredmedia":[{"embeddable":true,"href":"https:\/\/diariodocomercio.com.br\/mix\/wp-json\/wp\/v2\/media\/10143"}],"wp:attachment":[{"href":"https:\/\/diariodocomercio.com.br\/mix\/wp-json\/wp\/v2\/media?parent=20280"}],"wp:term":[{"taxonomy":"category","embeddable":true,"href":"https:\/\/diariodocomercio.com.br\/mix\/wp-json\/wp\/v2\/categories?post=20280"},{"taxonomy":"post_tag","embeddable":true,"href":"https:\/\/diariodocomercio.com.br\/mix\/wp-json\/wp\/v2\/tags?post=20280"}],"curies":[{"name":"wp","href":"https:\/\/api.w.org\/{rel}","templated":true}]}}