{"id":20325,"date":"2025-09-28T07:16:00","date_gmt":"2025-09-28T10:16:00","guid":{"rendered":"https:\/\/diariodocomercio.com.br\/mix\/?p=20325"},"modified":"2025-09-25T16:48:47","modified_gmt":"2025-09-25T19:48:47","slug":"banco-central-solta-novo-aviso-pode-congelar-sua-chave-pix-e-prender-seu-dinheiro","status":"publish","type":"post","link":"https:\/\/diariodocomercio.com.br\/mix\/banco-central-solta-novo-aviso-pode-congelar-sua-chave-pix-e-prender-seu-dinheiro\/","title":{"rendered":"Banco Central solta novo aviso: pode congelar sua chave PIX e &#8220;prender&#8221; seu dinheiro"},"content":{"rendered":"\n<p>Em mar\u00e7o de 2025, o Banco Central do Brasil determinou um<strong> bloqueio <\/strong>significativo de chaves Pix ligadas a <strong>CPFs e CNPJs irregulares. <\/strong>Essa medida visa aumentar a seguran\u00e7a no sistema de pagamentos instant\u00e2neos e proteger os usu\u00e1rios de fraudes.<\/p>\n\n\n\n<p>Quando uma chave Pix \u00e9 bloqueada, a institui\u00e7\u00e3o financeira notifica o titular por aplicativo ou internet banking, explicando o motivo do bloqueio e passos para corre\u00e7\u00e3o.<\/p>\n\n\n\n<p>As chaves vinculadas a CPFs &#8220;suspensos&#8221;, &#8220;cancelados&#8221;, &#8220;nulos&#8221; ou pertencentes a &#8220;titular falecido&#8221;, como tamb\u00e9m a CNPJs &#8220;suspensos&#8221;, &#8220;inaptos&#8221;, &#8220;baixados&#8221; ou &#8220;nulos&#8221;, s\u00e3o as alvo deste bloqueio. O objetivo \u00e9 corrigir as irregularidades junto \u00e0 Receita Federal.<\/p>\n\n\n\n<h2 class=\"wp-block-heading\">Motivos do bloqueio de chaves Pix<\/h2>\n\n\n\n<p>O bloqueio ocorre devido a discrep\u00e2ncias nos dados cadastrais verificados junto \u00e0 Receita Federal. Cerca de 4,5 milh\u00f5es de chaves t\u00eam grafia inconsistente ou erros em outros dados.<\/p>\n\n\n\n<p>Al\u00e9m disso, 3,5 milh\u00f5es de chaves pertencem a titulares falecidos. Esses dados destacam a necessidade urgente de atualiza\u00e7\u00e3o nos registros para prevenir fraudes e garantir opera\u00e7\u00f5es seguras.<\/p>\n\n\n\n<h2 class=\"wp-block-heading\">Verifica\u00e7\u00e3o e regulariza\u00e7\u00e3o das chaves<\/h2>\n\n\n\n<p>\u00c9 crucial que os titulares consultem sua situa\u00e7\u00e3o cadastral no site da Receita Federal para evitar o bloqueio de suas chaves Pix. A consulta \u00e9 realizada na se\u00e7\u00e3o de <strong>Comprovante de Situa\u00e7\u00e3o Cadastral,<\/strong> onde inconsist\u00eancias podem ser identificadas e corrigidas.<\/p>\n\n\n\n<p>Dados pessoais corretos evitam bloqueios futuros e garantem o uso cont\u00ednuo do sistema Pix.<\/p>\n\n\n\n<p>Regularizar a situa\u00e7\u00e3o de um CPF ou CNPJ no sistema n\u00e3o \u00e9 complexo. Problemas comuns, como CPFs suspensos devido a discrep\u00e2ncias de informa\u00e7\u00f5es, requerem o envio de documentos como CPF, RG e comprovante de resid\u00eancia \u00e0 Receita Federal. Ap\u00f3s isso, \u00e9 necess\u00e1rio aguardar a confirma\u00e7\u00e3o da regulariza\u00e7\u00e3o para restabelecer o uso da chave Pix.<\/p>\n","protected":false},"excerpt":{"rendered":"<p>Banco Central do Brasil determinou um bloqueio significativo de chaves Pix.<\/p>\n","protected":false},"author":12,"featured_media":10870,"comment_status":"closed","ping_status":"closed","sticky":false,"template":"","format":"standard","meta":{"jnews-multi-image_gallery":[],"jnews_single_post":{"format":"standard"},"jnews_primary_category":[],"jnews_social_meta":[],"jnews_override_counter":[],"jnews_post_split":[],"footnotes":""},"categories":[1],"tags":[],"class_list":["post-20325","post","type-post","status-publish","format-standard","has-post-thumbnail","hentry","category-geral"],"_referencia":"","_links":{"self":[{"href":"https:\/\/diariodocomercio.com.br\/mix\/wp-json\/wp\/v2\/posts\/20325","targetHints":{"allow":["GET"]}}],"collection":[{"href":"https:\/\/diariodocomercio.com.br\/mix\/wp-json\/wp\/v2\/posts"}],"about":[{"href":"https:\/\/diariodocomercio.com.br\/mix\/wp-json\/wp\/v2\/types\/post"}],"author":[{"embeddable":true,"href":"https:\/\/diariodocomercio.com.br\/mix\/wp-json\/wp\/v2\/users\/12"}],"replies":[{"embeddable":true,"href":"https:\/\/diariodocomercio.com.br\/mix\/wp-json\/wp\/v2\/comments?post=20325"}],"version-history":[{"count":1,"href":"https:\/\/diariodocomercio.com.br\/mix\/wp-json\/wp\/v2\/posts\/20325\/revisions"}],"predecessor-version":[{"id":20327,"href":"https:\/\/diariodocomercio.com.br\/mix\/wp-json\/wp\/v2\/posts\/20325\/revisions\/20327"}],"wp:featuredmedia":[{"embeddable":true,"href":"https:\/\/diariodocomercio.com.br\/mix\/wp-json\/wp\/v2\/media\/10870"}],"wp:attachment":[{"href":"https:\/\/diariodocomercio.com.br\/mix\/wp-json\/wp\/v2\/media?parent=20325"}],"wp:term":[{"taxonomy":"category","embeddable":true,"href":"https:\/\/diariodocomercio.com.br\/mix\/wp-json\/wp\/v2\/categories?post=20325"},{"taxonomy":"post_tag","embeddable":true,"href":"https:\/\/diariodocomercio.com.br\/mix\/wp-json\/wp\/v2\/tags?post=20325"}],"curies":[{"name":"wp","href":"https:\/\/api.w.org\/{rel}","templated":true}]}}