{"id":20387,"date":"2025-09-26T10:00:08","date_gmt":"2025-09-26T13:00:08","guid":{"rendered":"https:\/\/diariodocomercio.com.br\/mix\/?p=20387"},"modified":"2025-09-26T10:00:11","modified_gmt":"2025-09-26T13:00:11","slug":"fim-do-mundo-a-vista-terra-ultrapassa-limite-grave-e-cientistas-soam-o-alerta","status":"publish","type":"post","link":"https:\/\/diariodocomercio.com.br\/mix\/fim-do-mundo-a-vista-terra-ultrapassa-limite-grave-e-cientistas-soam-o-alerta\/","title":{"rendered":"Fim do mundo \u00e0 vista? Terra ultrapassa limite grave e cientistas soam o alerta"},"content":{"rendered":"\n<p>Um relat\u00f3rio recente do Laborat\u00f3rio de Ci\u00eancias de Fronteiras Planet\u00e1rias do Instituto de Pesquisa de Impacto Clim\u00e1tico de Potsdam (PIK, na sigla em ingl\u00eas) revela que a Terra ultrapassou mais um limite cr\u00edtico. Pela primeira vez, o nosso planeta ultrapassou o limite de acidifica\u00e7\u00e3o dos oceanos.<\/p>\n\n\n\n<p>Essa acidifica\u00e7\u00e3o dos oceanos \u00e9 um dos nove limites cr\u00edticos do sistema do nosso planeta, ao lado de: <\/p>\n\n\n\n<ul class=\"wp-block-list\">\n<li>Mudan\u00e7as Clim\u00e1ticas;<\/li>\n\n\n\n<li>Integridade da Biosfera;<\/li>\n\n\n\n<li>Mudan\u00e7as no Sistema Terrestre;<\/li>\n\n\n\n<li>Uso de \u00c1gua Doce;<\/li>\n\n\n\n<li>Fluxos Biogeoqu\u00edmicos;<\/li>\n\n\n\n<li>Novas Entidades;<\/li>\n\n\n\n<li>Camada de Oz\u00f4nio;<\/li>\n\n\n\n<li>Carga de aeross\u00f3is (polui\u00e7\u00e3o do ar).<\/li>\n<\/ul>\n\n\n\n<p>Entre esses sistemas, apenas os dois \u00faltimos est\u00e3o dentro de limites seguros.<\/p>\n\n\n\n<p><em>\u201cMais de tr\u00eas quartos dos sistemas de suporte da Terra n\u00e3o est\u00e3o na zona de seguran\u00e7a. A humanidade est\u00e1 ultrapassando os limites de um espa\u00e7o operacional seguro, aumentando o risco de desestabiliza\u00e7\u00e3o do planeta\u201d<\/em>, declarou Johan Rockstr\u00f6m, diretor do PIK.<\/p>\n\n\n\n<figure class=\"wp-block-image size-full\"><img decoding=\"async\" width=\"768\" height=\"634\" src=\"https:\/\/diariodocomercio.com.br\/mix\/wp-content\/uploads\/2025\/09\/limites-terra-768x634-1.png\" alt=\"terra limites operacionais\" class=\"wp-image-20390\" srcset=\"https:\/\/diariodocomercio.com.br\/mix\/wp-content\/uploads\/2025\/09\/limites-terra-768x634-1.png 768w, https:\/\/diariodocomercio.com.br\/mix\/wp-content\/uploads\/2025\/09\/limites-terra-768x634-1-300x248.png 300w, https:\/\/diariodocomercio.com.br\/mix\/wp-content\/uploads\/2025\/09\/limites-terra-768x634-1-150x124.png 150w, https:\/\/diariodocomercio.com.br\/mix\/wp-content\/uploads\/2025\/09\/limites-terra-768x634-1-750x619.png 750w\" sizes=\"(max-width: 768px) 100vw, 768px\" \/><figcaption class=\"wp-element-caption\">Imagem: divulga\u00e7\u00e3o\/PIK<\/figcaption><\/figure>\n\n\n\n<h2 class=\"wp-block-heading\">O que a acidifica\u00e7\u00e3o dos oceanos significa para a Terra?<\/h2>\n\n\n\n<p>De acordo com o relat\u00f3rio, a acidifica\u00e7\u00e3o foi impulsionada pela queima de combust\u00edveis f\u00f3sseis e agravada pelo desmatamento. Esse problema arrisca o ecossistema marinho, como os corais, os recifes e outras formas de vida do mar.<\/p>\n\n\n\n<p>Segundo a ocean\u00f3grafa Dra. Sylvia Earle, o oceano atuou como o &#8220;estabilizador&#8221; da Terra por anos, &#8220;gerando oxig\u00eanio, moldando o clima e sustentando a diversidade da vida&#8221;. <em>&#8220;Hoje, a acidifica\u00e7\u00e3o \u00e9 uma luz vermelha de alerta no painel de instrumentos da estabilidade da Terra. Ignore-a e corremos o risco de colapsar os pr\u00f3prios alicerces do nosso mundo vivo. Proteja o oceano e n\u00f3s nos protegeremos&#8221;<\/em>, explica Earle.<\/p>\n\n\n\n<style>@media (min-width: 992px) {\n    .recomendadorV2Area1 {\n        width: 280px;\n    }\n    .recomendadorV2Area2 {\n        padding: 0px 20px;\n        width: calc(100% - 280px);\n    }\n}\n\n@media (max-width: 992px) {\n    .recomendadorV2Button {\n        margin: 0 auto;\n    }\n    .recomendadorV2Area {\n        flex-direction: column;\n        text-align: center;\n    }\n    .recomendadorV2Area2 {\n        padding: 0px 20px;\n    }\n}\n\n.recomendadorV2Area {\n    background: #eeeeee3d;\n    border-radius: 10px;\n    padding: 15px;\n    display: flex;\n    margin: 15px auto;\n    border: 1px solid #00000014;\n    max-width: 800px;\n}\n\n.recomendadorV2Area1 img {\n    width: 280px;\n    height: auto;\n    border-radius: 8px;\n}\n\n.linkrecomendadorv2 {\n    text-decoration: none !important;\n}\n\n.recomendadorV2Area2 .recomendadorV2Type {\n    text-transform: uppercase;\n    font-weight: 500;\n    font-size: 11px;\n    letter-spacing: 2px;\n    color: #666;\n    margin: 12px 0;\n    display: block;\n}\n\n.recomendadorV2Title h2 {\n    padding-top: 0px !important;\n    margin: 0px !important;\n    border-left: none !important;\n    padding-left: 0px !important;\n    line-height: 1.3;\n    color: #000 !important;\n    font-size: 24px;\n    margin-bottom: 12px !important;\n}\n\n.recomendadorV2Desc {\n    color: #333;\n    margin: 12px 0px !important;\n    font-size: 15px;\n    line-height: 1.5;\n}\n\n.recomendadorV2Button {\n    width: auto;\n    max-width: 200px;\n    margin: 0;\n    display: inline-flex;\n    align-items: center;\n    background: #1D3557;\n    border-radius: 8px;\n    color: #fff;\n    height: 36px;\n    justify-content: center;\n    text-align: center;\n    font-size: 14px;\n    padding: 0 20px;\n    transition: background-color 0.2s ease;\n}\n\n.recomendadorV2Button:hover {\n    background: #2a4d7a;\n}\n\n.recomendadorV2Button:after {\n    margin-top: -2px;\n    content: \"\u2192\";\n    padding: 0px 0px 0px 8px;\n}\n\n.recomendadorV2Alert {\n    text-align: left;\n    font-size: 11px;\n    margin-top: 8px;\n    color: #666;\n}\n\n.recomendadorFixedArea {\n    width: 100%;\n    display: flex;\n    justify-content: center;\n    align-items: center;\n}\n\n@media (min-width: 992px) {\n    #recomendadorFixed {\n        width: 32% !important;\n        left: 5%;\n    }\n    .recomendadorCloseFixed{\n        right: inherit !important;\n        left: 378px !important;\n    }\n}\n\n#recomendadorFixed {\n    width: 90%;\n    box-shadow: 0 10px 20px 0px #00000057;\n    display: none;\n    height: 90px;\n    background: #F6F6F6;\n    position: fixed;\n    flex-direction: row;\n    bottom: 10px;\n    z-index: 9999;\n    border-radius: 16px;\n    padding: 7px 10px;\n}\n\n.recomendadorLeftArea {\n    width: 160px;\n}\n\n.recomendadorRightArea h2 {\n    padding-top: 0px;\n    margin: 2px 0px 4px 0px !important;\n    font-weight: 400;\n    text-align: center;\n    padding-left: 0px !important;\n    color: #000 !important;\n    border-left: none !important;\n    line-height: 20px;\n    font-size: 12px !important;\n}\n\n.recomendadorImgFixed {\n    overflow: hidden;\n    padding: 8px 6px;\n    height: 100%;\n}\n\n.recomendadorImgFixed img {\n    height: 100% !important;\n    border-radius: 16px;\n}\n\n.recomendadorRightArea {\n    padding-top: 6px;\n    display: flex;\n    width: calc(100% - 130px);\n    justify-content: space-between;\n    align-items: center;\n    flex-direction: column;\n}\n\n.recomendadorButtonFixed {\n    margin: 0 auto;\n    background: #1D3557;\n    width: 80%;\n    text-align: center;\n    font-size: 10px;\n    color: #FFF;\n    padding: 2px 10px;\n    border-radius: 3px;\n}\n\n.recomendadorButtonFixed:after {\n    margin-top: -3px;\n    content: \"\u2192\";\n    padding: 0px 0px 0px 10px;\n}\n\n.recomendadorAlertFixed {\n    font-weight: 400;\n    text-align: center;\n    color: #484848;\n    font-size: 8px;\n}\n\n.recomendadorCloseFixed {\n    z-index: 99999;\n    display: none;\n    right: 0px;\n    left: inherit;\n    bottom: 99px;\n    position: fixed;\n    justify-content: center;\n    background: #F6F6F6;\n    width: 25px;\n    align-items: center;\n    height: 25px;\n    font-weight: 800;\n    border-radius: 50%;\n    border: 1px solid #EBEBEB;\n}\n\n.recomendadorV2Desc{\n    color: #000000;\n    margin: 20px 0px;\n}\n\n@media (max-width: 576px) {\n    .recomendadorV2Area {\n      padding: 10px;\n      max-width: 100%;\n    }\n  \n    .recomendadorV2Area1 img {\n      width: 100%;\n      border-radius: 6px;\n    }\n  \n    .recomendadorV2Area2 .recomendadorV2Type {\n      font-size: 9px;\n      letter-spacing: 1px;\n      margin: 8px 0;\n    }\n  \n    .recomendadorV2Title h2 {\n      font-size: 18px !important;\n      margin-bottom: 8px !important;\n      line-height: 1.2;\n    }\n  \n    .recomendadorV2Desc {\n      font-size: 14px;\n      margin: 8px 0 !important;\n      line-height: 1.4;\n    }\n  \n    .recomendadorV2Button {\n      font-size: 14px;\n      height: 40px;\n      padding: 0 12px;\n      max-width: 100%;\n      width: 100%;\n    }\n  \n    .recomendadorV2Button:after {\n      padding-left: 6px;\n    }\n  }\n  <\/style>\n        <div class=\"lazyblock-recomendador-v2-2jDGz wp-block-lazyblock-recomendador-v2\">\n        <a class=\"linkrecomendadorv2\" href=\"https:\/\/diariodocomercio.com.br\/mix\/cobrou-para-olhar-o-carro-nova-lei-pode-transformar-flanelinha-em-criminoso-e-dar-ate-8-anos-de-prisao\/\">\n            <div class=\"recomendadorV2Area\">\n            <div class=\"recomendadorV2Area1\">\n                <div class=\"recomendadorV2Img\">\n                <img class=\"lazyloaded\" decoding=\"async\" src=\"https:\/\/diariodocomercio.com.br\/mix\/wp-content\/uploads\/2025\/09\/flanelinha-1.jpg\" data-src=\"https:\/\/diariodocomercio.com.br\/mix\/wp-content\/uploads\/2025\/09\/flanelinha-1.jpg\" alt=\"\">\n                <\/div>\n            <\/div>\n            <div class=\"recomendadorV2Area2\">\n                <div class=\"recomendadorV2Type\">\n                    <span>LEI<\/span>\n                <\/div>\n                <div class=\"recomendadorV2Title\">\n                <h2><span>Cobrou para olhar o carro? Nova lei pode transformar flanelinha em criminoso e dar at\u00e9 8 anos de pris\u00e3o<\/span><\/h2>\n                <\/div>\n                <div class=\"recomendadorV2Desc\">\n                <span>Os flanelinhas, ou &quot;guardadores de carros&quot;, s\u00e3o figurinhas marcadas em qualquer grande cidade brasileira, mas a pr\u00e1tica pode se tornar crime.<\/span>\n                <\/div>\n                <div class=\"recomendadorV2Button\">Leia mais<\/div>\n                <div class=\"recomendadorV2Alert\"><\/div>\n            <\/div>\n            <\/div>\n        <\/a>\n        <div>\n            <div style=\"z-index:99999;\" id=\"buttonClose\" onclick=\"closeRecomendadorFixed()\">\n            <div class=\"recomendadorCloseFixed\">X<\/div>\n            <\/div>\n            <a href=\"https:\/\/diariodocomercio.com.br\/mix\/cobrou-para-olhar-o-carro-nova-lei-pode-transformar-flanelinha-em-criminoso-e-dar-ate-8-anos-de-prisao\/\">\n            <div class=\"recomendadorFixedArea\">\n                <div id=\"recomendadorFixed\">\n                <div class=\"recomendadorLeftArea\">\n                    <div class=\"recomendadorImgFixed\">\n                    <img class=\"lazyload\" decoding=\"async\" src=\"https:\/\/diariodocomercio.com.br\/mix\/wp-content\/uploads\/2025\/09\/flanelinha-1.jpg\" alt=\"\">\n                    <\/div>\n                <\/div>\n                <div class=\"recomendadorRightArea\">\n                    <div class=\"recomendadorTitleFixed\">\n                    <h2><span>Cobrou para olhar o carro? Nova lei pode transformar flanelinha em criminoso e dar at\u00e9 8 anos de pris\u00e3o<\/span><\/h2>\n                    <\/div>\n                    <div class=\"recomendadorButtonFixed\">Leia mais<\/div>\n                    <div class=\"recomendadorAlertFixed\"><\/div>\n                <\/div>\n                <\/div>\n            <\/div>\n            <\/a>\n        <\/div>\n        <\/div>\n","protected":false},"excerpt":{"rendered":"<p>A Terra passou o limite de acidifica\u00e7\u00e3o dos oceanos, segundo relat\u00f3rio do Instituto de Pesquisa de Impacto Clim\u00e1tico de Potsdam.<\/p>\n","protected":false},"author":6,"featured_media":6968,"comment_status":"closed","ping_status":"closed","sticky":false,"template":"","format":"standard","meta":{"jnews-multi-image_gallery":[],"jnews_single_post":{"format":"standard"},"jnews_primary_category":[],"jnews_social_meta":[],"jnews_override_counter":[],"jnews_post_split":[],"footnotes":""},"categories":[1],"tags":[],"class_list":["post-20387","post","type-post","status-publish","format-standard","has-post-thumbnail","hentry","category-geral"],"_referencia":"","_links":{"self":[{"href":"https:\/\/diariodocomercio.com.br\/mix\/wp-json\/wp\/v2\/posts\/20387","targetHints":{"allow":["GET"]}}],"collection":[{"href":"https:\/\/diariodocomercio.com.br\/mix\/wp-json\/wp\/v2\/posts"}],"about":[{"href":"https:\/\/diariodocomercio.com.br\/mix\/wp-json\/wp\/v2\/types\/post"}],"author":[{"embeddable":true,"href":"https:\/\/diariodocomercio.com.br\/mix\/wp-json\/wp\/v2\/users\/6"}],"replies":[{"embeddable":true,"href":"https:\/\/diariodocomercio.com.br\/mix\/wp-json\/wp\/v2\/comments?post=20387"}],"version-history":[{"count":1,"href":"https:\/\/diariodocomercio.com.br\/mix\/wp-json\/wp\/v2\/posts\/20387\/revisions"}],"predecessor-version":[{"id":20398,"href":"https:\/\/diariodocomercio.com.br\/mix\/wp-json\/wp\/v2\/posts\/20387\/revisions\/20398"}],"wp:featuredmedia":[{"embeddable":true,"href":"https:\/\/diariodocomercio.com.br\/mix\/wp-json\/wp\/v2\/media\/6968"}],"wp:attachment":[{"href":"https:\/\/diariodocomercio.com.br\/mix\/wp-json\/wp\/v2\/media?parent=20387"}],"wp:term":[{"taxonomy":"category","embeddable":true,"href":"https:\/\/diariodocomercio.com.br\/mix\/wp-json\/wp\/v2\/categories?post=20387"},{"taxonomy":"post_tag","embeddable":true,"href":"https:\/\/diariodocomercio.com.br\/mix\/wp-json\/wp\/v2\/tags?post=20387"}],"curies":[{"name":"wp","href":"https:\/\/api.w.org\/{rel}","templated":true}]}}