{"id":20389,"date":"2025-09-26T09:53:19","date_gmt":"2025-09-26T12:53:19","guid":{"rendered":"https:\/\/diariodocomercio.com.br\/mix\/?p=20389"},"modified":"2025-09-26T09:53:22","modified_gmt":"2025-09-26T12:53:22","slug":"sao-paulo-entra-em-estado-de-emergencia-e-governo-alerta-pode-faltar-agua-na-sua-casa","status":"publish","type":"post","link":"https:\/\/diariodocomercio.com.br\/mix\/sao-paulo-entra-em-estado-de-emergencia-e-governo-alerta-pode-faltar-agua-na-sua-casa\/","title":{"rendered":"S\u00e3o Paulo entra em estado de emerg\u00eancia e governo alerta: Pode faltar \u00e1gua na sua casa"},"content":{"rendered":"\n<p>O governo de S\u00e3o Paulo decretou nesta sexta-feira (19)&nbsp;<strong>estado de emerg\u00eancia h\u00eddrica<\/strong>&nbsp;diante da queda acentuada nos n\u00edveis dos reservat\u00f3rios que abastecem a capital e a regi\u00e3o metropolitana.<\/p>\n\n\n\n<p>De acordo com boletim da&nbsp;<strong>Sabesp<\/strong>, o&nbsp;<strong>Sistema Integrado Metropolitano (SIM)<\/strong>&nbsp;opera hoje com apenas&nbsp;<strong>32,5% da capacidade<\/strong>, contra 51,5% no mesmo per\u00edodo de 2024.<\/p>\n\n\n\n<p>Entre as a\u00e7\u00f5es anunciadas est\u00e3o:<\/p>\n\n\n\n<ul class=\"wp-block-list\">\n<li>Amplia\u00e7\u00e3o do\u00a0<strong>Gerenciamento da Demanda Noturna (GDN)<\/strong>\u00a0de oito para dez horas, funcionando das 19h \u00e0s 5h;<\/li>\n\n\n\n<li><strong>Redu\u00e7\u00e3o da press\u00e3o<\/strong>\u00a0da \u00e1gua durante o dia para diminuir perdas na rede.<\/li>\n<\/ul>\n\n\n\n<p>Segundo a companhia, medidas semelhantes aplicadas em agosto resultaram na economia de&nbsp;<strong>7,2 bilh\u00f5es de litros<\/strong>, volume suficiente para abastecer 800 mil pessoas por um m\u00eas.<\/p>\n\n\n\n<h2 class=\"wp-block-heading\"><strong>Falta de chuvas agrava situa\u00e7\u00e3o dos mananciais<\/strong><\/h2>\n\n\n\n<p>O cen\u00e1rio \u00e9 consequ\u00eancia direta da estiagem. Em agosto, choveu apenas&nbsp;<strong>3 mm<\/strong>&nbsp;na bacia PCJ (Piracicaba\/Capivari\/Jundia\u00ed), bem abaixo da m\u00e9dia hist\u00f3rica de 29 mm. No Alto Tiet\u00ea, o \u00edndice esperado era de 32 mm, mas apenas 11 foram registrados.<\/p>\n\n\n\n<p>Atualmente, os sistemas&nbsp;<strong>Cantareira<\/strong>&nbsp;e&nbsp;<strong>Alto Tiet\u00ea<\/strong>, respons\u00e1veis por 80% da capacidade do SIM, operam com&nbsp;<strong>30,3% e 26,1%<\/strong>&nbsp;do volume total, respectivamente. A m\u00e9dia de queda na \u00faltima semana foi de 0,26% ao dia.<\/p>\n\n\n\n<p>\u201cO cen\u00e1rio h\u00eddrico justifica medidas preventivas para aumentar a oferta e reduzir a capta\u00e7\u00e3o, al\u00e9m da prepara\u00e7\u00e3o para a\u00e7\u00f5es mais restritivas em caso de agravamento\u201d, afirmou&nbsp;<strong>Camila Viana<\/strong>, presidente da SP \u00c1guas.<\/p>\n\n\n\n<h2 class=\"wp-block-heading\"><strong>Cantareira sob restri\u00e7\u00e3o a partir de outubro<\/strong><\/h2>\n\n\n\n<p>A&nbsp;<strong>Ag\u00eancia Nacional de \u00c1guas (ANA)<\/strong>&nbsp;e a&nbsp;<strong>SP \u00c1guas<\/strong>&nbsp;confirmaram que o&nbsp;<strong>Sistema Cantareira<\/strong>&nbsp;passar\u00e1 a operar sob&nbsp;<strong>Faixa de Restri\u00e7\u00e3o<\/strong>&nbsp;a partir de 1\u00ba de outubro. \u00c9 a primeira vez desde janeiro de 2022 que o manancial entra nesse n\u00edvel de alerta.<\/p>\n\n\n\n<p>Com a mudan\u00e7a, ficam suspensas novas outorgas de uso da \u00e1gua nas bacias do Alto Tiet\u00ea e Piracicaba, e a fiscaliza\u00e7\u00e3o ser\u00e1 intensificada.<\/p>\n\n\n\n<p>\u201cChoveu muito aqu\u00e9m do esperado, mas nosso trabalho agora \u00e9 antecipar medidas para evitar que a situa\u00e7\u00e3o piore\u201d, disse&nbsp;<strong>Nat\u00e1lia Resende<\/strong>, secret\u00e1ria estadual de Meio Ambiente, Infraestrutura e Log\u00edstica.<\/p>\n\n\n\n<p>Apesar do quadro cr\u00edtico, a secret\u00e1ria descartou a ado\u00e7\u00e3o de rod\u00edzio no abastecimento. \u201cO estado est\u00e1 mais resiliente do que em 2014 e 2015\u201d, garantiu, em refer\u00eancia \u00e0 crise h\u00eddrica da \u00faltima d\u00e9cada.<\/p>\n\n\n\n<h2 class=\"wp-block-heading\"><strong>Popula\u00e7\u00e3o deve colaborar<\/strong><\/h2>\n\n\n\n<p>Al\u00e9m das medidas estruturais, o governo refor\u00e7ou o pedido para que os moradores adotem pr\u00e1ticas de economia de \u00e1gua no dia a dia. Banhos mais curtos, redu\u00e7\u00e3o do uso de mangueiras e aten\u00e7\u00e3o a vazamentos est\u00e3o entre as orienta\u00e7\u00f5es.<\/p>\n\n\n\n<p>\u201cO consumo consciente faz diferen\u00e7a e ajuda a preservar a seguran\u00e7a h\u00eddrica da regi\u00e3o\u201d, afirmou Viana.<\/p>\n","protected":false},"excerpt":{"rendered":"<p>O governo de S\u00e3o Paulo decretou nesta sexta-feira (19)&nbsp;estado de emerg\u00eancia h\u00eddrica&nbsp;diante da queda acentuada nos n\u00edveis dos reservat\u00f3rios que abastecem a capital e a regi\u00e3o metropolitana. De acordo com boletim da&nbsp;Sabesp, o&nbsp;Sistema Integrado Metropolitano (SIM)&nbsp;opera hoje com apenas&nbsp;32,5% da capacidade, contra 51,5% no mesmo per\u00edodo de 2024. Entre as a\u00e7\u00f5es anunciadas est\u00e3o: Segundo a [&hellip;]<\/p>\n","protected":false},"author":9,"featured_media":15157,"comment_status":"closed","ping_status":"closed","sticky":false,"template":"","format":"standard","meta":{"jnews-multi-image_gallery":[],"jnews_single_post":{"format":"standard"},"jnews_primary_category":[],"jnews_social_meta":[],"jnews_override_counter":[],"jnews_post_split":[],"footnotes":""},"categories":[1],"tags":[],"class_list":["post-20389","post","type-post","status-publish","format-standard","has-post-thumbnail","hentry","category-geral"],"_referencia":"","_links":{"self":[{"href":"https:\/\/diariodocomercio.com.br\/mix\/wp-json\/wp\/v2\/posts\/20389","targetHints":{"allow":["GET"]}}],"collection":[{"href":"https:\/\/diariodocomercio.com.br\/mix\/wp-json\/wp\/v2\/posts"}],"about":[{"href":"https:\/\/diariodocomercio.com.br\/mix\/wp-json\/wp\/v2\/types\/post"}],"author":[{"embeddable":true,"href":"https:\/\/diariodocomercio.com.br\/mix\/wp-json\/wp\/v2\/users\/9"}],"replies":[{"embeddable":true,"href":"https:\/\/diariodocomercio.com.br\/mix\/wp-json\/wp\/v2\/comments?post=20389"}],"version-history":[{"count":1,"href":"https:\/\/diariodocomercio.com.br\/mix\/wp-json\/wp\/v2\/posts\/20389\/revisions"}],"predecessor-version":[{"id":20391,"href":"https:\/\/diariodocomercio.com.br\/mix\/wp-json\/wp\/v2\/posts\/20389\/revisions\/20391"}],"wp:featuredmedia":[{"embeddable":true,"href":"https:\/\/diariodocomercio.com.br\/mix\/wp-json\/wp\/v2\/media\/15157"}],"wp:attachment":[{"href":"https:\/\/diariodocomercio.com.br\/mix\/wp-json\/wp\/v2\/media?parent=20389"}],"wp:term":[{"taxonomy":"category","embeddable":true,"href":"https:\/\/diariodocomercio.com.br\/mix\/wp-json\/wp\/v2\/categories?post=20389"},{"taxonomy":"post_tag","embeddable":true,"href":"https:\/\/diariodocomercio.com.br\/mix\/wp-json\/wp\/v2\/tags?post=20389"}],"curies":[{"name":"wp","href":"https:\/\/api.w.org\/{rel}","templated":true}]}}