{"id":20396,"date":"2025-09-26T10:23:00","date_gmt":"2025-09-26T13:23:00","guid":{"rendered":"https:\/\/diariodocomercio.com.br\/mix\/?p=20396"},"modified":"2025-09-26T10:23:02","modified_gmt":"2025-09-26T13:23:02","slug":"marinha-emite-comunicado-e-lugar-muito-movimentado-no-brasil-e-interditado","status":"publish","type":"post","link":"https:\/\/diariodocomercio.com.br\/mix\/marinha-emite-comunicado-e-lugar-muito-movimentado-no-brasil-e-interditado\/","title":{"rendered":"Marinha emite comunicado e lugar muito movimentado no Brasil \u00e9 interditado"},"content":{"rendered":"\n<p>A&nbsp;<strong>Marinha do Brasil<\/strong>&nbsp;emitiu um aviso de ressaca para o litoral carioca, v\u00e1lido das 12h de quinta-feira (25) at\u00e9 as 6h desta sexta-feira (26). Durante o per\u00edodo, eram esperadas ondas de at\u00e9&nbsp;<strong>2,5 metros de altura<\/strong>.<\/p>\n\n\n\n<p>Por conta do risco, a&nbsp;<strong>Ciclovia Tim Maia<\/strong>, na&nbsp;<strong>Avenida Niemeyer<\/strong>, foi totalmente&nbsp;<strong>interditada<\/strong>&nbsp;entre os bairros do&nbsp;<strong>Leblon e S\u00e3o Conrado<\/strong>, na Zona Sul do Rio. A decis\u00e3o foi tomada na noite de quinta-feira, ap\u00f3s o registro de ondas que ultrapassaram dois metros de altura.<\/p>\n\n\n\n<p>Mesmo ap\u00f3s o fim do alerta oficial, o fechamento continua como medida preventiva.<\/p>\n\n\n\n<p>O&nbsp;<strong>Centro de Opera\u00e7\u00f5es Rio (COR)<\/strong>&nbsp;divulgou uma lista de orienta\u00e7\u00f5es para reduzir riscos durante o per\u00edodo de mar agitado:<\/p>\n\n\n\n<ul class=\"wp-block-list\">\n<li>Evitar o banho de mar;<\/li>\n\n\n\n<li>N\u00e3o praticar esportes aqu\u00e1ticos;<\/li>\n\n\n\n<li>Evitar perman\u00eancia em mirantes ou \u00e1reas muito pr\u00f3ximas ao mar;<\/li>\n\n\n\n<li>Seguir as orienta\u00e7\u00f5es do Corpo de Bombeiros nas praias;<\/li>\n\n\n\n<li>Pescadores devem suspender a navega\u00e7\u00e3o;<\/li>\n\n\n\n<li>Evitar circular de bicicleta na orla;<\/li>\n\n\n\n<li>Em caso de acidentes no mar, acionar o Corpo de Bombeiros pelo n\u00famero\u00a0<strong>193<\/strong>\u00a0\u2014 sem tentar resgates por conta pr\u00f3pria.<\/li>\n<\/ul>\n\n\n\n<h2 class=\"wp-block-heading\"><strong>Hist\u00f3rico de acidentes graves<\/strong><\/h2>\n\n\n\n<p>A interdi\u00e7\u00e3o da ciclovia ocorre tamb\u00e9m pela mem\u00f3ria de um acidente tr\u00e1gico. Em&nbsp;<strong>2016<\/strong>, um trecho de 26 metros da estrutura desabou ap\u00f3s ser atingido por uma onda, apenas tr\u00eas meses ap\u00f3s a inaugura\u00e7\u00e3o. Na ocasi\u00e3o,&nbsp;<strong>duas pessoas morreram<\/strong>&nbsp;ao serem arrastadas para o mar.<\/p>\n\n\n\n<p>O epis\u00f3dio refor\u00e7a a necessidade de cautela durante ressacas intensas e explica o rigor das medidas de seguran\u00e7a atuais.<\/p>\n\n\n\n<h2 class=\"wp-block-heading\"><strong>Previs\u00e3o do tempo<\/strong><\/h2>\n\n\n\n<p>Segundo o sistema&nbsp;<strong>Alerta Rio<\/strong>, as condi\u00e7\u00f5es seguem influenciadas pela umidade vinda do oceano. O c\u00e9u deve variar entre&nbsp;<strong>nublado e parcialmente nublado<\/strong>, com possibilidade de&nbsp;<strong>chuviscos ou chuva fraca isolada<\/strong>&nbsp;at\u00e9 o fim da manh\u00e3 desta sexta.<\/p>\n\n\n\n<p>Os ventos permanecem de intensidade&nbsp;<strong>fraca a moderada<\/strong>, e a&nbsp;<strong>temperatura m\u00e1xima prevista \u00e9 de 26\u00b0C<\/strong>.<\/p>\n","protected":false},"excerpt":{"rendered":"<p>A&nbsp;Marinha do Brasil&nbsp;emitiu um aviso de ressaca para o litoral carioca, v\u00e1lido das 12h de quinta-feira (25) at\u00e9 as 6h desta sexta-feira (26). Durante o per\u00edodo, eram esperadas ondas de at\u00e9&nbsp;2,5 metros de altura. Por conta do risco, a&nbsp;Ciclovia Tim Maia, na&nbsp;Avenida Niemeyer, foi totalmente&nbsp;interditada&nbsp;entre os bairros do&nbsp;Leblon e S\u00e3o Conrado, na Zona Sul do [&hellip;]<\/p>\n","protected":false},"author":9,"featured_media":17416,"comment_status":"closed","ping_status":"closed","sticky":false,"template":"","format":"standard","meta":{"jnews-multi-image_gallery":[],"jnews_single_post":{"format":"standard"},"jnews_primary_category":[],"jnews_social_meta":[],"jnews_override_counter":[],"jnews_post_split":[],"footnotes":""},"categories":[1],"tags":[],"class_list":["post-20396","post","type-post","status-publish","format-standard","has-post-thumbnail","hentry","category-geral"],"_referencia":"","_links":{"self":[{"href":"https:\/\/diariodocomercio.com.br\/mix\/wp-json\/wp\/v2\/posts\/20396","targetHints":{"allow":["GET"]}}],"collection":[{"href":"https:\/\/diariodocomercio.com.br\/mix\/wp-json\/wp\/v2\/posts"}],"about":[{"href":"https:\/\/diariodocomercio.com.br\/mix\/wp-json\/wp\/v2\/types\/post"}],"author":[{"embeddable":true,"href":"https:\/\/diariodocomercio.com.br\/mix\/wp-json\/wp\/v2\/users\/9"}],"replies":[{"embeddable":true,"href":"https:\/\/diariodocomercio.com.br\/mix\/wp-json\/wp\/v2\/comments?post=20396"}],"version-history":[{"count":1,"href":"https:\/\/diariodocomercio.com.br\/mix\/wp-json\/wp\/v2\/posts\/20396\/revisions"}],"predecessor-version":[{"id":20403,"href":"https:\/\/diariodocomercio.com.br\/mix\/wp-json\/wp\/v2\/posts\/20396\/revisions\/20403"}],"wp:featuredmedia":[{"embeddable":true,"href":"https:\/\/diariodocomercio.com.br\/mix\/wp-json\/wp\/v2\/media\/17416"}],"wp:attachment":[{"href":"https:\/\/diariodocomercio.com.br\/mix\/wp-json\/wp\/v2\/media?parent=20396"}],"wp:term":[{"taxonomy":"category","embeddable":true,"href":"https:\/\/diariodocomercio.com.br\/mix\/wp-json\/wp\/v2\/categories?post=20396"},{"taxonomy":"post_tag","embeddable":true,"href":"https:\/\/diariodocomercio.com.br\/mix\/wp-json\/wp\/v2\/tags?post=20396"}],"curies":[{"name":"wp","href":"https:\/\/api.w.org\/{rel}","templated":true}]}}