{"id":20404,"date":"2025-09-26T10:38:55","date_gmt":"2025-09-26T13:38:55","guid":{"rendered":"https:\/\/diariodocomercio.com.br\/mix\/?p=20404"},"modified":"2025-09-26T10:38:57","modified_gmt":"2025-09-26T13:38:57","slug":"46-mil-pessoas-terao-que-ressarcir-o-governo-por-pegar-auxilio-emergencial-em-2020","status":"publish","type":"post","link":"https:\/\/diariodocomercio.com.br\/mix\/46-mil-pessoas-terao-que-ressarcir-o-governo-por-pegar-auxilio-emergencial-em-2020\/","title":{"rendered":"4,6 mil pessoas ter\u00e3o que ressarcir o Governo por pegar Aux\u00edlio Emergencial em 2020"},"content":{"rendered":"\n<p>O&nbsp;<strong>Governo Federal<\/strong>&nbsp;come\u00e7ou a cobrar a devolu\u00e7\u00e3o de valores recebidos indevidamente do&nbsp;<strong>Aux\u00edlio Emergencial<\/strong>, pago entre 2020 e 2021, durante a pandemia de Covid-19. S\u00f3 na regi\u00e3o de&nbsp;<strong>Campinas (SP)<\/strong>, cerca de&nbsp;<strong>4,6 mil pessoas<\/strong>&nbsp;foram identificadas pelo Minist\u00e9rio do Desenvolvimento e Assist\u00eancia Social, Fam\u00edlia e Combate \u00e0 Fome (MDS).<\/p>\n\n\n\n<p>As notifica\u00e7\u00f5es v\u00eam sendo feitas desde 6 de mar\u00e7o de 2025, por\u00a0<strong>SMS, e-mail e pelo aplicativo Notifica<\/strong>. Os cidad\u00e3os podem verificar a situa\u00e7\u00e3o do benef\u00edcio no sistema\u00a0<strong>VEJAE<\/strong>, dispon\u00edvel no site do MDS mediante login com CPF e senha Gov.br.<\/p>\n\n\n\n<p>Segundo o governo, devem ressarcir os valores os benefici\u00e1rios que n\u00e3o atendiam aos crit\u00e9rios previstos em lei no momento do recebimento, como:<\/p>\n\n\n\n<ul class=\"wp-block-list\">\n<li><strong>Renda per capita superior a dois sal\u00e1rios m\u00ednimos<\/strong>;<\/li>\n\n\n\n<li><strong>D\u00edvida igual ou superior a R$ 1,8 mil<\/strong>.<\/li>\n<\/ul>\n\n\n\n<p>O levantamento foi feito com base em relat\u00f3rios t\u00e9cnicos e cruzamento de dados, amparados pela&nbsp;<strong>Lei 14.284\/2021<\/strong>&nbsp;e pelo&nbsp;<strong>Decreto 10.990\/2022<\/strong>.<\/p>\n\n\n\n<h2 class=\"wp-block-heading\"><strong>Como regularizar a situa\u00e7\u00e3o<\/strong><\/h2>\n\n\n\n<p>O ressarcimento pode ser feito&nbsp;<strong>\u00e0 vista ou em at\u00e9 60 parcelas<\/strong>. Quem considerar a cobran\u00e7a indevida pode apresentar defesa, anexando documentos que comprovem a regularidade, a ser analisada em at\u00e9 30 dias.<\/p>\n\n\n\n<p>O MDS disponibilizou em seu site um&nbsp;<strong>guia do VEJAE<\/strong>&nbsp;com instru\u00e7\u00f5es detalhadas, perguntas frequentes e orienta\u00e7\u00f5es sobre como quitar os d\u00e9bitos.<\/p>\n\n\n\n<h2 class=\"wp-block-heading\"><strong>O que acontece se n\u00e3o devolver<\/strong><\/h2>\n\n\n\n<p>Quem n\u00e3o regularizar a situa\u00e7\u00e3o poder\u00e1 ter o d\u00e9bito inscrito na&nbsp;<strong>D\u00edvida Ativa da Uni\u00e3o<\/strong>, com possibilidade de:<\/p>\n\n\n\n<ul class=\"wp-block-list\">\n<li><strong>Restri\u00e7\u00f5es de cr\u00e9dito<\/strong>, como protesto em cart\u00f3rio e inclus\u00e3o no Serasa;<\/li>\n\n\n\n<li><strong>Bloqueio de patrim\u00f4nio<\/strong>, com averba\u00e7\u00e3o pr\u00e9-execut\u00f3ria;<\/li>\n\n\n\n<li><strong>Perda de bens<\/strong>, por meio de leil\u00e3o judicial ou adjudica\u00e7\u00e3o.<\/li>\n<\/ul>\n\n\n\n<p>O governo refor\u00e7a que a medida busca garantir a devolu\u00e7\u00e3o de recursos p\u00fablicos que foram pagos de forma irregular, preservando a legalidade e a transpar\u00eancia no uso dos aux\u00edlios emergenciais.<\/p>\n","protected":false},"excerpt":{"rendered":"<p>O&nbsp;Governo Federal&nbsp;come\u00e7ou a cobrar a devolu\u00e7\u00e3o de valores recebidos indevidamente do&nbsp;Aux\u00edlio Emergencial, pago entre 2020 e 2021, durante a pandemia de Covid-19. S\u00f3 na regi\u00e3o de&nbsp;Campinas (SP), cerca de&nbsp;4,6 mil pessoas&nbsp;foram identificadas pelo Minist\u00e9rio do Desenvolvimento e Assist\u00eancia Social, Fam\u00edlia e Combate \u00e0 Fome (MDS). As notifica\u00e7\u00f5es v\u00eam sendo feitas desde 6 de mar\u00e7o de [&hellip;]<\/p>\n","protected":false},"author":9,"featured_media":5543,"comment_status":"closed","ping_status":"closed","sticky":false,"template":"","format":"standard","meta":{"jnews-multi-image_gallery":[],"jnews_single_post":{"format":"standard"},"jnews_primary_category":[],"jnews_social_meta":[],"jnews_override_counter":[],"jnews_post_split":[],"footnotes":""},"categories":[1],"tags":[],"class_list":["post-20404","post","type-post","status-publish","format-standard","has-post-thumbnail","hentry","category-geral"],"_referencia":"","_links":{"self":[{"href":"https:\/\/diariodocomercio.com.br\/mix\/wp-json\/wp\/v2\/posts\/20404","targetHints":{"allow":["GET"]}}],"collection":[{"href":"https:\/\/diariodocomercio.com.br\/mix\/wp-json\/wp\/v2\/posts"}],"about":[{"href":"https:\/\/diariodocomercio.com.br\/mix\/wp-json\/wp\/v2\/types\/post"}],"author":[{"embeddable":true,"href":"https:\/\/diariodocomercio.com.br\/mix\/wp-json\/wp\/v2\/users\/9"}],"replies":[{"embeddable":true,"href":"https:\/\/diariodocomercio.com.br\/mix\/wp-json\/wp\/v2\/comments?post=20404"}],"version-history":[{"count":1,"href":"https:\/\/diariodocomercio.com.br\/mix\/wp-json\/wp\/v2\/posts\/20404\/revisions"}],"predecessor-version":[{"id":20407,"href":"https:\/\/diariodocomercio.com.br\/mix\/wp-json\/wp\/v2\/posts\/20404\/revisions\/20407"}],"wp:featuredmedia":[{"embeddable":true,"href":"https:\/\/diariodocomercio.com.br\/mix\/wp-json\/wp\/v2\/media\/5543"}],"wp:attachment":[{"href":"https:\/\/diariodocomercio.com.br\/mix\/wp-json\/wp\/v2\/media?parent=20404"}],"wp:term":[{"taxonomy":"category","embeddable":true,"href":"https:\/\/diariodocomercio.com.br\/mix\/wp-json\/wp\/v2\/categories?post=20404"},{"taxonomy":"post_tag","embeddable":true,"href":"https:\/\/diariodocomercio.com.br\/mix\/wp-json\/wp\/v2\/tags?post=20404"}],"curies":[{"name":"wp","href":"https:\/\/api.w.org\/{rel}","templated":true}]}}