{"id":2042,"date":"2025-01-22T22:16:41","date_gmt":"2025-01-23T01:16:41","guid":{"rendered":"https:\/\/diariodocomercio.com.br\/mix\/?p=2042"},"modified":"2025-01-22T22:16:42","modified_gmt":"2025-01-23T01:16:42","slug":"trump-e-processado-ja-no-1o-dia-do-novo-mandato","status":"publish","type":"post","link":"https:\/\/diariodocomercio.com.br\/mix\/trump-e-processado-ja-no-1o-dia-do-novo-mandato\/","title":{"rendered":"Trump \u00e9 processado j\u00e1 no 1\u00ba dia do novo mandato"},"content":{"rendered":"\n<p>Donald Trump voltou a ser eleito presidente dos Estados Unidos ap\u00f3s seu controverso mandato entre 2017 e 2020 e tomou posse na \u00faltima segunda-feira (20). Apenas em seu primeiro dia de mandato, o governo do republicano j\u00e1 est\u00e1 enfrentando o seu primeiro processo.<\/p>\n\n\n\n<p>O Departamento de Efici\u00eancia do Governo de Elon Musk, ou DOGE, est\u00e1 sendo processado por um grupo de defesa de interesse p\u00fablico, o National Security Counselors, segundo a Forbes. No documento do processo, o grupo afirma que o DOGE n\u00e3o atende aos requisitos necess\u00e1rios para ser um comit\u00ea consultivo federal, como ele se classifica. Algumas dessas exig\u00eancias s\u00e3o manter uma composi\u00e7\u00e3o equilibrada, manter atas e realizar reuni\u00f5es p\u00fablicas.<\/p>\n\n\n\n<p>Outra acusa\u00e7\u00e3o do processo \u00e9 que os comit\u00eas consultivos t\u00eam um dever \u201cn\u00e3o discricion\u00e1rio\u201d de <em>\u201cn\u00e3o ser indevidamente influenciados pela autoridade nomeadora ou por qualquer interesse especial&#8221;<\/em>. Os autores do processo acusam Trump e outros nomes de &#8220;influenciarem indevidamente&#8221; o comit\u00ea.<\/p>\n\n\n\n<p>Kel McClanahan, o diretor executivo do grupo que est\u00e1 movendo o processo, afirmou \u00e0 Forbes que o DOGE, da forma como est\u00e1 constitu\u00eddo, <em>&#8220;carece da expertise necess\u00e1ria para compreender como suas recomenda\u00e7\u00f5es podem ter efeitos contr\u00e1rios, ao afastar trabalhadores federais sem entender, inicialmente, por que eles est\u00e3o l\u00e1.\u201d<\/em><\/p>\n\n\n\n<p>Entre os r\u00e9us do processo, Elon Musk e o presidente Donald Trump est\u00e3o mencionados. A a\u00e7\u00e3o busca impedir que o DOGE realize qualquer neg\u00f3cio oficial at\u00e9 cumprir todas as exig\u00eancias para ser um comit\u00ea consultivo federal.<\/p>\n\n\n\n<h2 class=\"wp-block-heading\">Qual a fun\u00e7\u00e3o do DOGE?<\/h2>\n\n\n\n<p>A ideia do DOGE partiu do CEO da Tesla, Elon Musk, que apresentou o projeto pela primeira vez em setembro, antes mesmo de Trump ter sido reeleito. Musk e Vivek Ramaswamy publicaram um artigo de opini\u00e3o no The Wall Street Journal abordando quest\u00f5es como o excesso de gastos federais e a redu\u00e7\u00e3o da <em>\u201cenorme quantidade de desperd\u00edcio, fraude e abusos que quase todos os contribuintes desejam eliminar\u201d.<\/em> O objetivo desse comit\u00ea seria justamente <em>\u201celiminar regula\u00e7\u00f5es excessivas, cortar gastos desnecess\u00e1rios e reestruturar ag\u00eancias federais\u201d<\/em>.<\/p>\n","protected":false},"excerpt":{"rendered":"<p>O DOGE, comit\u00ea do governo Trump coliderado por Elon Musk, est\u00e1 sendo processado por grupo de interesse p\u00fablico.<\/p>\n","protected":false},"author":6,"featured_media":2043,"comment_status":"closed","ping_status":"closed","sticky":false,"template":"","format":"standard","meta":{"jnews-multi-image_gallery":[],"jnews_single_post":{"format":"standard"},"jnews_primary_category":[],"jnews_social_meta":[],"jnews_override_counter":[],"jnews_post_split":[],"footnotes":""},"categories":[1],"tags":[],"class_list":["post-2042","post","type-post","status-publish","format-standard","has-post-thumbnail","hentry","category-geral"],"_referencia":"","_links":{"self":[{"href":"https:\/\/diariodocomercio.com.br\/mix\/wp-json\/wp\/v2\/posts\/2042","targetHints":{"allow":["GET"]}}],"collection":[{"href":"https:\/\/diariodocomercio.com.br\/mix\/wp-json\/wp\/v2\/posts"}],"about":[{"href":"https:\/\/diariodocomercio.com.br\/mix\/wp-json\/wp\/v2\/types\/post"}],"author":[{"embeddable":true,"href":"https:\/\/diariodocomercio.com.br\/mix\/wp-json\/wp\/v2\/users\/6"}],"replies":[{"embeddable":true,"href":"https:\/\/diariodocomercio.com.br\/mix\/wp-json\/wp\/v2\/comments?post=2042"}],"version-history":[{"count":1,"href":"https:\/\/diariodocomercio.com.br\/mix\/wp-json\/wp\/v2\/posts\/2042\/revisions"}],"predecessor-version":[{"id":2044,"href":"https:\/\/diariodocomercio.com.br\/mix\/wp-json\/wp\/v2\/posts\/2042\/revisions\/2044"}],"wp:featuredmedia":[{"embeddable":true,"href":"https:\/\/diariodocomercio.com.br\/mix\/wp-json\/wp\/v2\/media\/2043"}],"wp:attachment":[{"href":"https:\/\/diariodocomercio.com.br\/mix\/wp-json\/wp\/v2\/media?parent=2042"}],"wp:term":[{"taxonomy":"category","embeddable":true,"href":"https:\/\/diariodocomercio.com.br\/mix\/wp-json\/wp\/v2\/categories?post=2042"},{"taxonomy":"post_tag","embeddable":true,"href":"https:\/\/diariodocomercio.com.br\/mix\/wp-json\/wp\/v2\/tags?post=2042"}],"curies":[{"name":"wp","href":"https:\/\/api.w.org\/{rel}","templated":true}]}}