{"id":20432,"date":"2025-09-28T08:03:00","date_gmt":"2025-09-28T11:03:00","guid":{"rendered":"https:\/\/diariodocomercio.com.br\/mix\/?p=20432"},"modified":"2025-09-26T12:50:02","modified_gmt":"2025-09-26T15:50:02","slug":"voce-nasceu-depois-de-1981-faca-isso-imediatamente-para-garantir-a-sua-aposentadoria-no-futuro","status":"publish","type":"post","link":"https:\/\/diariodocomercio.com.br\/mix\/voce-nasceu-depois-de-1981-faca-isso-imediatamente-para-garantir-a-sua-aposentadoria-no-futuro\/","title":{"rendered":"Voc\u00ea nasceu depois de 1981? Fa\u00e7a isso imediatamente para garantir a sua aposentadoria no futuro"},"content":{"rendered":"\n<p>Os gastos do governo federal com a<strong> previd\u00eancia social <\/strong>est\u00e3o programados para superar R$ 1,11 trilh\u00e3o em 2026, conforme o Projeto de Lei Or\u00e7ament\u00e1ria Anual (PLOA) divulgado em agosto de 2025. Este crescimento reflete um desafio significativo para o or\u00e7amento federal, pois a previd\u00eancia absorver\u00e1 a maior parte dos recursos, superando setores essenciais como sa\u00fade e educa\u00e7\u00e3o.<\/p>\n\n\n\n<p>A situa\u00e7\u00e3o coloca uma press\u00e3o sobre as finan\u00e7as p\u00fablicas e levanta questionamentos sobre a sustenta\u00e7\u00e3o do sistema de aposentadoria.<\/p>\n\n\n\n<p>Atualmente, o sistema de previd\u00eancia social consome aproximadamente <strong>45% do or\u00e7amento do governo federal, <\/strong>destacando-se como o principal gasto do pa\u00eds. Um dos fatores cr\u00edticos s\u00e3o as proje\u00e7\u00f5es demogr\u00e1ficas.&nbsp;<\/p>\n\n\n\n<p>Estima-se que at\u00e9 2050, a rela\u00e7\u00e3o entre contribuintes ativos e benefici\u00e1rios possa ficar muito pr\u00f3xima de um equil\u00edbrio de 1 para 1, agravada por envelhecimento populacional, aumento da expectativa de vida e a diminui\u00e7\u00e3o da taxa de natalidade. Esses fatores podem for\u00e7ar o governo a considerar medidas dif\u00edceis, como aumento das contribui\u00e7\u00f5es previdenci\u00e1rias ou eleva\u00e7\u00e3o da idade m\u00ednima para aposentadoria.<\/p>\n\n\n\n<h2 class=\"wp-block-heading\">Impactos demogr\u00e1ficos e financeiros<\/h2>\n\n\n\n<p>Com as mudan\u00e7as demogr\u00e1ficas projetadas, o d\u00e9ficit previdenci\u00e1rio poder\u00e1 continuar crescendo. O envelhecimento populacional implica em um n\u00famero crescente de benefici\u00e1rios da previd\u00eancia, enquanto a base de contribuintes n\u00e3o cresce na mesma propor\u00e7\u00e3o.<\/p>\n\n\n\n<p>Neste cen\u00e1rio, qualquer altera\u00e7\u00e3o no sistema pode impactar profundamente a economia do pa\u00eds e a seguran\u00e7a financeira dos futuros aposentados.<\/p>\n\n\n\n<p>A situa\u00e7\u00e3o financeira exige n\u00e3o apenas solu\u00e7\u00f5es imediatas, mas reformas estruturais que garantam a viabilidade do sistema previdenci\u00e1rio a longo prazo. O modelo atual, de reparti\u00e7\u00e3o simples, j\u00e1 apresenta sinais de desgaste, e a falta de sustenta\u00e7\u00e3o fiscal \u00e9 uma preocupa\u00e7\u00e3o crescente entre especialistas da \u00e1rea.<\/p>\n\n\n\n<h2 class=\"wp-block-heading\">Previd\u00eancia complementar<\/h2>\n\n\n\n<p>Diante da press\u00e3o sobre o sistema p\u00fablico,<strong> a previd\u00eancia complementar surge como uma alternativa<\/strong> potencial para os trabalhadores atuais e futuros.<\/p>\n\n\n\n<p>Atualmente, somente 11% da popula\u00e7\u00e3o adulta brasileira est\u00e1 envolvida em planos de previd\u00eancia complementar, o que indica um grande potencial de expans\u00e3o nesse setor. Indiv\u00edduos <strong>nascidos entre 1981 e 1996 <\/strong>s\u00e3o especialmente incentivados a adotar estrat\u00e9gias financeiras que incluam a previd\u00eancia complementar como um componente crucial de seguran\u00e7a para o futuro.<\/p>\n","protected":false},"excerpt":{"rendered":"<p>Fatores podem for\u00e7ar o governo a considerar medidas dif\u00edceis.<\/p>\n","protected":false},"author":12,"featured_media":11031,"comment_status":"closed","ping_status":"closed","sticky":false,"template":"","format":"standard","meta":{"jnews-multi-image_gallery":[],"jnews_single_post":{"format":"standard"},"jnews_primary_category":[],"jnews_social_meta":[],"jnews_override_counter":[],"jnews_post_split":[],"footnotes":""},"categories":[1],"tags":[],"class_list":["post-20432","post","type-post","status-publish","format-standard","has-post-thumbnail","hentry","category-geral"],"_referencia":"","_links":{"self":[{"href":"https:\/\/diariodocomercio.com.br\/mix\/wp-json\/wp\/v2\/posts\/20432","targetHints":{"allow":["GET"]}}],"collection":[{"href":"https:\/\/diariodocomercio.com.br\/mix\/wp-json\/wp\/v2\/posts"}],"about":[{"href":"https:\/\/diariodocomercio.com.br\/mix\/wp-json\/wp\/v2\/types\/post"}],"author":[{"embeddable":true,"href":"https:\/\/diariodocomercio.com.br\/mix\/wp-json\/wp\/v2\/users\/12"}],"replies":[{"embeddable":true,"href":"https:\/\/diariodocomercio.com.br\/mix\/wp-json\/wp\/v2\/comments?post=20432"}],"version-history":[{"count":1,"href":"https:\/\/diariodocomercio.com.br\/mix\/wp-json\/wp\/v2\/posts\/20432\/revisions"}],"predecessor-version":[{"id":20433,"href":"https:\/\/diariodocomercio.com.br\/mix\/wp-json\/wp\/v2\/posts\/20432\/revisions\/20433"}],"wp:featuredmedia":[{"embeddable":true,"href":"https:\/\/diariodocomercio.com.br\/mix\/wp-json\/wp\/v2\/media\/11031"}],"wp:attachment":[{"href":"https:\/\/diariodocomercio.com.br\/mix\/wp-json\/wp\/v2\/media?parent=20432"}],"wp:term":[{"taxonomy":"category","embeddable":true,"href":"https:\/\/diariodocomercio.com.br\/mix\/wp-json\/wp\/v2\/categories?post=20432"},{"taxonomy":"post_tag","embeddable":true,"href":"https:\/\/diariodocomercio.com.br\/mix\/wp-json\/wp\/v2\/tags?post=20432"}],"curies":[{"name":"wp","href":"https:\/\/api.w.org\/{rel}","templated":true}]}}