{"id":20437,"date":"2025-09-28T09:01:00","date_gmt":"2025-09-28T12:01:00","guid":{"rendered":"https:\/\/diariodocomercio.com.br\/mix\/?p=20437"},"modified":"2025-09-26T13:03:24","modified_gmt":"2025-09-26T16:03:24","slug":"por-que-a-creatina-esta-se-tornando-o-suplemento-favorito-das-mulheres","status":"publish","type":"post","link":"https:\/\/diariodocomercio.com.br\/mix\/por-que-a-creatina-esta-se-tornando-o-suplemento-favorito-das-mulheres\/","title":{"rendered":"Por que a creatina est\u00e1 se tornando o suplemento favorito das mulheres"},"content":{"rendered":"\n<p>A <strong>creatina<\/strong> \u00e9 um suplemento bem conhecido entre atletas, mas seu uso vem crescendo entre<strong> mulheres <\/strong>por seus diversos benef\u00edcios. Pesquisas destacam seu papel no aumento de for\u00e7a e outros aspectos da sa\u00fade feminina. Estudos internacionais mostram que a creatina n\u00e3o s\u00f3 melhora a for\u00e7a muscular, mas tamb\u00e9m otimiza o desempenho em atividades f\u00edsicas.<\/p>\n\n\n\n<p><strong>Benef\u00edcios prim\u00e1rios da creatina:<\/strong><\/p>\n\n\n\n<ul class=\"wp-block-list\">\n<li><strong>Aumento da for\u00e7a muscular<\/strong>: A creatina \u00e9 eficaz no aumento da for\u00e7a em mulheres, melhorando a capacidade de realiza\u00e7\u00e3o de exerc\u00edcios f\u00edsicos intensos.<\/li>\n\n\n\n<li><strong>Melhora no desempenho f\u00edsico: <\/strong>O consumo da creatina resulta em mais energia, permitindo que as atividades de alta intensidade sejam realizadas com maior efic\u00e1cia.<\/li>\n<\/ul>\n\n\n\n<p><strong>Recupera\u00e7\u00e3o e sa\u00fade mental:<\/strong><\/p>\n\n\n\n<ul class=\"wp-block-list\">\n<li><strong>Recupera\u00e7\u00e3o muscular: <\/strong>A creatina auxilia na recupera\u00e7\u00e3o p\u00f3s-treino, permitindo sess\u00f5es de exerc\u00edcio mais consistentes e produtivas.<\/li>\n\n\n\n<li><strong>Desempenho cognitivo:<\/strong> Pesquisas indicam que a creatina pode melhorar a fun\u00e7\u00e3o cerebral, incluindo cogni\u00e7\u00e3o e mem\u00f3ria, beneficiando mulheres de diferentes idades.<\/li>\n\n\n\n<li><strong>Influ\u00eancia no humor:<\/strong> Embora n\u00e3o comprovado especificamente para menopausa, a creatina tem mostrado benef\u00edcios na sa\u00fade mental, auxiliando no humor e na fadiga mental.<\/li>\n<\/ul>\n\n\n\n<h2 class=\"wp-block-heading\">Uso de creatina<\/h2>\n\n\n\n<p>Os benef\u00edcios da creatina para mulheres abrangem desde o aprimoramento da for\u00e7a muscular at\u00e9 o suporte \u00e0 fun\u00e7\u00e3o cognitiva e \u00e0 recupera\u00e7\u00e3o muscular.<\/p>\n\n\n\n<p>Dada a densidade dos estudos atuais, a creatina surge como um complemento eficaz em fases variadas da vida feminina. \u00c0 medida que novas pesquisas s\u00e3o realizadas, a compreens\u00e3o de seus efeitos deve se expandir, consolidando a creatina como um recurso valioso no cotidiano.<\/p>\n\n\n\n<p>A creatina oferece suporte \u00e0 manuten\u00e7\u00e3o da densidade \u00f3ssea, especialmente em mulheres na <strong>p\u00f3s-menopausa<\/strong>, quando associada a treinos de resist\u00eancia. Estudos sugerem que o suplemento ajuda a combater a fadiga, aumentando a energia di\u00e1ria de quem o utiliza.<\/p>\n","protected":false},"excerpt":{"rendered":"<p>A creatina \u00e9 um suplemento bem conhecido entre atletas. Seu uso vem crescendo entre mulheres.<\/p>\n","protected":false},"author":12,"featured_media":20438,"comment_status":"closed","ping_status":"closed","sticky":false,"template":"","format":"standard","meta":{"jnews-multi-image_gallery":[],"jnews_single_post":{"format":"standard"},"jnews_primary_category":[],"jnews_social_meta":[],"jnews_override_counter":[],"jnews_post_split":[],"footnotes":""},"categories":[1],"tags":[],"class_list":["post-20437","post","type-post","status-publish","format-standard","has-post-thumbnail","hentry","category-geral"],"_referencia":"","_links":{"self":[{"href":"https:\/\/diariodocomercio.com.br\/mix\/wp-json\/wp\/v2\/posts\/20437","targetHints":{"allow":["GET"]}}],"collection":[{"href":"https:\/\/diariodocomercio.com.br\/mix\/wp-json\/wp\/v2\/posts"}],"about":[{"href":"https:\/\/diariodocomercio.com.br\/mix\/wp-json\/wp\/v2\/types\/post"}],"author":[{"embeddable":true,"href":"https:\/\/diariodocomercio.com.br\/mix\/wp-json\/wp\/v2\/users\/12"}],"replies":[{"embeddable":true,"href":"https:\/\/diariodocomercio.com.br\/mix\/wp-json\/wp\/v2\/comments?post=20437"}],"version-history":[{"count":1,"href":"https:\/\/diariodocomercio.com.br\/mix\/wp-json\/wp\/v2\/posts\/20437\/revisions"}],"predecessor-version":[{"id":20439,"href":"https:\/\/diariodocomercio.com.br\/mix\/wp-json\/wp\/v2\/posts\/20437\/revisions\/20439"}],"wp:featuredmedia":[{"embeddable":true,"href":"https:\/\/diariodocomercio.com.br\/mix\/wp-json\/wp\/v2\/media\/20438"}],"wp:attachment":[{"href":"https:\/\/diariodocomercio.com.br\/mix\/wp-json\/wp\/v2\/media?parent=20437"}],"wp:term":[{"taxonomy":"category","embeddable":true,"href":"https:\/\/diariodocomercio.com.br\/mix\/wp-json\/wp\/v2\/categories?post=20437"},{"taxonomy":"post_tag","embeddable":true,"href":"https:\/\/diariodocomercio.com.br\/mix\/wp-json\/wp\/v2\/tags?post=20437"}],"curies":[{"name":"wp","href":"https:\/\/api.w.org\/{rel}","templated":true}]}}