{"id":20492,"date":"2025-09-28T15:25:00","date_gmt":"2025-09-28T18:25:00","guid":{"rendered":"https:\/\/diariodocomercio.com.br\/mix\/?p=20492"},"modified":"2025-09-29T11:17:51","modified_gmt":"2025-09-29T14:17:51","slug":"governo-bate-o-martelo-sobre-o-retorno-do-horario-de-verao","status":"publish","type":"post","link":"https:\/\/diariodocomercio.com.br\/mix\/governo-bate-o-martelo-sobre-o-retorno-do-horario-de-verao\/","title":{"rendered":"Governo bate o martelo sobre o retorno do Hor\u00e1rio de Ver\u00e3o"},"content":{"rendered":"\n<p>O <strong>hor\u00e1rio de ver\u00e3o,<\/strong> suspenso no Brasil desde 2019, tem gerado discuss\u00f5es sobre sua efic\u00e1cia atual no contexto energ\u00e9tico. O Minist\u00e9rio de Minas e Energia (MME) e o Operador Nacional do Sistema El\u00e9trico (ONS) afirmam que a medida perdeu sua relev\u00e2ncia na economia de energia.<\/p>\n\n\n\n<p>Antes adotado para reduzir o uso de eletricidade aproveitando a luz natural no in\u00edcio da noite, agora enfrenta desafios devido ao aumento do uso de ares-condicionados, que deslocou o pico de consumo para as tardes. N\u00e3o h\u00e1 confirma\u00e7\u00e3o de retorno do hor\u00e1rio de ver\u00e3o em 2025, por\u00e9m <strong>existe uma defini\u00e7\u00e3o no Governo de seguir simulando diferentes cen\u00e1rios<\/strong>, em que \u00e9 cogitado um poss\u00edvel retorno.<\/p>\n\n\n\n<h2 class=\"wp-block-heading\">Mudan\u00e7as nos padr\u00f5es de consumo de energia<\/h2>\n\n\n\n<p>O aumento do uso de ares-condicionados no Brasil alterou significativamente o hor\u00e1rio de consumo energ\u00e9tico. Hoje, o pico se concentra durante as tardes quentes, ao contr\u00e1rio dos padr\u00f5es anteriores, onde o hor\u00e1rio de ver\u00e3o era eficaz.<\/p>\n\n\n\n<p>Em fevereiro de 2025, o pa\u00eds registrou um pico de 103.785 MW \u00e0s 14h42, destacando essa mudan\u00e7a. L\u00e2mpadas LED, agora amplamente adotadas, reduziram o impacto da ilumina\u00e7\u00e3o tradicional como vil\u00e3 no consumo, evidenciando a <strong>inefic\u00e1cia do hor\u00e1rio de ver\u00e3o.<\/strong><\/p>\n\n\n\n<h2 class=\"wp-block-heading\">Avalia\u00e7\u00e3o do governo<\/h2>\n\n\n\n<p>Estudos do MME indicam que uma reintrodu\u00e7\u00e3o do hor\u00e1rio de ver\u00e3o s\u00f3 seria considerada em <strong>casos extremos<\/strong>, como escassez energ\u00e9tica. O sistema el\u00e9trico, segundo o ONS, est\u00e1 preparado para atender \u00e0 demanda at\u00e9 2026, baseando-se em recursos energ\u00e9ticos dispon\u00edveis.<\/p>\n\n\n\n<p>Estrat\u00e9gias para garantir essa estabilidade incluem o aumento na produ\u00e7\u00e3o de hidrel\u00e9tricas e ajustes nas opera\u00e7\u00f5es das usinas, especialmente durante per\u00edodos de seca, para preservar os reservat\u00f3rios.<\/p>\n\n\n\n<p>Com a suspens\u00e3o da pr\u00e1tica, o governo brasileiro tem focado em outras abordagens para manter a estabilidade do sistema el\u00e9trico. Medidas como a diversifica\u00e7\u00e3o das fontes de gera\u00e7\u00e3o e programas de efici\u00eancia energ\u00e9tica s\u00e3o considerados mais eficazes.&nbsp;<\/p>\n","protected":false},"excerpt":{"rendered":"<p>O hor\u00e1rio de ver\u00e3o, suspenso no Brasil desde 2019, tem gerado discuss\u00f5es sobre sua efic\u00e1cia atual no contexto energ\u00e9tico. <\/p>\n","protected":false},"author":12,"featured_media":12447,"comment_status":"closed","ping_status":"closed","sticky":false,"template":"","format":"standard","meta":{"jnews-multi-image_gallery":[],"jnews_single_post":{"format":"standard"},"jnews_primary_category":[],"jnews_social_meta":[],"jnews_override_counter":[],"jnews_post_split":[],"footnotes":""},"categories":[1],"tags":[],"class_list":["post-20492","post","type-post","status-publish","format-standard","has-post-thumbnail","hentry","category-geral"],"_referencia":"","_links":{"self":[{"href":"https:\/\/diariodocomercio.com.br\/mix\/wp-json\/wp\/v2\/posts\/20492","targetHints":{"allow":["GET"]}}],"collection":[{"href":"https:\/\/diariodocomercio.com.br\/mix\/wp-json\/wp\/v2\/posts"}],"about":[{"href":"https:\/\/diariodocomercio.com.br\/mix\/wp-json\/wp\/v2\/types\/post"}],"author":[{"embeddable":true,"href":"https:\/\/diariodocomercio.com.br\/mix\/wp-json\/wp\/v2\/users\/12"}],"replies":[{"embeddable":true,"href":"https:\/\/diariodocomercio.com.br\/mix\/wp-json\/wp\/v2\/comments?post=20492"}],"version-history":[{"count":2,"href":"https:\/\/diariodocomercio.com.br\/mix\/wp-json\/wp\/v2\/posts\/20492\/revisions"}],"predecessor-version":[{"id":20546,"href":"https:\/\/diariodocomercio.com.br\/mix\/wp-json\/wp\/v2\/posts\/20492\/revisions\/20546"}],"wp:featuredmedia":[{"embeddable":true,"href":"https:\/\/diariodocomercio.com.br\/mix\/wp-json\/wp\/v2\/media\/12447"}],"wp:attachment":[{"href":"https:\/\/diariodocomercio.com.br\/mix\/wp-json\/wp\/v2\/media?parent=20492"}],"wp:term":[{"taxonomy":"category","embeddable":true,"href":"https:\/\/diariodocomercio.com.br\/mix\/wp-json\/wp\/v2\/categories?post=20492"},{"taxonomy":"post_tag","embeddable":true,"href":"https:\/\/diariodocomercio.com.br\/mix\/wp-json\/wp\/v2\/tags?post=20492"}],"curies":[{"name":"wp","href":"https:\/\/api.w.org\/{rel}","templated":true}]}}