{"id":20507,"date":"2025-09-28T15:50:00","date_gmt":"2025-09-28T18:50:00","guid":{"rendered":"https:\/\/diariodocomercio.com.br\/mix\/?p=20507"},"modified":"2025-09-26T19:51:19","modified_gmt":"2025-09-26T22:51:19","slug":"lembra-dele-situacao-financeira-de-michel-telo-atualmente-e-surreal","status":"publish","type":"post","link":"https:\/\/diariodocomercio.com.br\/mix\/lembra-dele-situacao-financeira-de-michel-telo-atualmente-e-surreal\/","title":{"rendered":"Lembra dele? Situa\u00e7\u00e3o financeira de Michel Tel\u00f3 atualmente \u00e9 surreal"},"content":{"rendered":"\n<p>Michel Tel\u00f3, conhecido internacionalmente pelo sucesso&nbsp;<strong>\u201cAi Se Eu Te Pego\u201d<\/strong>, construiu uma fortuna que vai muito al\u00e9m dos palcos. O cantor revelou, em entrevista ao jornalista Andr\u00e9 Piunti, que desde o in\u00edcio da carreira adota uma estrat\u00e9gia de disciplina financeira, poupando e investindo a maior parte dos seus ganhos.<\/p>\n\n\n\n<p>Atualmente, Tel\u00f3 possui\u00a0<strong>tr\u00eas fazendas<\/strong>: duas no Mato Grosso do Sul, voltadas \u00e0 cria\u00e7\u00e3o de gado, e uma em Minas Gerais, destinada ao cultivo de mogno africano. \u201cCompro boi desde que comecei na carreira. Nunca fui de esbanjar. Meu pensamento sempre foi gastar a metade do que ganho. O restante \u00e9 para investimento\u201d, contou.<\/p>\n\n\n\n<p>Al\u00e9m do agroneg\u00f3cio, o cantor ampliou sua atua\u00e7\u00e3o para o mercado imobili\u00e1rio, comprando propriedades destinadas \u00e0 loca\u00e7\u00e3o, e mant\u00e9m participa\u00e7\u00e3o em fundos de investimento. O artista tamb\u00e9m \u00e9 dono de&nbsp;<strong>pelo menos seis empresas<\/strong>, cujo capital social somado ultrapassa R$ 6,9 milh\u00f5es.<\/p>\n\n\n\n<p>Segundo ele, a decis\u00e3o de diversificar nasceu da&nbsp;<strong>imprevisibilidade dos direitos autorais<\/strong>, que chegam em dep\u00f3sitos irregulares de pa\u00edses diferentes. \u201cEsses dias atr\u00e1s caiu um dep\u00f3sito dos direitos da Alemanha. Esse ano\u201d, exemplificou.<\/p>\n\n\n\n<h2 class=\"wp-block-heading\">Conforto de estrela: mans\u00e3o e avi\u00e3o<\/h2>\n\n\n\n<p>Depois de anos de planejamento, Michel Tel\u00f3 se permite hoje uma vida de luxo. Ele vive com a esposa, a atriz&nbsp;<strong>Tha\u00eds Fersoza<\/strong>, e os filhos em uma&nbsp;<strong>mans\u00e3o na Barra da Tijuca, no Rio de Janeiro<\/strong>, avaliada em R$ 15 milh\u00f5es. O im\u00f3vel, que j\u00e1 pertenceu \u00e0 atriz Bruna Marquezine, tem 890 m\u00b2, quatro su\u00edtes, sala de cinema, academia, piscina aquecida e adega.<\/p>\n\n\n\n<p>O cantor tamb\u00e9m adquiriu um&nbsp;<strong>avi\u00e3o particular moderno<\/strong>&nbsp;e revelou que pretende iniciar aulas de avia\u00e7\u00e3o para obter a licen\u00e7a de piloto. Segundo ele, a ideia teve total apoio da esposa.<\/p>\n\n\n\n<h2 class=\"wp-block-heading\">Patrim\u00f4nio \u201csurreal\u201d constru\u00eddo com disciplina<\/h2>\n\n\n\n<p>Com uma estrat\u00e9gia baseada em&nbsp;<strong>paci\u00eancia e vis\u00e3o de longo prazo<\/strong>, Michel Tel\u00f3 transformou o dinheiro conquistado com a m\u00fasica em uma rede de neg\u00f3cios s\u00f3lida e rent\u00e1vel. A diversifica\u00e7\u00e3o entre fazendas, im\u00f3veis, fundos e empresas garante ao cantor estabilidade financeira independentemente da receita com shows.<\/p>\n\n\n\n<p>\u201cParte do meu patrim\u00f4nio vem dos im\u00f3veis, dos fundos e das fazendas. Sempre investi para o futuro. Nunca fui de gastar \u00e0 toa\u201d, resumiu o sertanejo, que hoje \u00e9 considerado um dos artistas brasileiros mais bem-sucedidos financeiramente.<\/p>\n","protected":false},"excerpt":{"rendered":"<p>Michel Tel\u00f3, conhecido internacionalmente pelo sucesso&nbsp;\u201cAi Se Eu Te Pego\u201d, construiu uma fortuna que vai muito al\u00e9m dos palcos. O cantor revelou, em entrevista ao jornalista Andr\u00e9 Piunti, que desde o in\u00edcio da carreira adota uma estrat\u00e9gia de disciplina financeira, poupando e investindo a maior parte dos seus ganhos. Atualmente, Tel\u00f3 possui\u00a0tr\u00eas fazendas: duas no [&hellip;]<\/p>\n","protected":false},"author":9,"featured_media":20511,"comment_status":"closed","ping_status":"closed","sticky":false,"template":"","format":"standard","meta":{"jnews-multi-image_gallery":[],"jnews_single_post":{"format":"standard"},"jnews_primary_category":[],"jnews_social_meta":[],"jnews_override_counter":[],"jnews_post_split":[],"footnotes":""},"categories":[1],"tags":[],"class_list":["post-20507","post","type-post","status-publish","format-standard","has-post-thumbnail","hentry","category-geral"],"_referencia":"","_links":{"self":[{"href":"https:\/\/diariodocomercio.com.br\/mix\/wp-json\/wp\/v2\/posts\/20507","targetHints":{"allow":["GET"]}}],"collection":[{"href":"https:\/\/diariodocomercio.com.br\/mix\/wp-json\/wp\/v2\/posts"}],"about":[{"href":"https:\/\/diariodocomercio.com.br\/mix\/wp-json\/wp\/v2\/types\/post"}],"author":[{"embeddable":true,"href":"https:\/\/diariodocomercio.com.br\/mix\/wp-json\/wp\/v2\/users\/9"}],"replies":[{"embeddable":true,"href":"https:\/\/diariodocomercio.com.br\/mix\/wp-json\/wp\/v2\/comments?post=20507"}],"version-history":[{"count":3,"href":"https:\/\/diariodocomercio.com.br\/mix\/wp-json\/wp\/v2\/posts\/20507\/revisions"}],"predecessor-version":[{"id":20510,"href":"https:\/\/diariodocomercio.com.br\/mix\/wp-json\/wp\/v2\/posts\/20507\/revisions\/20510"}],"wp:featuredmedia":[{"embeddable":true,"href":"https:\/\/diariodocomercio.com.br\/mix\/wp-json\/wp\/v2\/media\/20511"}],"wp:attachment":[{"href":"https:\/\/diariodocomercio.com.br\/mix\/wp-json\/wp\/v2\/media?parent=20507"}],"wp:term":[{"taxonomy":"category","embeddable":true,"href":"https:\/\/diariodocomercio.com.br\/mix\/wp-json\/wp\/v2\/categories?post=20507"},{"taxonomy":"post_tag","embeddable":true,"href":"https:\/\/diariodocomercio.com.br\/mix\/wp-json\/wp\/v2\/tags?post=20507"}],"curies":[{"name":"wp","href":"https:\/\/api.w.org\/{rel}","templated":true}]}}