{"id":2079,"date":"2025-01-23T18:58:07","date_gmt":"2025-01-23T21:58:07","guid":{"rendered":"https:\/\/diariodocomercio.com.br\/mix\/?p=2079"},"modified":"2025-01-23T18:58:08","modified_gmt":"2025-01-23T21:58:08","slug":"jovem-faz-mistura-de-produtos-para-limpar-o-banheiro-e-acaba-indo-parar-no-hospital","status":"publish","type":"post","link":"https:\/\/diariodocomercio.com.br\/mix\/jovem-faz-mistura-de-produtos-para-limpar-o-banheiro-e-acaba-indo-parar-no-hospital\/","title":{"rendered":"Jovem faz mistura de produtos para limpar o banheiro e acaba indo parar no hospital"},"content":{"rendered":"\n<p>Apesar de existirem alertas sobre os riscos de misturar produtos de limpeza em casa, inclusive nas embalagens dos compostos qu\u00edmicos, \u00e9 comum que acidentes ocorram no Brasil. No dia 19 de janeiro, uma jovem de 29 anos precisou ser hospitalizada com sintomas de intoxica\u00e7\u00e3o, depois de misturar produtos de limpeza para lavar o banheiro. O caso ocorreu em Itapetininga, no interior de S\u00e3o Paulo.&nbsp;<\/p>\n\n\n\n<p>De acordo com o relato da jovem, ela misturou dois produtos, entre eles um com \u00e1cido clor\u00eddrico na composi\u00e7\u00e3o e outro que cont\u00e9m hipoclorito de s\u00f3dio, com a expectativa de potencializar a limpeza. Mas, a jun\u00e7\u00e3o deles fez com que rea\u00e7\u00e3o qu\u00edmica forte ocorresse, liberando um g\u00e1s t\u00f3xico. Ao sentir falta de ar, ard\u00eancia nos olhos e confus\u00e3o mental, ela precisou ser levada ao pronto-socorro do Hospital L\u00e9o Orsi Bernardes (HLOB). No atendimento, foi diagnosticado quadro de arritmia e baixa oxigena\u00e7\u00e3o, precisando ficar em monitoramento card\u00edaco e com aux\u00edlio de oxig\u00eanio.<\/p>\n\n\n\n<h2 class=\"wp-block-heading\">Entenda melhor sobre os perigos de misturar produtos de limpeza<\/h2>\n\n\n\n<p>A Ag\u00eancia Nacional de Vigil\u00e2ncia Sanit\u00e1ria (Anvisa) tem uma lista de orienta\u00e7\u00f5es b\u00e1sicas do que n\u00e3o fazer quando estiver limpando ambientes internos, fornecendo regras para n\u00e3o se expor desnecessariamente a produtos qu\u00edmicos. Como por exemplo, evitar misturar produtos qu\u00edmicos e garantir que ao manuse\u00e1-los, o local esteja bem arejado.<\/p>\n\n\n\n<p>Nem todos os produtos possuem rea\u00e7\u00f5es graves, mas \u00e9 recomendado n\u00e3o misturar os seguintes compostos:&nbsp;<\/p>\n\n\n\n<ul class=\"wp-block-list\">\n<li><strong>\u00c1gua sanit\u00e1ria e vinagre:<\/strong> Juntos liberam cloro gasoso, que \u00e9 altamente irritante para as vias respirat\u00f3rias.<\/li>\n\n\n\n<li><strong>\u00c1gua sanit\u00e1ria e am\u00f4nia:<\/strong> Produzem vapores t\u00f3xicos de cloramina, que podem causar danos aos pulm\u00f5es.<\/li>\n\n\n\n<li><strong>Limpadores \u00e1cidos e b\u00e1sicos:<\/strong> A rea\u00e7\u00e3o entre \u00e1cidos e bases pode liberar calor e gases t\u00f3xicos.<\/li>\n<\/ul>\n","protected":false},"excerpt":{"rendered":"<p>Apesar de existirem alertas sobre os riscos de misturar produtos de limpeza em casa, inclusive nas embalagens dos compostos qu\u00edmicos, \u00e9 comum que acidentes ocorram no Brasil. No dia 19 de janeiro, uma jovem de 29 anos precisou ser hospitalizada com sintomas de intoxica\u00e7\u00e3o, depois de misturar produtos de limpeza para lavar o banheiro. O [&hellip;]<\/p>\n","protected":false},"author":7,"featured_media":2080,"comment_status":"closed","ping_status":"closed","sticky":false,"template":"","format":"standard","meta":{"jnews-multi-image_gallery":[],"jnews_single_post":{"format":"standard"},"jnews_primary_category":[],"jnews_social_meta":[],"jnews_override_counter":[],"jnews_post_split":[],"footnotes":""},"categories":[1],"tags":[],"class_list":["post-2079","post","type-post","status-publish","format-standard","has-post-thumbnail","hentry","category-geral"],"_referencia":"","_links":{"self":[{"href":"https:\/\/diariodocomercio.com.br\/mix\/wp-json\/wp\/v2\/posts\/2079","targetHints":{"allow":["GET"]}}],"collection":[{"href":"https:\/\/diariodocomercio.com.br\/mix\/wp-json\/wp\/v2\/posts"}],"about":[{"href":"https:\/\/diariodocomercio.com.br\/mix\/wp-json\/wp\/v2\/types\/post"}],"author":[{"embeddable":true,"href":"https:\/\/diariodocomercio.com.br\/mix\/wp-json\/wp\/v2\/users\/7"}],"replies":[{"embeddable":true,"href":"https:\/\/diariodocomercio.com.br\/mix\/wp-json\/wp\/v2\/comments?post=2079"}],"version-history":[{"count":1,"href":"https:\/\/diariodocomercio.com.br\/mix\/wp-json\/wp\/v2\/posts\/2079\/revisions"}],"predecessor-version":[{"id":2084,"href":"https:\/\/diariodocomercio.com.br\/mix\/wp-json\/wp\/v2\/posts\/2079\/revisions\/2084"}],"wp:featuredmedia":[{"embeddable":true,"href":"https:\/\/diariodocomercio.com.br\/mix\/wp-json\/wp\/v2\/media\/2080"}],"wp:attachment":[{"href":"https:\/\/diariodocomercio.com.br\/mix\/wp-json\/wp\/v2\/media?parent=2079"}],"wp:term":[{"taxonomy":"category","embeddable":true,"href":"https:\/\/diariodocomercio.com.br\/mix\/wp-json\/wp\/v2\/categories?post=2079"},{"taxonomy":"post_tag","embeddable":true,"href":"https:\/\/diariodocomercio.com.br\/mix\/wp-json\/wp\/v2\/tags?post=2079"}],"curies":[{"name":"wp","href":"https:\/\/api.w.org\/{rel}","templated":true}]}}