{"id":2093,"date":"2025-01-23T19:43:43","date_gmt":"2025-01-23T22:43:43","guid":{"rendered":"https:\/\/diariodocomercio.com.br\/mix\/?p=2093"},"modified":"2025-01-23T19:43:44","modified_gmt":"2025-01-23T22:43:44","slug":"fruta-do-milagre-faz-colega-de-ana-maria-braga-ir-parar-no-hospital","status":"publish","type":"post","link":"https:\/\/diariodocomercio.com.br\/mix\/fruta-do-milagre-faz-colega-de-ana-maria-braga-ir-parar-no-hospital\/","title":{"rendered":"Fruta do milagre faz colega de Ana Maria Braga ir parar no hospital"},"content":{"rendered":"\n<p>Na quarta-feira (22\/01), a apresentadora <strong>Ana Maria Braga<\/strong> come\u00e7ou o seu programa <strong>\u201cMais Voc\u00ea\u201d <\/strong>com um alerta importante sobre a famosa &#8220;fruta dos milagres&#8221; que promete tornar doce os sabores de frutas azedas e amargas, por\u00e9m que pode causar rea\u00e7\u00f5es al\u00e9rgicas caso seu caro\u00e7o seja ingerido. Esse assunto foi pauta no dia, pois uma de suas assistentes de palco, Maria Ligia Bedini, precisou de atendimento m\u00e9dico ap\u00f3s ter um choque al\u00e9rgico ao entrar em contato com o caro\u00e7o do alimento.<\/p>\n\n\n\n<p>O incidente ocorreu no dia anterior, quando experimentou a fruta, antes da exibi\u00e7\u00e3o de uma reportagem sobre a fruta. <em>&#8220;Eu chupei o baga\u00e7o e mordi o caro\u00e7o. Quando mordi o caro\u00e7o, senti um gosto muito amargo, um fel na boca. Cuspi e, n\u00e3o contente, provei outra. E comecei a falar: &#8216;estou me sentindo mal&#8217;. Fechou a glote. Foi uma sensa\u00e7\u00e3o horrorosa. Fui para a ambul\u00e2ncia e para o hospital&#8221;,<\/em> explicou a assistente ao Gshow.<\/p>\n\n\n\n<h2 class=\"wp-block-heading\">Entenda melhor como a fruta dos milagres pode ser perigosa<\/h2>\n\n\n\n<p>Ap\u00f3s a rea\u00e7\u00e3o al\u00e9rgica, Ana Maria abordou o tema para mostrar em rede nacional os perigos dessa fruta e alertar que sua ingest\u00e3o deve ser feita com muita cautela. Segundo a apresentadora, o m\u00e9dico que atendeu Maria Ligia Bedini explicou que o problema foi gerado por causa do caro\u00e7o e das folhas da fruta do milagre, que podem causar queimaduras na boca e na faringe.&nbsp;&nbsp;<\/p>\n\n\n\n<p>De acordo com o portal Receitas, essa fruta \u00e9 capaz de alterar o sabor dos alimentos porque possui uma subst\u00e2ncia chamada miraculina, que impede a percep\u00e7\u00e3o do gosto azedo e amargo da l\u00edngua.<\/p>\n","protected":false},"excerpt":{"rendered":"<p>Na quarta-feira (22\/01), a apresentadora Ana Maria Braga come\u00e7ou o seu programa \u201cMais Voc\u00ea\u201d com um alerta importante sobre a famosa &#8220;fruta dos milagres&#8221; que promete tornar doce os sabores de frutas azedas e amargas, por\u00e9m que pode causar rea\u00e7\u00f5es al\u00e9rgicas caso seu caro\u00e7o seja ingerido. Esse assunto foi pauta no dia, pois uma de [&hellip;]<\/p>\n","protected":false},"author":7,"featured_media":2094,"comment_status":"closed","ping_status":"closed","sticky":false,"template":"","format":"standard","meta":{"jnews-multi-image_gallery":[],"jnews_single_post":{"format":"standard"},"jnews_primary_category":[],"jnews_social_meta":[],"jnews_override_counter":[],"jnews_post_split":[],"footnotes":""},"categories":[1],"tags":[],"class_list":["post-2093","post","type-post","status-publish","format-standard","has-post-thumbnail","hentry","category-geral"],"_referencia":"","_links":{"self":[{"href":"https:\/\/diariodocomercio.com.br\/mix\/wp-json\/wp\/v2\/posts\/2093","targetHints":{"allow":["GET"]}}],"collection":[{"href":"https:\/\/diariodocomercio.com.br\/mix\/wp-json\/wp\/v2\/posts"}],"about":[{"href":"https:\/\/diariodocomercio.com.br\/mix\/wp-json\/wp\/v2\/types\/post"}],"author":[{"embeddable":true,"href":"https:\/\/diariodocomercio.com.br\/mix\/wp-json\/wp\/v2\/users\/7"}],"replies":[{"embeddable":true,"href":"https:\/\/diariodocomercio.com.br\/mix\/wp-json\/wp\/v2\/comments?post=2093"}],"version-history":[{"count":1,"href":"https:\/\/diariodocomercio.com.br\/mix\/wp-json\/wp\/v2\/posts\/2093\/revisions"}],"predecessor-version":[{"id":2095,"href":"https:\/\/diariodocomercio.com.br\/mix\/wp-json\/wp\/v2\/posts\/2093\/revisions\/2095"}],"wp:featuredmedia":[{"embeddable":true,"href":"https:\/\/diariodocomercio.com.br\/mix\/wp-json\/wp\/v2\/media\/2094"}],"wp:attachment":[{"href":"https:\/\/diariodocomercio.com.br\/mix\/wp-json\/wp\/v2\/media?parent=2093"}],"wp:term":[{"taxonomy":"category","embeddable":true,"href":"https:\/\/diariodocomercio.com.br\/mix\/wp-json\/wp\/v2\/categories?post=2093"},{"taxonomy":"post_tag","embeddable":true,"href":"https:\/\/diariodocomercio.com.br\/mix\/wp-json\/wp\/v2\/tags?post=2093"}],"curies":[{"name":"wp","href":"https:\/\/api.w.org\/{rel}","templated":true}]}}