{"id":2096,"date":"2025-01-23T19:54:30","date_gmt":"2025-01-23T22:54:30","guid":{"rendered":"https:\/\/diariodocomercio.com.br\/mix\/?p=2096"},"modified":"2025-01-23T19:54:30","modified_gmt":"2025-01-23T22:54:30","slug":"ainda-estou-aqui-e-o-primeiro-filme-brasileiro-indicado-ao-oscar-em-39-anos","status":"publish","type":"post","link":"https:\/\/diariodocomercio.com.br\/mix\/ainda-estou-aqui-e-o-primeiro-filme-brasileiro-indicado-ao-oscar-em-39-anos\/","title":{"rendered":"Ainda Estou Aqui \u00e9 o primeiro filme brasileiro indicado ao Oscar em 39 anos"},"content":{"rendered":"\n<p>Nesta quinta-feira (23\/01), o Brasil foi aclamado pela Academia ao selecionar o filme <strong>\u201cAinda Estou Aqui\u201d <\/strong>para ser um dos concorrentes ao Oscar 2025. Esse \u00e9 um marco in\u00e9dito na hist\u00f3ria do cinema nacional, pois o filme protagonizado por Fernanda Torres, foi indicado \u00e0 categoria de \u2018Melhor Filme\u2019, um dos cinco principais pr\u00eamios da noite.\u00a0<\/p>\n\n\n\n<p>Essa \u00e9 a primeira vez que uma produ\u00e7\u00e3o 100% brasileira disputa a categoria. A primeira vez que um longa-metragem brasileiro conseguiu esse feito, foi atrav\u00e9s de uma co-produ\u00e7\u00e3o Brasil-EUA, \u201cO Beijo da Mulher Aranha\u201d, em 1986, que tamb\u00e9m concorreu ao pr\u00eamio de Melhor Filme. Dirigido por Hector Babenco, o elenco foi composto por atores internacionais, tendo como destaque William Hurt (vencedor do Oscar de Melhor Ator) e Raul Julia. Por causa disso, o filme foi mais considerado americano do que brasileiro, principalmente pela l\u00edngua que foi falada em ingl\u00eas, impedindo a produ\u00e7\u00e3o de ser indicada como filme estrangeiro.<\/p>\n\n\n\n<h2 class=\"wp-block-heading\">Todos os feitos de Ainda Estou Aqui rumo ao Oscar 2025<\/h2>\n\n\n\n<p>Al\u00e9m de concorrer na categoria de Melhor Filme, o drama nacional tamb\u00e9m estar\u00e1 na disputa das estatuetas de Melhor Filme Internacional e de Melhor Atriz, para Fernanda Torres. A disputa n\u00e3o ser\u00e1 f\u00e1cil, pois \u201cAinda Estou Aqui\u201d concorre com \u201cAnora\u201d, \u201cO Brutalista\u201d, \u201cUm Completo Desconhecido\u201d, \u201cConclave\u201d, \u201cDuna: Parte Dois\u201d, \u201cEmilia P\u00e9rez\u201d, \u201cNickel Boys\u201d, \u201cA Subst\u00e2ncia\u201d e \u201cWicked\u201d.<\/p>\n\n\n\n<p>A 97\u00aa cerim\u00f4nia do Oscar vai acontecer no dia 2 de mar\u00e7o, Teatro Dolby, em Los Angeles, na Calif\u00f3rnia, nos EUA. Assim como o Globo de Ouro, tamb\u00e9m ser\u00e1 transmitida pe\u00e7a TNT (TV fechada) e na plataforma de streaming Max.&nbsp;<\/p>\n","protected":false},"excerpt":{"rendered":"<p>Nesta quinta-feira (23\/01), o Brasil foi aclamado pela Academia ao selecionar o filme \u201cAinda Estou Aqui\u201d para ser um dos concorrentes ao Oscar 2025. Esse \u00e9 um marco in\u00e9dito na hist\u00f3ria do cinema nacional, pois o filme protagonizado por Fernanda Torres, foi indicado \u00e0 categoria de \u2018Melhor Filme\u2019, um dos cinco principais pr\u00eamios da noite.\u00a0 [&hellip;]<\/p>\n","protected":false},"author":7,"featured_media":2097,"comment_status":"closed","ping_status":"closed","sticky":false,"template":"","format":"standard","meta":{"jnews-multi-image_gallery":[],"jnews_single_post":{"format":"standard"},"jnews_primary_category":[],"jnews_social_meta":[],"jnews_override_counter":[],"jnews_post_split":[],"footnotes":""},"categories":[1],"tags":[],"class_list":["post-2096","post","type-post","status-publish","format-standard","has-post-thumbnail","hentry","category-geral"],"_referencia":"","_links":{"self":[{"href":"https:\/\/diariodocomercio.com.br\/mix\/wp-json\/wp\/v2\/posts\/2096","targetHints":{"allow":["GET"]}}],"collection":[{"href":"https:\/\/diariodocomercio.com.br\/mix\/wp-json\/wp\/v2\/posts"}],"about":[{"href":"https:\/\/diariodocomercio.com.br\/mix\/wp-json\/wp\/v2\/types\/post"}],"author":[{"embeddable":true,"href":"https:\/\/diariodocomercio.com.br\/mix\/wp-json\/wp\/v2\/users\/7"}],"replies":[{"embeddable":true,"href":"https:\/\/diariodocomercio.com.br\/mix\/wp-json\/wp\/v2\/comments?post=2096"}],"version-history":[{"count":1,"href":"https:\/\/diariodocomercio.com.br\/mix\/wp-json\/wp\/v2\/posts\/2096\/revisions"}],"predecessor-version":[{"id":2098,"href":"https:\/\/diariodocomercio.com.br\/mix\/wp-json\/wp\/v2\/posts\/2096\/revisions\/2098"}],"wp:featuredmedia":[{"embeddable":true,"href":"https:\/\/diariodocomercio.com.br\/mix\/wp-json\/wp\/v2\/media\/2097"}],"wp:attachment":[{"href":"https:\/\/diariodocomercio.com.br\/mix\/wp-json\/wp\/v2\/media?parent=2096"}],"wp:term":[{"taxonomy":"category","embeddable":true,"href":"https:\/\/diariodocomercio.com.br\/mix\/wp-json\/wp\/v2\/categories?post=2096"},{"taxonomy":"post_tag","embeddable":true,"href":"https:\/\/diariodocomercio.com.br\/mix\/wp-json\/wp\/v2\/tags?post=2096"}],"curies":[{"name":"wp","href":"https:\/\/api.w.org\/{rel}","templated":true}]}}