{"id":2131,"date":"2025-01-24T18:22:57","date_gmt":"2025-01-24T21:22:57","guid":{"rendered":"https:\/\/diariodocomercio.com.br\/mix\/?p=2131"},"modified":"2025-01-24T18:22:58","modified_gmt":"2025-01-24T21:22:58","slug":"azul-vai-deixar-de-operar-em-12-cidades-do-brasil","status":"publish","type":"post","link":"https:\/\/diariodocomercio.com.br\/mix\/azul-vai-deixar-de-operar-em-12-cidades-do-brasil\/","title":{"rendered":"Azul vai deixar de operar em 12 cidades do Brasil"},"content":{"rendered":"\n<p>Nos \u00faltimos meses, houve uma movimenta\u00e7\u00e3o nas empresas de avia\u00e7\u00e3o e a \u00faltima atualiza\u00e7\u00e3o \u00e9 de que a Azul Linhas A\u00e9reas informou que vai suspender as opera\u00e7\u00f5es em 12 cidades brasileiras a partir de mar\u00e7o deste ano. Segundo o comunicado, a companhia precisou adotar essa medida por uma s\u00e9rie de fatores, que incluem o aumento nos custos operacionais da avia\u00e7\u00e3o e o ajuste de oferta e demanda.<\/p>\n\n\n\n<p>De acordo com a nota, enviada para o portal g1, a empresa disse: \u201cAs mudan\u00e7as fazem parte do planejamento operacional, e os clientes impactados est\u00e3o sendo comunicados previamente e receber\u00e3o a assist\u00eancia necess\u00e1ria, conforme prev\u00ea a resolu\u00e7\u00e3o 400 da Ag\u00eancia Nacional de Avia\u00e7\u00e3o Civil (Anac)&#8221;.<\/p>\n\n\n\n<h2 class=\"wp-block-heading\">Cidades que est\u00e3o suspensas dos servi\u00e7os da Azul Linhas A\u00e9reas<\/h2>\n\n\n\n<ul class=\"wp-block-list\">\n<li>Barreirinhas (MA)<\/li>\n\n\n\n<li>Cabo Frio (RJ)<\/li>\n\n\n\n<li>Campos (RJ)<\/li>\n\n\n\n<li>Correia Pinto (SC)<\/li>\n\n\n\n<li>Crat\u00e9us (CE)<\/li>\n\n\n\n<li>Iguat\u00fa (CE)<\/li>\n\n\n\n<li>Mossor\u00f3 (RN)<\/li>\n\n\n\n<li>Parna\u00edba (PI)<\/li>\n\n\n\n<li>Rio Verde (GO)<\/li>\n\n\n\n<li>S\u00e3o Benedito (CE)<\/li>\n\n\n\n<li>S\u00e3o Raimundo Nonato (PI)<\/li>\n\n\n\n<li>Sobral (CE)<\/li>\n<\/ul>\n\n\n\n<h2 class=\"wp-block-heading\">Entenda melhor os motivos dessas suspens\u00f5es<\/h2>\n\n\n\n<p>No comunicado, a Azul Linhas A\u00e9reas tamb\u00e9m citou outras mudan\u00e7as, afirmando que um dos motivos \u00e9 a crise global na cadeia de suprimentos e a alta no d\u00f3lar. Al\u00e9m disso, tamb\u00e9m ressaltou quest\u00f5es de disponibilidade de frota e de ajustes de oferta e demanda entre as justificativas para a suspens\u00e3o.<\/p>\n\n\n\n<p>Outros destinos tamb\u00e9m ser\u00e3o afetados a partir do dia 3 de mar\u00e7o, como voos para Fernando de Noronha (PE) que ser\u00e3o operados somente a partir de Recife (PE). No dia 10 do mesmo m\u00eas, voos saindo de Juazeiro do Norte (CE) ter\u00e3o como destino o Aeroporto de Viracopos, em Campinas (SP), principal hub da Azul.<\/p>\n\n\n\n<p>Em nota, a companhia acrescenta:<em> \u201cComo empresa competitiva, reavalia constantemente as opera\u00e7\u00f5es em suas bases, como parte de um processo normal de ajuste de capacidade \u00e0 demanda. <\/em>Completou dizendo que \u201c<em>est\u00e1 sempre avaliando as possibilidades e necessidades de mercado e, consequentemente, mudan\u00e7as fazem parte do planejamento operacional\u201d.<\/em><\/p>\n","protected":false},"excerpt":{"rendered":"<p>Nos \u00faltimos meses, houve uma movimenta\u00e7\u00e3o nas empresas de avia\u00e7\u00e3o e a \u00faltima atualiza\u00e7\u00e3o \u00e9 de que a Azul Linhas A\u00e9reas informou que vai suspender as opera\u00e7\u00f5es em 12 cidades brasileiras a partir de mar\u00e7o deste ano. Segundo o comunicado, a companhia precisou adotar essa medida por uma s\u00e9rie de fatores, que incluem o aumento [&hellip;]<\/p>\n","protected":false},"author":7,"featured_media":2132,"comment_status":"closed","ping_status":"closed","sticky":false,"template":"","format":"standard","meta":{"jnews-multi-image_gallery":[],"jnews_single_post":{"format":"standard"},"jnews_primary_category":[],"jnews_social_meta":[],"jnews_override_counter":[],"jnews_post_split":[],"footnotes":""},"categories":[1],"tags":[],"class_list":["post-2131","post","type-post","status-publish","format-standard","has-post-thumbnail","hentry","category-geral"],"_referencia":"","_links":{"self":[{"href":"https:\/\/diariodocomercio.com.br\/mix\/wp-json\/wp\/v2\/posts\/2131","targetHints":{"allow":["GET"]}}],"collection":[{"href":"https:\/\/diariodocomercio.com.br\/mix\/wp-json\/wp\/v2\/posts"}],"about":[{"href":"https:\/\/diariodocomercio.com.br\/mix\/wp-json\/wp\/v2\/types\/post"}],"author":[{"embeddable":true,"href":"https:\/\/diariodocomercio.com.br\/mix\/wp-json\/wp\/v2\/users\/7"}],"replies":[{"embeddable":true,"href":"https:\/\/diariodocomercio.com.br\/mix\/wp-json\/wp\/v2\/comments?post=2131"}],"version-history":[{"count":1,"href":"https:\/\/diariodocomercio.com.br\/mix\/wp-json\/wp\/v2\/posts\/2131\/revisions"}],"predecessor-version":[{"id":2133,"href":"https:\/\/diariodocomercio.com.br\/mix\/wp-json\/wp\/v2\/posts\/2131\/revisions\/2133"}],"wp:featuredmedia":[{"embeddable":true,"href":"https:\/\/diariodocomercio.com.br\/mix\/wp-json\/wp\/v2\/media\/2132"}],"wp:attachment":[{"href":"https:\/\/diariodocomercio.com.br\/mix\/wp-json\/wp\/v2\/media?parent=2131"}],"wp:term":[{"taxonomy":"category","embeddable":true,"href":"https:\/\/diariodocomercio.com.br\/mix\/wp-json\/wp\/v2\/categories?post=2131"},{"taxonomy":"post_tag","embeddable":true,"href":"https:\/\/diariodocomercio.com.br\/mix\/wp-json\/wp\/v2\/tags?post=2131"}],"curies":[{"name":"wp","href":"https:\/\/api.w.org\/{rel}","templated":true}]}}