{"id":21360,"date":"2025-10-11T16:15:00","date_gmt":"2025-10-11T19:15:00","guid":{"rendered":"https:\/\/diariodocomercio.com.br\/mix\/?p=21360"},"modified":"2025-10-07T07:44:56","modified_gmt":"2025-10-07T10:44:56","slug":"rio-escondido-na-amazonia-e-o-mais-perigoso-do-planeta-quem-tenta-nadar-morre","status":"publish","type":"post","link":"https:\/\/diariodocomercio.com.br\/mix\/rio-escondido-na-amazonia-e-o-mais-perigoso-do-planeta-quem-tenta-nadar-morre\/","title":{"rendered":"Rio escondido na Amaz\u00f4nia \u00e9 o mais perigoso do planeta: quem tenta nadar morre"},"content":{"rendered":"\n<p>No cora\u00e7\u00e3o da&nbsp;<strong>floresta amaz\u00f4nica peruana<\/strong>, existe um fen\u00f4meno natural t\u00e3o extremo quanto fascinante: um rio capaz de&nbsp;<strong>ferver animais vivos<\/strong>. Chamado de&nbsp;<strong>Shanay-Timpishka<\/strong>&nbsp;\u2014 express\u00e3o ind\u00edgena que significa&nbsp;<em>\u201cfervido com o calor do sol\u201d<\/em>\u2014, ele pode atingir&nbsp;<strong>temperaturas pr\u00f3ximas a 100 \u00b0C<\/strong>, tornando-se um dos cursos d\u2019\u00e1gua&nbsp;<strong>mais perigosos do planeta<\/strong>.<\/p>\n\n\n\n<p>Por muito tempo considerado apenas uma\u00a0<strong>lenda ind\u00edgena<\/strong>, o rio foi estudado cientificamente pelo\u00a0<strong>geocientista peruano Andr\u00e9s Ruzo<\/strong>, que comprovou sua exist\u00eancia e revelou os segredos por tr\u00e1s das \u00e1guas letais.<\/p>\n\n\n\n<p>O&nbsp;<strong>Shanay-Timpishka<\/strong>&nbsp;est\u00e1 localizado na&nbsp;<strong>regi\u00e3o central do Peru<\/strong>, a cerca de&nbsp;<strong>700 quil\u00f4metros do vulc\u00e3o mais pr\u00f3ximo<\/strong>\u2014 o que torna o fen\u00f4meno ainda mais intrigante. Em alguns pontos, a temperatura da \u00e1gua chega a&nbsp;<strong>97 \u00b0C<\/strong>, suficiente para causar&nbsp;<strong>queimaduras de terceiro grau em segundos<\/strong>.<\/p>\n\n\n\n<blockquote class=\"wp-block-quote is-layout-flow wp-block-quote-is-layout-flow\">\n<p>\u201cMergulhar minha m\u00e3o em certas partes do rio por mais de meio segundo significaria sofrer queimaduras de terceiro grau. Cair dentro dele \u00e9 morte certa\u201d, afirmou o geocientista&nbsp;<strong>Andr\u00e9s Ruzo<\/strong>, em entrevista ao&nbsp;<em>The Sun<\/em>.<\/p>\n<\/blockquote>\n\n\n\n<p>Segundo Ruzo, a explica\u00e7\u00e3o cient\u00edfica n\u00e3o tem rela\u00e7\u00e3o com vulcanismo. O calor vem de&nbsp;<strong>\u00e1guas subterr\u00e2neas que percorrem fraturas geol\u00f3gicas<\/strong>, sendo aquecidas pelo&nbsp;<strong>gradiente geot\u00e9rmico<\/strong>&nbsp;\u2014 o aumento de temperatura conforme a profundidade da Terra. Essas \u00e1guas emergem \u00e0 superf\u00edcie, alimentando o rio fervente que corta a selva.<\/p>\n\n\n<div class=\"wp-block-image\">\n<figure class=\"aligncenter size-full\"><img decoding=\"async\" width=\"900\" height=\"500\" src=\"https:\/\/diariodocomercio.com.br\/mix\/wp-content\/uploads\/2025\/10\/image-42.png\" alt=\"\" class=\"wp-image-21382\" srcset=\"https:\/\/diariodocomercio.com.br\/mix\/wp-content\/uploads\/2025\/10\/image-42.png 900w, https:\/\/diariodocomercio.com.br\/mix\/wp-content\/uploads\/2025\/10\/image-42-300x167.png 300w, https:\/\/diariodocomercio.com.br\/mix\/wp-content\/uploads\/2025\/10\/image-42-768x427.png 768w, https:\/\/diariodocomercio.com.br\/mix\/wp-content\/uploads\/2025\/10\/image-42-150x83.png 150w, https:\/\/diariodocomercio.com.br\/mix\/wp-content\/uploads\/2025\/10\/image-42-750x417.png 750w\" sizes=\"(max-width: 900px) 100vw, 900px\" \/><figcaption class=\"wp-element-caption\">Rio Shanay-Timpishka (Reprodu\u00e7\u00e3o\/TripAdvisor)<\/figcaption><\/figure>\n<\/div>\n\n\n<h2 class=\"wp-block-heading\"><strong>Descoberta que nasceu de uma lenda<\/strong><\/h2>\n\n\n\n<p>A hist\u00f3ria do rio chegou a Ruzo por meio de uma&nbsp;<strong>lenda contada por seu av\u00f4<\/strong>, quando ele ainda era crian\u00e7a. Anos mais tarde, j\u00e1 formado em Geoci\u00eancias, o pesquisador decidiu seguir o rastro do mito e encontrou o que descreveu como&nbsp;<strong>\u201cum milagre geot\u00e9rmico \u00fanico no mundo\u201d<\/strong>.<\/p>\n\n\n\n<blockquote class=\"wp-block-quote is-layout-flow wp-block-quote-is-layout-flow\">\n<p>\u201cOs dados mostram que o rio fervente existe independente de vulcanismo. \u00c9 um sistema geot\u00e9rmico n\u00e3o-vulc\u00e2nico de magnitude global\u201d, explica Ruzo.<\/p>\n<\/blockquote>\n\n\n\n<p>Para chegar at\u00e9 o local, \u00e9 necess\u00e1rio&nbsp;<strong>viajar de avi\u00e3o at\u00e9 Pucallpa<\/strong>, seguir&nbsp;<strong>duas horas de carro at\u00e9 o rio Pachitea<\/strong>&nbsp;e, depois,&nbsp;<strong>navegar por mais 30 minutos<\/strong>&nbsp;at\u00e9 alcan\u00e7ar a foz do&nbsp;<strong>Shanay-Timpishka<\/strong>&nbsp;\u2014 uma jornada t\u00e3o desafiadora quanto perigosa.<\/p>\n\n\n\n<h2 class=\"wp-block-heading\"><strong>O que dizem os nativos<\/strong><\/h2>\n\n\n\n<p>Para os povos ind\u00edgenas que habitam a regi\u00e3o, o rio \u00e9 sagrado. Segundo suas cren\u00e7as, ele \u00e9 morada de&nbsp;<strong>Yacumama<\/strong>, uma&nbsp;<strong>serpente gigante m\u00edtica<\/strong>, conhecida como a \u201c<strong>M\u00e3e das \u00c1guas<\/strong>\u201d. A entidade seria respons\u00e1vel por proteger e punir quem desafia os mist\u00e9rios da floresta.<\/p>\n\n\n\n<p>Os xam\u00e3s locais afirmam que o calor do rio representa o&nbsp;<strong>\u201cesp\u00edrito da Terra\u201d<\/strong>, e acreditam que a \u00e1rea \u00e9 um&nbsp;<strong>portal entre o mundo f\u00edsico e espiritual<\/strong>.<\/p>\n\n\n\n<h2 class=\"wp-block-heading\"><strong>Laborat\u00f3rio natural contra o aquecimento global<\/strong><\/h2>\n\n\n\n<p>Al\u00e9m do fasc\u00ednio m\u00edstico, o&nbsp;<strong>Shanay-Timpishka<\/strong>&nbsp;se tornou um&nbsp;<strong>importante campo de estudo cient\u00edfico<\/strong>. Em 2024, uma equipe de pesquisadores do&nbsp;<strong>Peru e dos Estados Unidos<\/strong>&nbsp;instalou sensores ao longo do curso d\u2019\u00e1gua para medir a temperatura do ar e do solo.<\/p>\n\n\n\n<p>As medi\u00e7\u00f5es revelaram&nbsp;<strong>diferen\u00e7as t\u00e9rmicas extremas<\/strong>: enquanto \u00e1reas mais frias registraram&nbsp;<strong>24 \u00b0C<\/strong>, regi\u00f5es pr\u00f3ximas ao rio ultrapassaram&nbsp;<strong>45 \u00b0C<\/strong>. Essa varia\u00e7\u00e3o afeta diretamente a&nbsp;<strong>vegeta\u00e7\u00e3o local<\/strong>, que apresenta sinais de&nbsp;<strong>estresse t\u00e9rmico e perda de biodiversidade<\/strong>.<\/p>\n\n\n\n<blockquote class=\"wp-block-quote is-layout-flow wp-block-quote-is-layout-flow\">\n<p>\u201cMesmo sendo muito \u00famido, a vegeta\u00e7\u00e3o parecia bem mais seca\u201d, afirmou a pesquisadora&nbsp;<strong>Alyssa Kullberg<\/strong>, do Instituto Federal de Tecnologia de Lausanne, \u00e0&nbsp;<em>BBC<\/em>.<\/p>\n<\/blockquote>\n\n\n\n<p>Cientistas veem o local como um&nbsp;<strong>laborat\u00f3rio natural<\/strong>&nbsp;para compreender os efeitos do&nbsp;<strong>aquecimento global<\/strong>&nbsp;na Amaz\u00f4nia. Esp\u00e9cies como a&nbsp;<strong>Ceiba<\/strong>, mais resistente, conseguem sobreviver; outras, como a&nbsp;<strong>Guarea grandifolia<\/strong>, desaparecem completamente nas \u00e1reas mais quentes.<\/p>\n","protected":false},"excerpt":{"rendered":"<p>No cora\u00e7\u00e3o da&nbsp;floresta amaz\u00f4nica peruana, existe um fen\u00f4meno natural t\u00e3o extremo quanto fascinante: um rio capaz de&nbsp;ferver animais vivos. Chamado de&nbsp;Shanay-Timpishka&nbsp;\u2014 express\u00e3o ind\u00edgena que significa&nbsp;\u201cfervido com o calor do sol\u201d\u2014, ele pode atingir&nbsp;temperaturas pr\u00f3ximas a 100 \u00b0C, tornando-se um dos cursos d\u2019\u00e1gua&nbsp;mais perigosos do planeta. Por muito tempo considerado apenas uma\u00a0lenda ind\u00edgena, o rio foi [&hellip;]<\/p>\n","protected":false},"author":9,"featured_media":21381,"comment_status":"closed","ping_status":"closed","sticky":false,"template":"","format":"standard","meta":{"jnews-multi-image_gallery":[],"jnews_single_post":{"format":"standard"},"jnews_primary_category":[],"jnews_social_meta":[],"jnews_override_counter":[],"jnews_post_split":[],"footnotes":""},"categories":[1],"tags":[],"class_list":["post-21360","post","type-post","status-publish","format-standard","has-post-thumbnail","hentry","category-geral"],"_referencia":"","_links":{"self":[{"href":"https:\/\/diariodocomercio.com.br\/mix\/wp-json\/wp\/v2\/posts\/21360","targetHints":{"allow":["GET"]}}],"collection":[{"href":"https:\/\/diariodocomercio.com.br\/mix\/wp-json\/wp\/v2\/posts"}],"about":[{"href":"https:\/\/diariodocomercio.com.br\/mix\/wp-json\/wp\/v2\/types\/post"}],"author":[{"embeddable":true,"href":"https:\/\/diariodocomercio.com.br\/mix\/wp-json\/wp\/v2\/users\/9"}],"replies":[{"embeddable":true,"href":"https:\/\/diariodocomercio.com.br\/mix\/wp-json\/wp\/v2\/comments?post=21360"}],"version-history":[{"count":2,"href":"https:\/\/diariodocomercio.com.br\/mix\/wp-json\/wp\/v2\/posts\/21360\/revisions"}],"predecessor-version":[{"id":21383,"href":"https:\/\/diariodocomercio.com.br\/mix\/wp-json\/wp\/v2\/posts\/21360\/revisions\/21383"}],"wp:featuredmedia":[{"embeddable":true,"href":"https:\/\/diariodocomercio.com.br\/mix\/wp-json\/wp\/v2\/media\/21381"}],"wp:attachment":[{"href":"https:\/\/diariodocomercio.com.br\/mix\/wp-json\/wp\/v2\/media?parent=21360"}],"wp:term":[{"taxonomy":"category","embeddable":true,"href":"https:\/\/diariodocomercio.com.br\/mix\/wp-json\/wp\/v2\/categories?post=21360"},{"taxonomy":"post_tag","embeddable":true,"href":"https:\/\/diariodocomercio.com.br\/mix\/wp-json\/wp\/v2\/tags?post=21360"}],"curies":[{"name":"wp","href":"https:\/\/api.w.org\/{rel}","templated":true}]}}