{"id":2145,"date":"2025-01-24T19:58:04","date_gmt":"2025-01-24T22:58:04","guid":{"rendered":"https:\/\/diariodocomercio.com.br\/mix\/?p=2145"},"modified":"2025-01-24T19:58:05","modified_gmt":"2025-01-24T22:58:05","slug":"6-frutas-que-voce-nao-deve-guardar-na-geladeira","status":"publish","type":"post","link":"https:\/\/diariodocomercio.com.br\/mix\/6-frutas-que-voce-nao-deve-guardar-na-geladeira\/","title":{"rendered":"6 frutas que voc\u00ea N\u00c3O deve guardar na geladeira"},"content":{"rendered":"\n<p>Cada casa tem um h\u00e1bito de como guardar seus itens de cozinha, mas existem recomenda\u00e7\u00f5es feitas por especialistas sobre quais frutas e legumes devem ficar fora da geladeira, apesar de algumas pessoas terem o costume de guardar certos alimentos de forma refrigerada. Mas, algumas frutas perdem sabor, textura e at\u00e9 nutrientes quando expostas ao frio.<\/p>\n\n\n\n<p>Isso porque, nem todas as frutas amadurecem da mesma forma e \u00e9 preciso ter esse cuidado para n\u00e3o acelerar ou diminuir o processo natural delas. Por exemplo, algumas esp\u00e9cies terminam sua matura\u00e7\u00e3o ap\u00f3s serem tiradas da \u00e1rvore, enquanto outras continuam a amadurecer mesmo ap\u00f3s a colheita. O que ajudar\u00e1 ainda mais nesse processo, \u00e9 a forma como armazenamos elas.&nbsp;<\/p>\n\n\n\n<h2 class=\"wp-block-heading\">Confira abaixo 7 frutas que n\u00e3o devem ser colocadas na geladeira<\/h2>\n\n\n\n<p>As frutas conhecidas como climat\u00e9ricas, s\u00e3o aquelas que continuam a amadurecer ap\u00f3s serem colhidas da \u00e1rvore, como no caso das: <strong>Banana, Abacate, Ma\u00e7\u00e3, Manga, Mam\u00e3o, P\u00eara e Tomate. <\/strong>Como elas continuam na fase de matura\u00e7\u00e3o, a geladeira pode afetar e impedir que elas continuem amadurecendo. Essas esp\u00e9cies n\u00e3o gostam do frio e o correto \u00e9 armazen\u00e1-las em temperatura ambiente, em local fresco e ventilado.<\/p>\n\n\n\n<p>Quando for comprar frutas no mercado, opte pelas que est\u00e3o verdes ou muito maduras. Ao guardar em casa, deixe-as em um local fresco, seco e arejado, longe da luz direta do sol. Em contrapartida, saiba que morangos, uvas e mirtilos, podem ser armazenados na geladeira, pois aumentam sua vida \u00fatil. Por isso \u00e9 importante saber qual tipo de fruta est\u00e1 comprando, para armazen\u00e1-la da maneira correta.&nbsp;&nbsp;<\/p>\n","protected":false},"excerpt":{"rendered":"<p>Cada casa tem um h\u00e1bito de como guardar seus itens de cozinha, mas existem recomenda\u00e7\u00f5es feitas por especialistas sobre quais frutas e legumes devem ficar fora da geladeira, apesar de algumas pessoas terem o costume de guardar certos alimentos de forma refrigerada. Mas, algumas frutas perdem sabor, textura e at\u00e9 nutrientes quando expostas ao frio. [&hellip;]<\/p>\n","protected":false},"author":7,"featured_media":2146,"comment_status":"closed","ping_status":"closed","sticky":false,"template":"","format":"standard","meta":{"jnews-multi-image_gallery":[],"jnews_single_post":{"format":"standard"},"jnews_primary_category":[],"jnews_social_meta":[],"jnews_override_counter":[],"jnews_post_split":[],"footnotes":""},"categories":[1],"tags":[],"class_list":["post-2145","post","type-post","status-publish","format-standard","has-post-thumbnail","hentry","category-geral"],"_referencia":"","_links":{"self":[{"href":"https:\/\/diariodocomercio.com.br\/mix\/wp-json\/wp\/v2\/posts\/2145","targetHints":{"allow":["GET"]}}],"collection":[{"href":"https:\/\/diariodocomercio.com.br\/mix\/wp-json\/wp\/v2\/posts"}],"about":[{"href":"https:\/\/diariodocomercio.com.br\/mix\/wp-json\/wp\/v2\/types\/post"}],"author":[{"embeddable":true,"href":"https:\/\/diariodocomercio.com.br\/mix\/wp-json\/wp\/v2\/users\/7"}],"replies":[{"embeddable":true,"href":"https:\/\/diariodocomercio.com.br\/mix\/wp-json\/wp\/v2\/comments?post=2145"}],"version-history":[{"count":1,"href":"https:\/\/diariodocomercio.com.br\/mix\/wp-json\/wp\/v2\/posts\/2145\/revisions"}],"predecessor-version":[{"id":2147,"href":"https:\/\/diariodocomercio.com.br\/mix\/wp-json\/wp\/v2\/posts\/2145\/revisions\/2147"}],"wp:featuredmedia":[{"embeddable":true,"href":"https:\/\/diariodocomercio.com.br\/mix\/wp-json\/wp\/v2\/media\/2146"}],"wp:attachment":[{"href":"https:\/\/diariodocomercio.com.br\/mix\/wp-json\/wp\/v2\/media?parent=2145"}],"wp:term":[{"taxonomy":"category","embeddable":true,"href":"https:\/\/diariodocomercio.com.br\/mix\/wp-json\/wp\/v2\/categories?post=2145"},{"taxonomy":"post_tag","embeddable":true,"href":"https:\/\/diariodocomercio.com.br\/mix\/wp-json\/wp\/v2\/tags?post=2145"}],"curies":[{"name":"wp","href":"https:\/\/api.w.org\/{rel}","templated":true}]}}