{"id":21595,"date":"2025-10-11T16:05:00","date_gmt":"2025-10-11T19:05:00","guid":{"rendered":"https:\/\/diariodocomercio.com.br\/mix\/?p=21595"},"modified":"2025-10-08T14:48:53","modified_gmt":"2025-10-08T17:48:53","slug":"arca-de-noe-gigante-identica-a-da-biblia-sera-construida-em-cidade-brasileira","status":"publish","type":"post","link":"https:\/\/diariodocomercio.com.br\/mix\/arca-de-noe-gigante-identica-a-da-biblia-sera-construida-em-cidade-brasileira\/","title":{"rendered":"Arca de No\u00e9 gigante id\u00eantica a da B\u00edblia ser\u00e1 constru\u00edda em cidade brasileira"},"content":{"rendered":"\n<p>Depois de enfrentar as enchentes que devastaram o munic\u00edpio entre 2023 e 2024,\u00a0Roca Sales, no Vale do Taquari (RS), decidiu dar um novo significado \u00e0 palavra\u00a0<em>reconstru\u00e7\u00e3o<\/em>. A cidade vai erguer uma\u00a0r\u00e9plica em tamanho real da Arca de No\u00e9, inspirada nas dimens\u00f5es descritas na B\u00edblia.<\/p>\n\n\n\n<p>O projeto, com cerca de\u00a0120 metros de comprimento, ser\u00e1 constru\u00eddo no alto de um morro e promete se tornar um dos\u00a0principais pontos tur\u00edsticos religiosos do Sul do Brasil\u00a0at\u00e9 2030.<\/p>\n\n\n\n<p>A iniciativa partiu da\u00a0Associa\u00e7\u00e3o de Amigos Reconstruindo Roca Sales, criada ap\u00f3s as trag\u00e9dias clim\u00e1ticas que atingiram mais de 11 mil moradores. O projeto \u00e9 coordenado pelo empres\u00e1rio\u00a0Eduardo Alves Salgado, que explica o simbolismo da ideia:<\/p>\n\n\n\n<blockquote class=\"wp-block-quote is-layout-flow wp-block-quote-is-layout-flow\">\n<p>\u201cAs enchentes alavancaram a cria\u00e7\u00e3o da associa\u00e7\u00e3o, e a partir da\u00ed surgiu a ideia da arca. \u00c9 um projeto que fala de ressurgimento e esperan\u00e7a\u201d, afirmou Salgado \u00e0&nbsp;<em>Gazeta do Povo<\/em>.<\/p>\n<\/blockquote>\n\n\n\n<h2 class=\"wp-block-heading\"><strong>Arca ser\u00e1 um complexo tur\u00edstico e religioso<\/strong><\/h2>\n\n\n\n<p>A nova \u201cArca de No\u00e9\u201d ser\u00e1 muito mais do que uma constru\u00e7\u00e3o simb\u00f3lica. O espa\u00e7o deve abrigar um\u00a0museu da enchente, que contar\u00e1 a hist\u00f3ria recente da cidade, al\u00e9m de\u00a0cafeteria, restaurantes, uma vin\u00edcola\u00a0e \u00e1reas de conviv\u00eancia para visitantes.<\/p>\n\n\n\n<p>O objetivo \u00e9 transformar a regi\u00e3o em um&nbsp;<strong>centro de turismo religioso e hist\u00f3rico<\/strong>, atraindo visitantes de todo o pa\u00eds e impulsionando a economia local.<\/p>\n\n\n\n<blockquote class=\"wp-block-quote is-layout-flow wp-block-quote-is-layout-flow\">\n<p>\u201cN\u00e3o pode ser uma coisa pequena. A ideia \u00e9 criar algo grandioso, capaz de inspirar e movimentar a cidade\u201d, disse o empres\u00e1rio.<\/p>\n<\/blockquote>\n\n\n\n<h2 class=\"wp-block-heading\"><strong>Dimens\u00f5es b\u00edblicas e vista para o Cristo Protetor<\/strong><\/h2>\n\n\n\n<p>De acordo com o projeto arquitet\u00f4nico, a arca ter\u00e1&nbsp;<strong>120 metros de comprimento<\/strong>,&nbsp;<strong>22,5 de largura<\/strong>&nbsp;e&nbsp;<strong>13,5 de altura<\/strong>&nbsp;\u2014 medidas muito pr\u00f3ximas das relatadas nas Escrituras.<\/p>\n\n\n\n<p>Embora feita em concreto, a parte externa ser\u00e1\u00a0revestida com porcelanato\u00a0para garantir durabilidade, e o\u00a0interior receber\u00e1 acabamento em madeira, remetendo ao visual original.<\/p>\n\n\n\n<p>O monumento ser\u00e1 erguido em um ponto estrat\u00e9gico do munic\u00edpio, de onde ser\u00e1 poss\u00edvel avistar o&nbsp;<strong>Cristo Protetor de Encantado<\/strong>, uma das maiores est\u00e1tuas do Brasil, com 43,5 metros de altura.<\/p>\n\n\n\n<h2 class=\"wp-block-heading\"><strong>Financiamento e impacto regional<\/strong><\/h2>\n\n\n\n<p>A constru\u00e7\u00e3o&nbsp;<strong>n\u00e3o contar\u00e1 com recursos p\u00fablicos<\/strong>. O projeto ser\u00e1 viabilizado por&nbsp;<strong>parcerias privadas e doa\u00e7\u00f5es<\/strong>, em um modelo semelhante ao que sustentou o Cristo Protetor e outros marcos tur\u00edsticos da regi\u00e3o.<\/p>\n\n\n\n<p>Al\u00e9m do aspecto religioso, o empreendimento deve&nbsp;<strong>estimular o turismo e gerar empregos locais<\/strong>, impulsionando setores como hotelaria, gastronomia e com\u00e9rcio.<\/p>\n\n\n\n<p>A previs\u00e3o \u00e9 de que a arca fique pronta&nbsp;<strong>at\u00e9 2030<\/strong>, e os primeiros desenhos arquitet\u00f4nicos devem ser divulgados ainda este ano.<\/p>\n","protected":false},"excerpt":{"rendered":"<p>Depois de enfrentar as enchentes que devastaram o munic\u00edpio entre 2023 e 2024,\u00a0Roca Sales, no Vale do Taquari (RS), decidiu dar um novo significado \u00e0 palavra\u00a0reconstru\u00e7\u00e3o. A cidade vai erguer uma\u00a0r\u00e9plica em tamanho real da Arca de No\u00e9, inspirada nas dimens\u00f5es descritas na B\u00edblia. O projeto, com cerca de\u00a0120 metros de comprimento, ser\u00e1 constru\u00eddo no [&hellip;]<\/p>\n","protected":false},"author":9,"featured_media":21597,"comment_status":"closed","ping_status":"closed","sticky":false,"template":"","format":"standard","meta":{"jnews-multi-image_gallery":[],"jnews_single_post":{"format":"standard"},"jnews_primary_category":[],"jnews_social_meta":[],"jnews_override_counter":[],"jnews_post_split":[],"footnotes":""},"categories":[1],"tags":[],"class_list":["post-21595","post","type-post","status-publish","format-standard","has-post-thumbnail","hentry","category-geral"],"_referencia":"","_links":{"self":[{"href":"https:\/\/diariodocomercio.com.br\/mix\/wp-json\/wp\/v2\/posts\/21595","targetHints":{"allow":["GET"]}}],"collection":[{"href":"https:\/\/diariodocomercio.com.br\/mix\/wp-json\/wp\/v2\/posts"}],"about":[{"href":"https:\/\/diariodocomercio.com.br\/mix\/wp-json\/wp\/v2\/types\/post"}],"author":[{"embeddable":true,"href":"https:\/\/diariodocomercio.com.br\/mix\/wp-json\/wp\/v2\/users\/9"}],"replies":[{"embeddable":true,"href":"https:\/\/diariodocomercio.com.br\/mix\/wp-json\/wp\/v2\/comments?post=21595"}],"version-history":[{"count":1,"href":"https:\/\/diariodocomercio.com.br\/mix\/wp-json\/wp\/v2\/posts\/21595\/revisions"}],"predecessor-version":[{"id":21598,"href":"https:\/\/diariodocomercio.com.br\/mix\/wp-json\/wp\/v2\/posts\/21595\/revisions\/21598"}],"wp:featuredmedia":[{"embeddable":true,"href":"https:\/\/diariodocomercio.com.br\/mix\/wp-json\/wp\/v2\/media\/21597"}],"wp:attachment":[{"href":"https:\/\/diariodocomercio.com.br\/mix\/wp-json\/wp\/v2\/media?parent=21595"}],"wp:term":[{"taxonomy":"category","embeddable":true,"href":"https:\/\/diariodocomercio.com.br\/mix\/wp-json\/wp\/v2\/categories?post=21595"},{"taxonomy":"post_tag","embeddable":true,"href":"https:\/\/diariodocomercio.com.br\/mix\/wp-json\/wp\/v2\/tags?post=21595"}],"curies":[{"name":"wp","href":"https:\/\/api.w.org\/{rel}","templated":true}]}}