{"id":21621,"date":"2025-10-11T17:06:00","date_gmt":"2025-10-11T20:06:00","guid":{"rendered":"https:\/\/diariodocomercio.com.br\/mix\/?p=21621"},"modified":"2025-10-08T16:48:49","modified_gmt":"2025-10-08T19:48:49","slug":"monstro-de-quase-10-metros-e-descoberto-escondido-na-amazonia","status":"publish","type":"post","link":"https:\/\/diariodocomercio.com.br\/mix\/monstro-de-quase-10-metros-e-descoberto-escondido-na-amazonia\/","title":{"rendered":"Monstro de quase 10 metros \u00e9 descoberto escondido na Amaz\u00f4nia"},"content":{"rendered":"\n<p>Uma descoberta not\u00e1vel na <strong>Amaz\u00f4nia<\/strong> est\u00e1 atraindo intensa aten\u00e7\u00e3o da comunidade cient\u00edfica: a identifica\u00e7\u00e3o de uma nova esp\u00e9cie de serpente gigante. Com aproximadamente 7,5 metros de comprimento, a<strong> anaconda verde do norte<\/strong>, identificada recentemente, est\u00e1 redefinindo o entendimento sobre esses r\u00e9pteis.<\/p>\n\n\n\n<p>A nova esp\u00e9cie, denominada<em> Eunectes akayima<\/em>, foi revelada durante uma expedi\u00e7\u00e3o na regi\u00e3o equatoriana da floresta amaz\u00f4nica, destacando a import\u00e2ncia da conserva\u00e7\u00e3o e biodiversidade no local.<\/p>\n\n\n<div class=\"wp-block-image\">\n<figure class=\"aligncenter size-large is-resized\"><img decoding=\"async\" width=\"1200\" height=\"675\" src=\"https:\/\/diariodocomercio.com.br\/mix\/wp-content\/uploads\/2025\/10\/maxresdefault-3-1200x675.webp\" alt=\"\" class=\"wp-image-21622\" style=\"width:357px;height:auto\" srcset=\"https:\/\/diariodocomercio.com.br\/mix\/wp-content\/uploads\/2025\/10\/maxresdefault-3-1200x675.webp 1200w, https:\/\/diariodocomercio.com.br\/mix\/wp-content\/uploads\/2025\/10\/maxresdefault-3-300x169.webp 300w, https:\/\/diariodocomercio.com.br\/mix\/wp-content\/uploads\/2025\/10\/maxresdefault-3-768x432.webp 768w, https:\/\/diariodocomercio.com.br\/mix\/wp-content\/uploads\/2025\/10\/maxresdefault-3-150x84.webp 150w, https:\/\/diariodocomercio.com.br\/mix\/wp-content\/uploads\/2025\/10\/maxresdefault-3-750x422.webp 750w, https:\/\/diariodocomercio.com.br\/mix\/wp-content\/uploads\/2025\/10\/maxresdefault-3-1140x641.webp 1140w, https:\/\/diariodocomercio.com.br\/mix\/wp-content\/uploads\/2025\/10\/maxresdefault-3.webp 1280w\" sizes=\"(max-width: 1200px) 100vw, 1200px\" \/><figcaption class=\"wp-element-caption\">Anaconda verde do norte (Foto: Captura de tela \/ YouTube \/ Canal Bi\u00f3logo Henrique)<\/figcaption><\/figure>\n<\/div>\n\n\n<h2 class=\"wp-block-heading\">Investiga\u00e7\u00e3o na Amaz\u00f4nia<\/h2>\n\n\n\n<p>Pesquisadores da<strong> Universidade de Queensland<\/strong>, na Austr\u00e1lia, conduziram uma expedi\u00e7\u00e3o em colabora\u00e7\u00e3o com comunidades ind\u00edgenas locais, o que levou \u00e0 descoberta. Durante o trabalho de campo, as equipes coletaram amostras que confirmaram uma diferen\u00e7a gen\u00e9tica de 5,5% com a conhecida anaconda verde do sul (Eunectes murinus).<\/p>\n\n\n\n<p>Os relatos das comunidades locais mencionam esp\u00e9cimes que podem atingir mais de<strong> 7,5 metros<\/strong> e at\u00e9<strong> 500 kg.<\/strong><\/p>\n\n\n\n<p>A diverg\u00eancia gen\u00e9tica entre essas duas esp\u00e9cies ocorreu h\u00e1 cerca de 10 milh\u00f5es de anos. Essa diferencia\u00e7\u00e3o \u00e9 significativa, sendo mais que o dobro da diferen\u00e7a gen\u00e9tica encontrada entre humanos e chimpanz\u00e9s, o que evidencia a singularidade desta serpente robusta.<\/p>\n\n\n\n<h2 class=\"wp-block-heading\">Caracter\u00edsticas distintivas<\/h2>\n\n\n\n<p><strong>Sem possuir veneno<\/strong>, a anaconda verde do norte (E. akayima) \u00e9 uma predadora que utiliza a t\u00e9cnica de constri\u00e7\u00e3o para capturar suas presas. A dieta inclui vertebrados aqu\u00e1ticos e terrestres. As f\u00eameas costumam ser maiores que os machos, e algumas podem exceder 200 quilos.<\/p>\n\n\n\n<p>O habitat desta serpente estende-se pelo norte da Amaz\u00f4nia equatoriana e por partes da Col\u00f4mbia, Venezuela e Guianas. Ela vive em \u00e1guas rasas e quentes, onde sua colora\u00e7\u00e3o verde-oliva proporciona excelente camuflagem.<\/p>\n","protected":false},"excerpt":{"rendered":"<p>Uma descoberta not\u00e1vel na Amaz\u00f4nia est\u00e1 atraindo intensa aten\u00e7\u00e3o da comunidade cient\u00edfica.<\/p>\n","protected":false},"author":12,"featured_media":20094,"comment_status":"closed","ping_status":"closed","sticky":false,"template":"","format":"standard","meta":{"jnews-multi-image_gallery":[],"jnews_single_post":{"format":"standard"},"jnews_primary_category":[],"jnews_social_meta":[],"jnews_override_counter":[],"jnews_post_split":[],"footnotes":""},"categories":[1],"tags":[],"class_list":["post-21621","post","type-post","status-publish","format-standard","has-post-thumbnail","hentry","category-geral"],"_referencia":"","_links":{"self":[{"href":"https:\/\/diariodocomercio.com.br\/mix\/wp-json\/wp\/v2\/posts\/21621","targetHints":{"allow":["GET"]}}],"collection":[{"href":"https:\/\/diariodocomercio.com.br\/mix\/wp-json\/wp\/v2\/posts"}],"about":[{"href":"https:\/\/diariodocomercio.com.br\/mix\/wp-json\/wp\/v2\/types\/post"}],"author":[{"embeddable":true,"href":"https:\/\/diariodocomercio.com.br\/mix\/wp-json\/wp\/v2\/users\/12"}],"replies":[{"embeddable":true,"href":"https:\/\/diariodocomercio.com.br\/mix\/wp-json\/wp\/v2\/comments?post=21621"}],"version-history":[{"count":1,"href":"https:\/\/diariodocomercio.com.br\/mix\/wp-json\/wp\/v2\/posts\/21621\/revisions"}],"predecessor-version":[{"id":21623,"href":"https:\/\/diariodocomercio.com.br\/mix\/wp-json\/wp\/v2\/posts\/21621\/revisions\/21623"}],"wp:featuredmedia":[{"embeddable":true,"href":"https:\/\/diariodocomercio.com.br\/mix\/wp-json\/wp\/v2\/media\/20094"}],"wp:attachment":[{"href":"https:\/\/diariodocomercio.com.br\/mix\/wp-json\/wp\/v2\/media?parent=21621"}],"wp:term":[{"taxonomy":"category","embeddable":true,"href":"https:\/\/diariodocomercio.com.br\/mix\/wp-json\/wp\/v2\/categories?post=21621"},{"taxonomy":"post_tag","embeddable":true,"href":"https:\/\/diariodocomercio.com.br\/mix\/wp-json\/wp\/v2\/tags?post=21621"}],"curies":[{"name":"wp","href":"https:\/\/api.w.org\/{rel}","templated":true}]}}