{"id":21719,"date":"2025-10-09T12:26:28","date_gmt":"2025-10-09T15:26:28","guid":{"rendered":"https:\/\/diariodocomercio.com.br\/mix\/?p=21719"},"modified":"2025-10-09T12:26:31","modified_gmt":"2025-10-09T15:26:31","slug":"6-selecoes-acabam-de-ser-desclassificadas-da-copa-do-mundo-de-2026","status":"publish","type":"post","link":"https:\/\/diariodocomercio.com.br\/mix\/6-selecoes-acabam-de-ser-desclassificadas-da-copa-do-mundo-de-2026\/","title":{"rendered":"6 sele\u00e7\u00f5es acabam de ser desclassificadas da Copa do Mundo de 2026"},"content":{"rendered":"\n<p>O sonho de seis sele\u00e7\u00f5es africanas chegou ao fim nesta quarta-feira (8).\u00a0Serra Leoa, Guin\u00e9-Bissau, L\u00edbia, Angola, Comores e Mali\u00a0foram\u00a0eliminadas das Eliminat\u00f3rias da \u00c1frica\u00a0e est\u00e3o oficialmente fora da\u00a0Copa do Mundo de 2026, que ser\u00e1 realizada nos\u00a0Estados Unidos, M\u00e9xico e Canad\u00e1.<\/p>\n\n\n\n<p>A\u00a0Copa do Mundo de 2026\u00a0ser\u00e1 a\u00a0maior da hist\u00f3ria, com\u00a048 sele\u00e7\u00f5es\u00a0divididas em\u00a012 grupos de quatro equipes. O torneio ocorrer\u00e1 entre\u00a011 de junho e 19 de julho de 2026, com\u00a0jogos em 16 cidades\u00a0dos\u00a0Estados Unidos, M\u00e9xico e Canad\u00e1.<\/p>\n\n\n\n<p>A competi\u00e7\u00e3o, que pela primeira vez contar\u00e1 com\u00a048 sele\u00e7\u00f5es, vive a reta final das qualificat\u00f3rias em v\u00e1rios continentes \u2014 e j\u00e1 registra\u00a0baixas importantes, inclusive de\u00a0pa\u00edses tradicionais do futebol mundial.<\/p>\n\n\n\n<p>Na\u00a0classificat\u00f3ria africana, apenas os\u00a0l\u00edderes de cada grupo\u00a0garantem vaga direta no Mundial, enquanto os\u00a0quatro melhores segundos colocados\u00a0disputar\u00e3o a repescagem continental.<\/p>\n\n\n\n<p>Nesta quarta-feira,\u00a0Guin\u00e9-Bissau\u00a0perdeu para a\u00a0Eti\u00f3pia por 1 a 0\u00a0fora de casa, ficando com 10 pontos e sem chances de avan\u00e7ar.\u00a0Serra Leoa\u00a0tamb\u00e9m caiu, ao perder por\u00a01 a 0 para Burkina Faso, em casa.<\/p>\n\n\n\n<p>Com esses resultados,\u00a0o Egito garantiu a vaga direta\u00a0no Grupo A, enquanto\u00a0Burkina Faso\u00a0assegurou a segunda posi\u00e7\u00e3o e tentar\u00e1 uma vaga in\u00e9dita na repescagem.<\/p>\n\n\n\n<p>No\u00a0Grupo D,\u00a0L\u00edbia\u00a0e\u00a0Angola\u00a0empataram, respectivamente, com\u00a0Cabo Verde (3 a 3)\u00a0e\u00a0Essuat\u00edni (2 a 2)\u00a0\u2014 resultados que decretaram a elimina\u00e7\u00e3o de ambas. Cabo Verde lidera o grupo, seguido por Camar\u00f5es.<\/p>\n\n\n\n<p>J\u00e1 no\u00a0Grupo I,\u00a0Mali\u00a0venceu\u00a0Chade por 2 a 0, mas a vit\u00f3ria n\u00e3o foi suficiente para mant\u00ea-lo na disputa.\u00a0Comores, derrotado por\u00a02 a 1 por Madagascar, tamb\u00e9m se despede das Eliminat\u00f3rias. Agora,\u00a0Gana\u00a0e\u00a0Madagascar\u00a0brigam pela vaga direta.<\/p>\n\n\n\n<h2 class=\"wp-block-heading\"><strong>Am\u00e9rica do Sul: Chile, Peru e Venezuela est\u00e3o fora<\/strong><\/h2>\n\n\n\n<p>Na\u00a0Conmebol, tr\u00eas sele\u00e7\u00f5es j\u00e1 n\u00e3o t\u00eam mais chances de ir \u00e0 Copa:\u00a0Chile,\u00a0Peru\u00a0e\u00a0Venezuela. O Chile, bicampe\u00e3o da Copa Am\u00e9rica (2015 e 2016), amarga mais uma elimina\u00e7\u00e3o e segue fora do Mundial desde 2014.<\/p>\n\n\n\n<p>O\u00a0Peru, que disputou a repescagem em 2022, tamb\u00e9m n\u00e3o conseguiu reagir nesta edi\u00e7\u00e3o. J\u00e1 a\u00a0Venezuela\u00a0segue em busca de sua\u00a0primeira classifica\u00e7\u00e3o na hist\u00f3ria.<\/p>\n\n\n\n<h2 class=\"wp-block-heading\"><strong>Am\u00e9rica do Norte e Caribe: 20 sele\u00e7\u00f5es eliminadas<\/strong><\/h2>\n\n\n\n<p>Na\u00a0Concacaf, cerca de\u00a020 sele\u00e7\u00f5es\u00a0j\u00e1 deixaram o torneio nas fases iniciais, entre elas\u00a0Cuba\u00a0e\u00a0Rep\u00fablica Dominicana. Apesar do grande n\u00famero de eliminados,\u00a0Estados Unidos, M\u00e9xico e Canad\u00e1\u00a0j\u00e1 est\u00e3o garantidos como\u00a0pa\u00edses-sede.<\/p>\n\n\n\n<p>A disputa pelas vagas restantes segue intensa entre sele\u00e7\u00f5es como\u00a0Costa Rica, Panam\u00e1, Jamaica e Honduras.<\/p>\n\n\n\n<h2 class=\"wp-block-heading\"><strong>\u00c1sia: China e Coreia do Norte fora<\/strong><\/h2>\n\n\n\n<p>Na\u00a0\u00c1sia, as surpresas ficaram por conta das elimina\u00e7\u00f5es da\u00a0China\u00a0e da\u00a0Coreia do Norte, duas sele\u00e7\u00f5es com hist\u00f3rico de participa\u00e7\u00f5es em Copas.<br>Ao todo,\u00a034 pa\u00edses asi\u00e1ticos\u00a0est\u00e3o fora da briga \u2014 incluindo\u00a0Kuwait, \u00cdndia e Tail\u00e2ndia.<\/p>\n\n\n\n<p>O continente ter\u00e1\u00a0oito vagas diretas\u00a0e\u00a0uma adicional via repescagem intercontinental.<\/p>\n\n\n\n<h2 class=\"wp-block-heading\"><strong>Oceania e Europa: baixas esperadas<\/strong><\/h2>\n\n\n\n<p>Na\u00a0Oceania, nove sele\u00e7\u00f5es j\u00e1 se despediram, como\u00a0Fiji, Taiti e Samoa, restando apenas\u00a0Nova Zel\u00e2ndia, que tem\u00a0vaga direta garantida\u00a0pela primeira vez no novo formato da FIFA.<\/p>\n\n\n\n<p>Na\u00a0Europa,\u00a0Gibraltar\u00a0e\u00a0Liechtenstein\u00a0foram as primeiras a deixar a disputa, mas o continente ainda est\u00e1 em plena fase de grupos.<strong>Copa do Mundo de 2026 ser\u00e1 a maior da hist\u00f3ria<\/strong><\/p>\n","protected":false},"excerpt":{"rendered":"<p>O sonho de seis sele\u00e7\u00f5es africanas chegou ao fim nesta quarta-feira (8).\u00a0Serra Leoa, Guin\u00e9-Bissau, L\u00edbia, Angola, Comores e Mali\u00a0foram\u00a0eliminadas das Eliminat\u00f3rias da \u00c1frica\u00a0e est\u00e3o oficialmente fora da\u00a0Copa do Mundo de 2026, que ser\u00e1 realizada nos\u00a0Estados Unidos, M\u00e9xico e Canad\u00e1. A\u00a0Copa do Mundo de 2026\u00a0ser\u00e1 a\u00a0maior da hist\u00f3ria, com\u00a048 sele\u00e7\u00f5es\u00a0divididas em\u00a012 grupos de quatro equipes. O [&hellip;]<\/p>\n","protected":false},"author":9,"featured_media":15123,"comment_status":"closed","ping_status":"closed","sticky":false,"template":"","format":"standard","meta":{"jnews-multi-image_gallery":[],"jnews_single_post":{"format":"standard"},"jnews_primary_category":[],"jnews_social_meta":[],"jnews_override_counter":[],"jnews_post_split":[],"footnotes":""},"categories":[1],"tags":[],"class_list":["post-21719","post","type-post","status-publish","format-standard","has-post-thumbnail","hentry","category-geral"],"_referencia":"","_links":{"self":[{"href":"https:\/\/diariodocomercio.com.br\/mix\/wp-json\/wp\/v2\/posts\/21719","targetHints":{"allow":["GET"]}}],"collection":[{"href":"https:\/\/diariodocomercio.com.br\/mix\/wp-json\/wp\/v2\/posts"}],"about":[{"href":"https:\/\/diariodocomercio.com.br\/mix\/wp-json\/wp\/v2\/types\/post"}],"author":[{"embeddable":true,"href":"https:\/\/diariodocomercio.com.br\/mix\/wp-json\/wp\/v2\/users\/9"}],"replies":[{"embeddable":true,"href":"https:\/\/diariodocomercio.com.br\/mix\/wp-json\/wp\/v2\/comments?post=21719"}],"version-history":[{"count":1,"href":"https:\/\/diariodocomercio.com.br\/mix\/wp-json\/wp\/v2\/posts\/21719\/revisions"}],"predecessor-version":[{"id":21727,"href":"https:\/\/diariodocomercio.com.br\/mix\/wp-json\/wp\/v2\/posts\/21719\/revisions\/21727"}],"wp:featuredmedia":[{"embeddable":true,"href":"https:\/\/diariodocomercio.com.br\/mix\/wp-json\/wp\/v2\/media\/15123"}],"wp:attachment":[{"href":"https:\/\/diariodocomercio.com.br\/mix\/wp-json\/wp\/v2\/media?parent=21719"}],"wp:term":[{"taxonomy":"category","embeddable":true,"href":"https:\/\/diariodocomercio.com.br\/mix\/wp-json\/wp\/v2\/categories?post=21719"},{"taxonomy":"post_tag","embeddable":true,"href":"https:\/\/diariodocomercio.com.br\/mix\/wp-json\/wp\/v2\/tags?post=21719"}],"curies":[{"name":"wp","href":"https:\/\/api.w.org\/{rel}","templated":true}]}}