{"id":21728,"date":"2025-10-09T12:41:43","date_gmt":"2025-10-09T15:41:43","guid":{"rendered":"https:\/\/diariodocomercio.com.br\/mix\/?p=21728"},"modified":"2025-10-09T12:41:45","modified_gmt":"2025-10-09T15:41:45","slug":"estudo-aponta-que-o-apocalipse-esta-mais-proximo-do-que-se-imagina","status":"publish","type":"post","link":"https:\/\/diariodocomercio.com.br\/mix\/estudo-aponta-que-o-apocalipse-esta-mais-proximo-do-que-se-imagina\/","title":{"rendered":"Estudo aponta que o apocalipse est\u00e1 mais pr\u00f3ximo do que se imagina"},"content":{"rendered":"\n<p>Um novo estudo publicado na revista\u00a0<em>Science<\/em>\u00a0acendeu um alerta global sobre o colapso silencioso da vida na Terra. Pesquisadores do\u00a0Instituto de Ci\u00eancia e Tecnologia de Okinawa (Jap\u00e3o), em parceria com\u00a0Harvard\u00a0e a\u00a0Universidade de Maryland (EUA), descobriram que\u00a079% das esp\u00e9cies end\u00eamicas de formigas do arquip\u00e9lago de Fiji est\u00e3o em decl\u00ednio populacional\u00a0\u2014 um ind\u00edcio de que o chamado\u00a0\u201capocalipse dos insetos\u201d\u00a0pode estar mais pr\u00f3ximo do que se imagina.<\/p>\n\n\n\n<p>Segundo os cientistas, a queda dr\u00e1stica teve in\u00edcio h\u00e1 cerca de&nbsp;<strong>3 mil anos<\/strong>, com a chegada dos primeiros humanos \u00e0s ilhas do Pac\u00edfico Sul, e&nbsp;<strong>se acelerou nos \u00faltimos 300 anos<\/strong>, per\u00edodo marcado pela coloniza\u00e7\u00e3o europeia, o avan\u00e7o da agricultura moderna e o aumento do com\u00e9rcio global.<\/p>\n\n\n\n<blockquote class=\"wp-block-quote is-layout-flow wp-block-quote-is-layout-flow\">\n<p>\u201c\u00c9 uma evid\u00eancia in\u00e9dita de algo que h\u00e1 muito suspeit\u00e1vamos: as esp\u00e9cies de insetos isoladas em ilhas remotas est\u00e3o desaparecendo rapidamente\u201d, afirma&nbsp;<strong>Evan Economo<\/strong>, entomologista e coautor da pesquisa.<\/p>\n<\/blockquote>\n\n\n\n<h2 class=\"wp-block-heading\"><strong>Um colapso em escala planet\u00e1ria<\/strong><\/h2>\n\n\n\n<p>O caso de Fiji n\u00e3o \u00e9 isolado. Pesquisas semelhantes revelam que a abund\u00e2ncia de insetos est\u00e1 despencando em todo o mundo:<\/p>\n\n\n\n<ul class=\"wp-block-list\">\n<li>Na\u00a0<strong>Alemanha<\/strong>, o n\u00famero de insetos voadores em 63 reservas naturais caiu\u00a0<strong>75% em menos de 30 anos<\/strong>;<\/li>\n\n\n\n<li>Nos\u00a0<strong>Estados Unidos<\/strong>, a popula\u00e7\u00e3o de besouros despencou\u00a0<strong>83% em 45 anos<\/strong>;<\/li>\n\n\n\n<li>Na\u00a0<strong>Europa<\/strong>, as borboletas de pradaria diminu\u00edram\u00a0<strong>36% na \u00faltima d\u00e9cada<\/strong>.<\/li>\n<\/ul>\n\n\n\n<p>Estima-se que&nbsp;<strong>40% de todas as esp\u00e9cies de insetos do planeta<\/strong>&nbsp;estejam em risco de extin\u00e7\u00e3o \u2014 uma taxa de perda que chega a&nbsp;<strong>2,5% da biomassa por ano<\/strong>, segundo entomologistas.<\/p>\n\n\n\n<p>As principais causas do fen\u00f4meno incluem&nbsp;<strong>perda de habitat, uso de pesticidas, mudan\u00e7as clim\u00e1ticas, polui\u00e7\u00e3o luminosa e introdu\u00e7\u00e3o de esp\u00e9cies invasoras<\/strong>.<\/p>\n\n\n\n<blockquote class=\"wp-block-quote is-layout-flow wp-block-quote-is-layout-flow\">\n<p>\u201cOs insetos s\u00e3o as pequenas engrenagens que mant\u00eam o mundo funcionando. Sem eles, os ecossistemas entram em colapso\u201d, explica&nbsp;<strong>Alexander Mikheyev<\/strong>, bi\u00f3logo evolutivo da Universidade Nacional da Austr\u00e1lia.<\/p>\n<\/blockquote>\n\n\n\n<h2 class=\"wp-block-heading\"><strong>A ci\u00eancia que revela o passado<\/strong><\/h2>\n\n\n\n<p>Como n\u00e3o existem registros hist\u00f3ricos consistentes sobre as formigas de Fiji, os pesquisadores recorreram \u00e0 chamada&nbsp;<strong>\u201cgen\u00f4mica comunit\u00e1ria\u201d<\/strong>&nbsp;\u2014 uma t\u00e9cnica que analisa varia\u00e7\u00f5es gen\u00e9ticas em amostras de museu para reconstruir a hist\u00f3ria populacional das esp\u00e9cies.<\/p>\n\n\n\n<p>Foram examinadas&nbsp;<strong>mais de 100 esp\u00e9cies<\/strong>&nbsp;e milhares de esp\u00e9cimes coletados ao longo de d\u00e9cadas. Os dados permitiram rastrear o decl\u00ednio das popula\u00e7\u00f5es e at\u00e9 identificar&nbsp;<strong>65 eventos de coloniza\u00e7\u00e3o<\/strong>, nos quais novas esp\u00e9cies chegaram \u00e0s ilhas, muitas vezes levadas acidentalmente por humanos.<\/p>\n\n\n\n<p>Enquanto as formigas nativas diminuem,&nbsp;<strong>esp\u00e9cies invasoras prosperam<\/strong>, adaptando-se melhor aos ambientes urbanos e agr\u00edcolas.<\/p>\n\n\n\n<blockquote class=\"wp-block-quote is-layout-flow wp-block-quote-is-layout-flow\">\n<p>\u201cFiji tem algumas das esp\u00e9cies de formigas mais espetaculares e restritas geograficamente do planeta. O fato de estarem desaparecendo \u00e9 alarmante \u2014 e pode estar acontecendo em outras partes do mundo tamb\u00e9m\u201d, alerta Economo.<\/p>\n<\/blockquote>\n\n\n\n<h2 class=\"wp-block-heading\"><strong>Pequenas, mas vitais<\/strong><\/h2>\n\n\n\n<p>Os insetos s\u00e3o essenciais para a vida na Terra: polinizam plantas, ajudam na decomposi\u00e7\u00e3o da mat\u00e9ria org\u00e2nica, controlam pragas e mant\u00eam o equil\u00edbrio dos ecossistemas. Em Fiji, por exemplo, certas formigas s\u00e3o conhecidas por&nbsp;<strong>\u201ccultivar\u201d plantas em \u00e1rvores<\/strong>, depositando sementes e fertilizando-as com seus pr\u00f3prios excrementos \u2014 um processo \u00fanico na natureza.<\/p>\n\n\n\n<p>O desaparecimento dessas esp\u00e9cies amea\u00e7a n\u00e3o apenas a biodiversidade local, mas tamb\u00e9m\u00a0<strong>cadeias alimentares inteiras<\/strong>.<\/p>\n\n\n\n<p>Os cientistas afirmam que o decl\u00ednio das formigas de Fiji \u00e9 um&nbsp;<strong>microcosmo do que pode estar ocorrendo globalmente<\/strong>. Em outras palavras, as ilhas funcionam como um&nbsp;<strong>\u201ccan\u00e1rio na mina de carv\u00e3o\u201d<\/strong>&nbsp;\u2014 um sinal antecipado de um colapso ambiental de grandes propor\u00e7\u00f5es.<\/p>\n\n\n\n<blockquote class=\"wp-block-quote is-layout-flow wp-block-quote-is-layout-flow\">\n<p>\u201cMesmo em locais remotos e aparentemente intocados, como as montanhas do Colorado ou as ilhas do Pac\u00edfico, as popula\u00e7\u00f5es de insetos est\u00e3o desabando. Isso mostra que nenhum ecossistema est\u00e1 a salvo\u201d, diz o bi\u00f3logo&nbsp;<strong>Keith Sockman<\/strong>, da Universidade da Carolina do Norte.<\/p>\n<\/blockquote>\n\n\n\n<h2 class=\"wp-block-heading\"><strong>O \u201capocalipse\u201d pode ser evitado?<\/strong><\/h2>\n\n\n\n<p>Especialistas defendem que&nbsp;<strong>ainda h\u00e1 tempo para reverter parte dos danos<\/strong>, mas isso exige mudan\u00e7as profundas:<\/p>\n\n\n\n<ul class=\"wp-block-list\">\n<li>Reduzir o uso de\u00a0<strong>agrot\u00f3xicos e fertilizantes qu\u00edmicos<\/strong>;<\/li>\n\n\n\n<li>Restaurar\u00a0<strong>habitats naturais<\/strong>;<\/li>\n\n\n\n<li>Controlar\u00a0<strong>esp\u00e9cies invasoras<\/strong>;<\/li>\n\n\n\n<li>E adotar\u00a0<strong>pol\u00edticas globais de conserva\u00e7\u00e3o da biodiversidade<\/strong>.<\/li>\n<\/ul>\n\n\n\n<p>Se nada for feito, alertam os pesquisadores, o desaparecimento dos insetos \u2014 respons\u00e1veis por manter os ecossistemas em funcionamento \u2014 pode desencadear&nbsp;<strong>um efeito domin\u00f3 sem precedentes<\/strong>, comprometendo a produ\u00e7\u00e3o de alimentos, a poliniza\u00e7\u00e3o e o equil\u00edbrio clim\u00e1tico.<\/p>\n","protected":false},"excerpt":{"rendered":"<p>Um novo estudo publicado na revista\u00a0Science\u00a0acendeu um alerta global sobre o colapso silencioso da vida na Terra. Pesquisadores do\u00a0Instituto de Ci\u00eancia e Tecnologia de Okinawa (Jap\u00e3o), em parceria com\u00a0Harvard\u00a0e a\u00a0Universidade de Maryland (EUA), descobriram que\u00a079% das esp\u00e9cies end\u00eamicas de formigas do arquip\u00e9lago de Fiji est\u00e3o em decl\u00ednio populacional\u00a0\u2014 um ind\u00edcio de que o chamado\u00a0\u201capocalipse dos [&hellip;]<\/p>\n","protected":false},"author":9,"featured_media":21729,"comment_status":"closed","ping_status":"closed","sticky":false,"template":"","format":"standard","meta":{"jnews-multi-image_gallery":[],"jnews_single_post":{"format":"standard"},"jnews_primary_category":[],"jnews_social_meta":[],"jnews_override_counter":[],"jnews_post_split":[],"footnotes":""},"categories":[1],"tags":[],"class_list":["post-21728","post","type-post","status-publish","format-standard","has-post-thumbnail","hentry","category-geral"],"_referencia":"","_links":{"self":[{"href":"https:\/\/diariodocomercio.com.br\/mix\/wp-json\/wp\/v2\/posts\/21728","targetHints":{"allow":["GET"]}}],"collection":[{"href":"https:\/\/diariodocomercio.com.br\/mix\/wp-json\/wp\/v2\/posts"}],"about":[{"href":"https:\/\/diariodocomercio.com.br\/mix\/wp-json\/wp\/v2\/types\/post"}],"author":[{"embeddable":true,"href":"https:\/\/diariodocomercio.com.br\/mix\/wp-json\/wp\/v2\/users\/9"}],"replies":[{"embeddable":true,"href":"https:\/\/diariodocomercio.com.br\/mix\/wp-json\/wp\/v2\/comments?post=21728"}],"version-history":[{"count":1,"href":"https:\/\/diariodocomercio.com.br\/mix\/wp-json\/wp\/v2\/posts\/21728\/revisions"}],"predecessor-version":[{"id":21730,"href":"https:\/\/diariodocomercio.com.br\/mix\/wp-json\/wp\/v2\/posts\/21728\/revisions\/21730"}],"wp:featuredmedia":[{"embeddable":true,"href":"https:\/\/diariodocomercio.com.br\/mix\/wp-json\/wp\/v2\/media\/21729"}],"wp:attachment":[{"href":"https:\/\/diariodocomercio.com.br\/mix\/wp-json\/wp\/v2\/media?parent=21728"}],"wp:term":[{"taxonomy":"category","embeddable":true,"href":"https:\/\/diariodocomercio.com.br\/mix\/wp-json\/wp\/v2\/categories?post=21728"},{"taxonomy":"post_tag","embeddable":true,"href":"https:\/\/diariodocomercio.com.br\/mix\/wp-json\/wp\/v2\/tags?post=21728"}],"curies":[{"name":"wp","href":"https:\/\/api.w.org\/{rel}","templated":true}]}}