{"id":2176,"date":"2025-01-27T18:53:48","date_gmt":"2025-01-27T21:53:48","guid":{"rendered":"https:\/\/diariodocomercio.com.br\/mix\/?p=2176"},"modified":"2025-01-27T18:53:49","modified_gmt":"2025-01-27T21:53:49","slug":"estes-sao-os-5-alimentos-que-mais-aumentaram-o-preco-nos-ultimos-12-meses","status":"publish","type":"post","link":"https:\/\/diariodocomercio.com.br\/mix\/estes-sao-os-5-alimentos-que-mais-aumentaram-o-preco-nos-ultimos-12-meses\/","title":{"rendered":"Estes s\u00e3o os 5 alimentos que mais AUMENTARAM o pre\u00e7o nos \u00faltimos 12 meses"},"content":{"rendered":"\n<p>No \u00faltimo ano, o aumento do pre\u00e7o dos alimentos foi uma preocupa\u00e7\u00e3o dos brasileiros. Inclusive, na \u00faltima sexta-feira (24), o presidente Luiz In\u00e1cio Lula da Silva (PT) convocou uma reuni\u00e3o com ministros da \u00e1rea para debater poss\u00edveis formas de ajudar o pre\u00e7o dos alimentos a diminuir. Segundo especialistas ouvidos pelo g1, um dos fatores que explica o aumento dos pre\u00e7os foi o calor extremo e a seca do \u00faltimo ano. <\/p>\n\n\n\n<h2 class=\"wp-block-heading\">1. Laranja<\/h2>\n\n\n\n<p>O valor da laranja-pera subiu 48,3% este ano. No caso da laranja-lima, o aumento foi ainda mais escandaloso: 91%. Al\u00e9m do calor e a seca, uma doen\u00e7a chamada greening, que afeta pomares principalmente na regi\u00e3o de Minas Gerais e S\u00e3o Paulo, explica a produ\u00e7\u00e3o menor e, consequentemente, o aumento do pre\u00e7o da fruta.<\/p>\n\n\n\n<h2 class=\"wp-block-heading\">2. Caf\u00e9<\/h2>\n\n\n\n<p>Geadas e ondas de calor j\u00e1 tinham atrapalhado safras de caf\u00e9 em anos anteriores e a situa\u00e7\u00e3o foi ainda pior em 2024. Al\u00e9m disso, a crise de produ\u00e7\u00e3o do caf\u00e9 do Vietn\u00e3 aumentou a demanda internacional pelo gr\u00e3o &#8211; do qual o Brasil \u00e9 o maior exportador. De acordo com os especialistas, o pre\u00e7o do nosso cafezinho deve continuar alto at\u00e9 2026.<\/p>\n\n\n\n<h2 class=\"wp-block-heading\">3. Carne<\/h2>\n\n\n\n<p>A carne aumentou 20,8% em 2024, a maior alta desde 2019 e sem expectativa de queda. Cortes populares como ac\u00e9m, contrafil\u00e9 e patinho foram alguns dos que mais aumentaram nos \u00faltimos 12 meses. Entre os motivos que explicam esse aumento, temos o ciclo pecu\u00e1rio &#8211; a oferta de bois diminui de tempos em tempos -, a seca e as queimadas que atrapalham a forma\u00e7\u00e3o dos pastos, o aumento da exporta\u00e7\u00e3o e a valoriza\u00e7\u00e3o do sal\u00e1rio m\u00ednimo do brasileiro.<\/p>\n\n\n\n<h2 class=\"wp-block-heading\">4. Leite <\/h2>\n\n\n\n<p>A pecu\u00e1ria leiteira tamb\u00e9m foi atingida por eventos clim\u00e1ticos, como a seca, o calor, queimadas e enchentes. Com uma produ\u00e7\u00e3o menor, mas a demanda ainda grande, o leite longa vida teve uma alta de 18,8% no \u00faltimo ano.<\/p>\n\n\n\n<h2 class=\"wp-block-heading\">5. Arroz<\/h2>\n\n\n\n<p>O arroz teve um aumento de 8,24% nos \u00faltimos 12 meses, algo que vem acontecendo pelo mundo todo. Esse aumento \u00e9 explicado por mudan\u00e7as clim\u00e1ticas e uma alta do d\u00f3lar.<\/p>\n","protected":false},"excerpt":{"rendered":"<p>Mudan\u00e7as clim\u00e1ticas foram as principais respons\u00e1veis pelo aumento do pre\u00e7o de v\u00e1rios alimentos no Brasil em 2024.<\/p>\n","protected":false},"author":6,"featured_media":2178,"comment_status":"closed","ping_status":"closed","sticky":false,"template":"","format":"standard","meta":{"jnews-multi-image_gallery":[],"jnews_single_post":{"format":"standard"},"jnews_primary_category":[],"jnews_social_meta":[],"jnews_override_counter":[],"jnews_post_split":[],"footnotes":""},"categories":[1],"tags":[],"class_list":["post-2176","post","type-post","status-publish","format-standard","has-post-thumbnail","hentry","category-geral"],"_referencia":"","_links":{"self":[{"href":"https:\/\/diariodocomercio.com.br\/mix\/wp-json\/wp\/v2\/posts\/2176","targetHints":{"allow":["GET"]}}],"collection":[{"href":"https:\/\/diariodocomercio.com.br\/mix\/wp-json\/wp\/v2\/posts"}],"about":[{"href":"https:\/\/diariodocomercio.com.br\/mix\/wp-json\/wp\/v2\/types\/post"}],"author":[{"embeddable":true,"href":"https:\/\/diariodocomercio.com.br\/mix\/wp-json\/wp\/v2\/users\/6"}],"replies":[{"embeddable":true,"href":"https:\/\/diariodocomercio.com.br\/mix\/wp-json\/wp\/v2\/comments?post=2176"}],"version-history":[{"count":1,"href":"https:\/\/diariodocomercio.com.br\/mix\/wp-json\/wp\/v2\/posts\/2176\/revisions"}],"predecessor-version":[{"id":2182,"href":"https:\/\/diariodocomercio.com.br\/mix\/wp-json\/wp\/v2\/posts\/2176\/revisions\/2182"}],"wp:featuredmedia":[{"embeddable":true,"href":"https:\/\/diariodocomercio.com.br\/mix\/wp-json\/wp\/v2\/media\/2178"}],"wp:attachment":[{"href":"https:\/\/diariodocomercio.com.br\/mix\/wp-json\/wp\/v2\/media?parent=2176"}],"wp:term":[{"taxonomy":"category","embeddable":true,"href":"https:\/\/diariodocomercio.com.br\/mix\/wp-json\/wp\/v2\/categories?post=2176"},{"taxonomy":"post_tag","embeddable":true,"href":"https:\/\/diariodocomercio.com.br\/mix\/wp-json\/wp\/v2\/tags?post=2176"}],"curies":[{"name":"wp","href":"https:\/\/api.w.org\/{rel}","templated":true}]}}