{"id":21765,"date":"2025-10-09T14:59:26","date_gmt":"2025-10-09T17:59:26","guid":{"rendered":"https:\/\/diariodocomercio.com.br\/mix\/?p=21765"},"modified":"2025-10-09T14:59:28","modified_gmt":"2025-10-09T17:59:28","slug":"alerta-de-tempestade-mini-furacao-vai-atingir-o-brasil-bem-no-dia-das-criancas-12-10","status":"publish","type":"post","link":"https:\/\/diariodocomercio.com.br\/mix\/alerta-de-tempestade-mini-furacao-vai-atingir-o-brasil-bem-no-dia-das-criancas-12-10\/","title":{"rendered":"Alerta de tempestade: \u201cmini-furac\u00e3o\u201d vai atingir o Brasil bem no Dia das Crian\u00e7as (12\/10)"},"content":{"rendered":"\n<p>O feriado do\u00a0Dia das Crian\u00e7as e de Nossa Senhora Aparecida nesse domingo (12)\u00a0ser\u00e1 marcado por\u00a0tempo severo\u00a0em boa parte do pa\u00eds. Meteorologistas alertam para a forma\u00e7\u00e3o de um\u00a0ciclone extratropical\u00a0\u2014 popularmente chamado de \u201cmini-furac\u00e3o\u201d \u2014 que deve provocar\u00a0chuvas intensas, ventos fortes e risco de granizo\u00a0no Sul e em partes do Centro-Oeste e Sudeste.<\/p>\n\n\n\n<p>De acordo com o\u00a0<em>Meteored<\/em>\u00a0e a\u00a0<em>MetSul Meteorologia<\/em>, o fen\u00f4meno \u00e9 impulsionado por um\u00a0\u201crio atmosf\u00e9rico\u201d, uma corrente de ventos em baixos n\u00edveis que transporta calor e umidade da Amaz\u00f4nia para o sul do continente. Essa combina\u00e7\u00e3o cria um ambiente prop\u00edcio para\u00a0quedas acentuadas de press\u00e3o atmosf\u00e9rica, que d\u00e3o origem ao ciclone.<\/p>\n\n\n\n<p>A previs\u00e3o indica que o\u00a0domingo concentrar\u00e1 o\u00a0maior risco de tempestades severas. O sistema come\u00e7a a se formar entre\u00a0Buenos Aires e o Uruguai\u00a0ainda no s\u00e1bado (11) e se intensifica rapidamente, atingindo o\u00a0extremo sul do Brasilentre a madrugada e a manh\u00e3 do feriado.<\/p>\n\n\n\n<p>O\u00a0Rio Grande do Sul\u00a0deve ser o estado mais afetado, com\u00a0chuvas fortes a intensas,\u00a0ventos entre 70 km\/h e 90 km\/h\u00a0e\u00a0possibilidade de queda de granizo. As rajadas mais fortes devem ocorrer nas regi\u00f5es\u00a0Sul e Leste ga\u00fachas, podendo causar\u00a0destelhamentos, queda de \u00e1rvores e interrup\u00e7\u00f5es no fornecimento de energia el\u00e9trica.<\/p>\n\n\n\n<p>O mau tempo se estende a\u00a0Santa Catarina e Paran\u00e1, com avan\u00e7o das tempestades ao longo do dia.<\/p>\n\n\n\n<h2 class=\"wp-block-heading\"><strong>Frente fria avan\u00e7a para o Centro-Oeste e o Sudeste<\/strong><\/h2>\n\n\n\n<p>Com o deslocamento do ciclone, a frente fria associada deve alcan\u00e7ar tamb\u00e9m\u00a0Mato Grosso do Sul, S\u00e3o Paulo e partes de Mato Grosso\u00a0ainda no domingo. Na\u00a0segunda-feira (13), o sistema se espalha para\u00a0outras \u00e1reas do Centro-Oeste e do Sudeste, com\u00a0chuvas volumosas e temporais isolados.<\/p>\n\n\n\n<p>Segundo o modelo europeu\u00a0<em>ECMWF<\/em>, da\u00a0<em>Meteored<\/em>, as regi\u00f5es mais afetadas devem ser a\u00a0metade oeste do Rio Grande do Sul\u00a0\u2014 incluindo\u00a0Campanha, Oeste, Centro e Norte\u00a0do estado.<\/p>\n\n\n\n<p>Mesmo ap\u00f3s o afastamento do ciclone, a\u00a0ter\u00e7a-feira (14)\u00a0ainda ser\u00e1 marcada por\u00a0instabilidade. O sol pode voltar a aparecer em algumas \u00e1reas do Sul, mas\u00a0pancadas de chuva isoladas\u00a0ainda s\u00e3o esperadas.<\/p>\n\n\n\n<h2 class=\"wp-block-heading\"><strong>O que causa o fen\u00f4meno<\/strong><\/h2>\n\n\n\n<p>Os ciclones extratropicais s\u00e3o comuns nas latitudes m\u00e9dias do Hemisf\u00e9rio Sul, especialmente&nbsp;<strong>entre o Uruguai e o extremo sul do Brasil<\/strong>, onde h\u00e1 forte intera\u00e7\u00e3o entre&nbsp;<strong>ventos em altitude e calor \u00famido na superf\u00edcie<\/strong>. Essa combina\u00e7\u00e3o favorece a forma\u00e7\u00e3o de sistemas de baixa press\u00e3o que, quando intensificados, produzem&nbsp;<strong>ventos fortes e tempestades severas<\/strong>.<\/p>\n\n\n\n<p>O&nbsp;<strong>\u201cjato de baixos n\u00edveis\u201d (JBN)<\/strong>&nbsp;\u2014 uma corrente de ventos quentes e \u00famidos que vem da Amaz\u00f4nia \u2014 atua como um combust\u00edvel para o ciclone. \u00c0 medida que o sistema se aprofunda,&nbsp;<strong>atrai ainda mais umidade<\/strong>, aumentando o potencial de tempestades.<\/p>\n","protected":false},"excerpt":{"rendered":"<p>O feriado do\u00a0Dia das Crian\u00e7as e de Nossa Senhora Aparecida nesse domingo (12)\u00a0ser\u00e1 marcado por\u00a0tempo severo\u00a0em boa parte do pa\u00eds. Meteorologistas alertam para a forma\u00e7\u00e3o de um\u00a0ciclone extratropical\u00a0\u2014 popularmente chamado de \u201cmini-furac\u00e3o\u201d \u2014 que deve provocar\u00a0chuvas intensas, ventos fortes e risco de granizo\u00a0no Sul e em partes do Centro-Oeste e Sudeste. De acordo com o\u00a0Meteored\u00a0e [&hellip;]<\/p>\n","protected":false},"author":9,"featured_media":14300,"comment_status":"closed","ping_status":"closed","sticky":false,"template":"","format":"standard","meta":{"jnews-multi-image_gallery":[],"jnews_single_post":{"format":"standard"},"jnews_primary_category":[],"jnews_social_meta":[],"jnews_override_counter":[],"jnews_post_split":[],"footnotes":""},"categories":[1],"tags":[],"class_list":["post-21765","post","type-post","status-publish","format-standard","has-post-thumbnail","hentry","category-geral"],"_referencia":"","_links":{"self":[{"href":"https:\/\/diariodocomercio.com.br\/mix\/wp-json\/wp\/v2\/posts\/21765","targetHints":{"allow":["GET"]}}],"collection":[{"href":"https:\/\/diariodocomercio.com.br\/mix\/wp-json\/wp\/v2\/posts"}],"about":[{"href":"https:\/\/diariodocomercio.com.br\/mix\/wp-json\/wp\/v2\/types\/post"}],"author":[{"embeddable":true,"href":"https:\/\/diariodocomercio.com.br\/mix\/wp-json\/wp\/v2\/users\/9"}],"replies":[{"embeddable":true,"href":"https:\/\/diariodocomercio.com.br\/mix\/wp-json\/wp\/v2\/comments?post=21765"}],"version-history":[{"count":1,"href":"https:\/\/diariodocomercio.com.br\/mix\/wp-json\/wp\/v2\/posts\/21765\/revisions"}],"predecessor-version":[{"id":21766,"href":"https:\/\/diariodocomercio.com.br\/mix\/wp-json\/wp\/v2\/posts\/21765\/revisions\/21766"}],"wp:featuredmedia":[{"embeddable":true,"href":"https:\/\/diariodocomercio.com.br\/mix\/wp-json\/wp\/v2\/media\/14300"}],"wp:attachment":[{"href":"https:\/\/diariodocomercio.com.br\/mix\/wp-json\/wp\/v2\/media?parent=21765"}],"wp:term":[{"taxonomy":"category","embeddable":true,"href":"https:\/\/diariodocomercio.com.br\/mix\/wp-json\/wp\/v2\/categories?post=21765"},{"taxonomy":"post_tag","embeddable":true,"href":"https:\/\/diariodocomercio.com.br\/mix\/wp-json\/wp\/v2\/tags?post=21765"}],"curies":[{"name":"wp","href":"https:\/\/api.w.org\/{rel}","templated":true}]}}