{"id":21767,"date":"2025-10-12T17:07:00","date_gmt":"2025-10-12T20:07:00","guid":{"rendered":"https:\/\/diariodocomercio.com.br\/mix\/?p=21767"},"modified":"2025-10-09T15:06:22","modified_gmt":"2025-10-09T18:06:22","slug":"veja-como-excluir-o-contato-meta-ai-do-whatsapp-e-por-que-isso-e-necessario","status":"publish","type":"post","link":"https:\/\/diariodocomercio.com.br\/mix\/veja-como-excluir-o-contato-meta-ai-do-whatsapp-e-por-que-isso-e-necessario\/","title":{"rendered":"Veja como excluir o contato \u201cMeta AI\u201d do WhatsApp e por que isso \u00e9 necess\u00e1rio"},"content":{"rendered":"\n<p>Desde outubro de 2024, o WhatsApp passou a incluir oficialmente o\u00a0Meta AI, assistente de intelig\u00eancia artificial generativa criado pela\u00a0Meta, empresa dona do Facebook e Instagram. O recurso \u2014 anunciado por\u00a0Mark Zuckerberg\u00a0\u2014 foi apresentado como uma forma de facilitar conversas e oferecer respostas r\u00e1pidas, gerar imagens e at\u00e9 realizar buscas dentro do app.<\/p>\n\n\n\n<p>Mas, na pr\u00e1tica,\u00a0muitos usu\u00e1rios t\u00eam se mostrado incomodados\u00a0com a presen\u00e7a da IA. Preocupa\u00e7\u00f5es com\u00a0privacidade,\u00a0consumo de bateria\u00a0e\u00a0falhas nas respostas\u00a0est\u00e3o entre os principais motivos que levaram parte do p\u00fablico a procurar maneiras de\u00a0\u201cremover\u201d ou ocultar o contato Meta AI\u00a0do WhatsApp.<\/p>\n\n\n\n<p>A m\u00e1 not\u00edcia \u00e9 que\u00a0a ferramenta n\u00e3o pode ser totalmente desinstalada, mas h\u00e1 formas de\u00a0minimizar sua presen\u00e7a\u00a0e\u00a0restringir o uso dos seus dados.<\/p>\n\n\n\n<p>As cr\u00edticas \u00e0 Meta AI v\u00eam crescendo desde o in\u00edcio da integra\u00e7\u00e3o ao WhatsApp. Segundo o jornal&nbsp;<em>La Nacion<\/em>&nbsp;e o&nbsp;<em>The Wall Street Journal<\/em>, os principais motivos incluem:<\/p>\n\n\n\n<ul class=\"wp-block-list\">\n<li><strong>Preocupa\u00e7\u00f5es com privacidade:<\/strong>\u00a0embora a Meta afirme que as mensagens com a IA s\u00e3o criptografadas, especialistas alertam para a coleta de padr\u00f5es de conversa usados no aprendizado do sistema.<\/li>\n\n\n\n<li><strong>Risco de informa\u00e7\u00f5es incorretas:<\/strong>\u00a0falhas de interpreta\u00e7\u00e3o e respostas imprecisas podem gerar desinforma\u00e7\u00e3o, principalmente em temas sens\u00edveis, como sa\u00fade e direito.<\/li>\n\n\n\n<li><strong>Consumo de energia e processamento:<\/strong>\u00a0o funcionamento constante da IA pode aumentar o uso de bateria e reduzir o desempenho de celulares mais antigos.<\/li>\n\n\n\n<li><strong>Distratividade:<\/strong>\u00a0as respostas imediatas e autom\u00e1ticas da IA podem tornar as intera\u00e7\u00f5es menos naturais, reduzindo a curiosidade e o pensamento cr\u00edtico.<\/li>\n<\/ul>\n\n\n\n<h2 class=\"wp-block-heading\"><strong>1. Exclua a conversa com a Meta AI<\/strong><\/h2>\n\n\n\n<p>A maneira mais simples de afastar o contato da sua lista \u00e9&nbsp;<strong>apagar a conversa<\/strong>.<\/p>\n\n\n\n<ul class=\"wp-block-list\">\n<li><strong>No Android:<\/strong>\u00a0mantenha o dedo pressionado sobre o chat da Meta AI e toque no\u00a0<strong>\u00edcone da lixeira<\/strong>.<\/li>\n\n\n\n<li><strong>No iPhone (iOS):<\/strong>\u00a0deslize o chat para a esquerda, toque nas\u00a0<strong>retic\u00eancias (\u00b7\u00b7\u00b7)<\/strong>\u00a0e selecione\u00a0<strong>\u201cApagar conversa\u201d<\/strong>.<\/li>\n<\/ul>\n\n\n\n<p>Isso n\u00e3o desativa o recurso, mas remove o contato da tela inicial do WhatsApp, evitando o inc\u00f4modo visual do \u201cc\u00edrculo azul\u201d que indica a presen\u00e7a da IA.<\/p>\n\n\n\n<h2 class=\"wp-block-heading\"><strong>2. Arquive o chat para escond\u00ea-lo<\/strong><\/h2>\n\n\n\n<p>Se voc\u00ea prefere n\u00e3o apagar a conversa, pode&nbsp;<strong>arquiv\u00e1-la<\/strong>&nbsp;\u2014 o que \u201cesconde\u201d o chat da tela principal sem exclu\u00ed-lo definitivamente.<\/p>\n\n\n\n<ul class=\"wp-block-list\">\n<li><strong>No Android:<\/strong>\u00a0pressione o chat da Meta AI e toque no\u00a0<strong>\u00edcone de seta para baixo (arquivar)<\/strong>.<\/li>\n\n\n\n<li><strong>No iPhone:<\/strong>\u00a0arraste a conversa para a direita at\u00e9 aparecer a op\u00e7\u00e3o de\u00a0<strong>\u201cArquivar\u201d<\/strong>.<\/li>\n<\/ul>\n\n\n\n<p>A conversa ficar\u00e1 guardada em \u201cConversas arquivadas\u201d, e voc\u00ea s\u00f3 a ver\u00e1 novamente se quiser interagir com o assistente.<\/p>\n\n\n\n<h2 class=\"wp-block-heading\"><strong>3. Conteste o uso dos seus dados pela Meta<\/strong><\/h2>\n\n\n\n<p>Mesmo que a Meta AI n\u00e3o possa ser removida,&nbsp;<strong>voc\u00ea pode limitar o uso das suas informa\u00e7\u00f5es<\/strong>&nbsp;no treinamento do sistema.<br>A empresa oferece um&nbsp;<strong>formul\u00e1rio oficial<\/strong>&nbsp;que permite&nbsp;<strong>contestar a coleta e o uso dos dados<\/strong>&nbsp;do usu\u00e1rio.<\/p>\n\n\n\n<p>Basta preencher o formul\u00e1rio informando o\u00a0<strong>n\u00famero de telefone vinculado \u00e0 sua conta<\/strong>. Embora o procedimento\u00a0<strong>n\u00e3o desative a IA<\/strong>, ele reduz a utiliza\u00e7\u00e3o dos seus dados para aprimoramento do modelo.<\/p>\n\n\n\n<h2 class=\"wp-block-heading\"><strong>4. O que a Meta diz sobre seguran\u00e7a e privacidade<\/strong><\/h2>\n\n\n\n<p>Em resposta \u00e0s cr\u00edticas, a&nbsp;<strong>Meta AI<\/strong>&nbsp;afirma que o sistema foi projetado para&nbsp;<strong>proteger a privacidade e a seguran\u00e7a<\/strong>&nbsp;dos usu\u00e1rios. Segundo a pr\u00f3pria ferramenta:<\/p>\n\n\n\n<ul class=\"wp-block-list\">\n<li>As mensagens s\u00e3o\u00a0<strong>criptografadas<\/strong>\u00a0durante a transmiss\u00e3o.<\/li>\n\n\n\n<li>O sistema\u00a0<strong>n\u00e3o tem acesso a outros chats<\/strong>\u00a0do WhatsApp.<\/li>\n\n\n\n<li>As conversas\u00a0<strong>n\u00e3o ficam armazenadas<\/strong>\u00a0ap\u00f3s o encerramento da sess\u00e3o.<\/li>\n\n\n\n<li>A IA\u00a0<strong>n\u00e3o tem capacidade de ouvir ou acessar o microfone<\/strong>\u00a0do celular.<\/li>\n<\/ul>\n\n\n\n<p>Apesar dessas garantias, o debate sobre o uso \u00e9tico e transparente da intelig\u00eancia artificial dentro de aplicativos de mensagens continua em aberto.<\/p>\n","protected":false},"excerpt":{"rendered":"<p>Desde outubro de 2024, o WhatsApp passou a incluir oficialmente o\u00a0Meta AI, assistente de intelig\u00eancia artificial generativa criado pela\u00a0Meta, empresa dona do Facebook e Instagram. O recurso \u2014 anunciado por\u00a0Mark Zuckerberg\u00a0\u2014 foi apresentado como uma forma de facilitar conversas e oferecer respostas r\u00e1pidas, gerar imagens e at\u00e9 realizar buscas dentro do app. Mas, na pr\u00e1tica,\u00a0muitos [&hellip;]<\/p>\n","protected":false},"author":9,"featured_media":10428,"comment_status":"closed","ping_status":"closed","sticky":false,"template":"","format":"standard","meta":{"jnews-multi-image_gallery":[],"jnews_single_post":{"format":"standard"},"jnews_primary_category":[],"jnews_social_meta":[],"jnews_override_counter":[],"jnews_post_split":[],"footnotes":""},"categories":[1],"tags":[],"class_list":["post-21767","post","type-post","status-publish","format-standard","has-post-thumbnail","hentry","category-geral"],"_referencia":"","_links":{"self":[{"href":"https:\/\/diariodocomercio.com.br\/mix\/wp-json\/wp\/v2\/posts\/21767","targetHints":{"allow":["GET"]}}],"collection":[{"href":"https:\/\/diariodocomercio.com.br\/mix\/wp-json\/wp\/v2\/posts"}],"about":[{"href":"https:\/\/diariodocomercio.com.br\/mix\/wp-json\/wp\/v2\/types\/post"}],"author":[{"embeddable":true,"href":"https:\/\/diariodocomercio.com.br\/mix\/wp-json\/wp\/v2\/users\/9"}],"replies":[{"embeddable":true,"href":"https:\/\/diariodocomercio.com.br\/mix\/wp-json\/wp\/v2\/comments?post=21767"}],"version-history":[{"count":1,"href":"https:\/\/diariodocomercio.com.br\/mix\/wp-json\/wp\/v2\/posts\/21767\/revisions"}],"predecessor-version":[{"id":21768,"href":"https:\/\/diariodocomercio.com.br\/mix\/wp-json\/wp\/v2\/posts\/21767\/revisions\/21768"}],"wp:featuredmedia":[{"embeddable":true,"href":"https:\/\/diariodocomercio.com.br\/mix\/wp-json\/wp\/v2\/media\/10428"}],"wp:attachment":[{"href":"https:\/\/diariodocomercio.com.br\/mix\/wp-json\/wp\/v2\/media?parent=21767"}],"wp:term":[{"taxonomy":"category","embeddable":true,"href":"https:\/\/diariodocomercio.com.br\/mix\/wp-json\/wp\/v2\/categories?post=21767"},{"taxonomy":"post_tag","embeddable":true,"href":"https:\/\/diariodocomercio.com.br\/mix\/wp-json\/wp\/v2\/tags?post=21767"}],"curies":[{"name":"wp","href":"https:\/\/api.w.org\/{rel}","templated":true}]}}