{"id":2180,"date":"2025-01-27T18:59:14","date_gmt":"2025-01-27T21:59:14","guid":{"rendered":"https:\/\/diariodocomercio.com.br\/mix\/?p=2180"},"modified":"2025-01-27T18:59:14","modified_gmt":"2025-01-27T21:59:14","slug":"esta-foi-uma-das-poucas-coisas-que-ficaram-mais-baratas-em-janeiro","status":"publish","type":"post","link":"https:\/\/diariodocomercio.com.br\/mix\/esta-foi-uma-das-poucas-coisas-que-ficaram-mais-baratas-em-janeiro\/","title":{"rendered":"Esta foi uma das poucas coisas que ficaram mais baratas em janeiro"},"content":{"rendered":"\n<p>O come\u00e7o de ano pode ser uma das \u00e9pocas mais pesadas para os brasileiros, que precisam pagar in\u00fameras contas e ainda sentem os reflexos das festas de fim de ano. Para deixar o cen\u00e1rio ainda mais cr\u00edtico, o consumidor percebeu que a infla\u00e7\u00e3o fez com que diversos produtos no mercado ficassem ainda mais caros, assim como em outros setores, como transporte a\u00e9reo.&nbsp;<\/p>\n\n\n\n<p>Mas, de acordo com os dados divulgados pelo Instituto Brasileiro de Geografia e Estat\u00edstica (IBGE), com base no levantamento do \u00cdndice Nacional de Pre\u00e7os ao Consumidor Amplo 15 (IPCA-15), o grupo Habita\u00e7\u00e3o foi um dos \u00fanicos setores que tiveram queda. Com uma queda de\u00a0 (-3,43%), esse percentual se deve por causa do <strong>recuo da energia el\u00e9trica, que caiu 15,46% em janeiro.\u00a0<\/strong><\/p>\n\n\n\n<h2 class=\"wp-block-heading\">Entenda o que o grupo Habita\u00e7\u00e3o interfere no bolso do brasileiro<\/h2>\n\n\n\n<p>A queda no grupo tamb\u00e9m ocorreu em decorr\u00eancia da incorpora\u00e7\u00e3o do B\u00f4nus de Itaipu, creditado nas faturas emitidas no m\u00eas de janeiro. Como resultado, teve quedas nas taxas de \u00e1gua e esgoto (0,86%), com reajuste de 9,83% nas tarifas do Rio de Janeiro (5,68%) a partir de 1\u00ba de dezembro, assim como em outras cidades, como Belo Horizonte com reajuste de 6,42% nas tarifas e Porto Alegre, com reajuste de 6,45% no mesmo setor.&nbsp;<\/p>\n\n\n\n<p>O g\u00e1s tamb\u00e9m sofreu varia\u00e7\u00e3o de 0,62% e o motivo foi o reajuste de 4,71% nas tarifas no Rio de Janeiro (2,00%). Apesar de outros produtos terem continuado em alta e com proje\u00e7\u00f5es de ficarem ainda mais caros, os brasileiros ter\u00e3o essa \u201cfolga\u201d nas contas nesses primeiros per\u00edodos do ano.&nbsp;<\/p>\n","protected":false},"excerpt":{"rendered":"<p>O come\u00e7o de ano pode ser uma das \u00e9pocas mais pesadas para os brasileiros, que precisam pagar in\u00fameras contas e ainda sentem os reflexos das festas de fim de ano. Para deixar o cen\u00e1rio ainda mais cr\u00edtico, o consumidor percebeu que a infla\u00e7\u00e3o fez com que diversos produtos no mercado ficassem ainda mais caros, assim [&hellip;]<\/p>\n","protected":false},"author":7,"featured_media":2183,"comment_status":"closed","ping_status":"closed","sticky":false,"template":"","format":"standard","meta":{"jnews-multi-image_gallery":[],"jnews_single_post":{"format":"standard"},"jnews_primary_category":[],"jnews_social_meta":[],"jnews_override_counter":[],"jnews_post_split":[],"footnotes":""},"categories":[1],"tags":[],"class_list":["post-2180","post","type-post","status-publish","format-standard","has-post-thumbnail","hentry","category-geral"],"_referencia":"","_links":{"self":[{"href":"https:\/\/diariodocomercio.com.br\/mix\/wp-json\/wp\/v2\/posts\/2180","targetHints":{"allow":["GET"]}}],"collection":[{"href":"https:\/\/diariodocomercio.com.br\/mix\/wp-json\/wp\/v2\/posts"}],"about":[{"href":"https:\/\/diariodocomercio.com.br\/mix\/wp-json\/wp\/v2\/types\/post"}],"author":[{"embeddable":true,"href":"https:\/\/diariodocomercio.com.br\/mix\/wp-json\/wp\/v2\/users\/7"}],"replies":[{"embeddable":true,"href":"https:\/\/diariodocomercio.com.br\/mix\/wp-json\/wp\/v2\/comments?post=2180"}],"version-history":[{"count":1,"href":"https:\/\/diariodocomercio.com.br\/mix\/wp-json\/wp\/v2\/posts\/2180\/revisions"}],"predecessor-version":[{"id":2184,"href":"https:\/\/diariodocomercio.com.br\/mix\/wp-json\/wp\/v2\/posts\/2180\/revisions\/2184"}],"wp:featuredmedia":[{"embeddable":true,"href":"https:\/\/diariodocomercio.com.br\/mix\/wp-json\/wp\/v2\/media\/2183"}],"wp:attachment":[{"href":"https:\/\/diariodocomercio.com.br\/mix\/wp-json\/wp\/v2\/media?parent=2180"}],"wp:term":[{"taxonomy":"category","embeddable":true,"href":"https:\/\/diariodocomercio.com.br\/mix\/wp-json\/wp\/v2\/categories?post=2180"},{"taxonomy":"post_tag","embeddable":true,"href":"https:\/\/diariodocomercio.com.br\/mix\/wp-json\/wp\/v2\/tags?post=2180"}],"curies":[{"name":"wp","href":"https:\/\/api.w.org\/{rel}","templated":true}]}}