{"id":21839,"date":"2025-10-10T10:47:53","date_gmt":"2025-10-10T13:47:53","guid":{"rendered":"https:\/\/diariodocomercio.com.br\/mix\/?p=21839"},"modified":"2025-10-10T10:47:55","modified_gmt":"2025-10-10T13:47:55","slug":"lula-libera-r-26-bilhoes-e-autoriza-a-construcao-de-6-navios-veja-para-que-vao-servir","status":"publish","type":"post","link":"https:\/\/diariodocomercio.com.br\/mix\/lula-libera-r-26-bilhoes-e-autoriza-a-construcao-de-6-navios-veja-para-que-vao-servir\/","title":{"rendered":"Lula libera R$ 2,6 bilh\u00f5es e autoriza a constru\u00e7\u00e3o de 6 navios; veja para que v\u00e3o servir"},"content":{"rendered":"\n<p>O presidente\u00a0<strong>Luiz In\u00e1cio Lula da Silva<\/strong>\u00a0anunciou nesta quinta-feira (9) um\u00a0<strong>pacote de investimentos de R$ 2,6 bilh\u00f5es<\/strong> para impulsionar a\u00a0<strong>ind\u00fastria naval e de fertilizantes<\/strong>\u00a0no pa\u00eds. A cerim\u00f4nia, realizada no\u00a0<strong>Estaleiro Enseada do Paragua\u00e7u<\/strong>, em Maragogipe, marcou a retomada de obras e projetos estrat\u00e9gicos da\u00a0<strong>Petrobras<\/strong>\u00a0na Bahia, paralisados desde 2017.<\/p>\n\n\n\n<p>O principal destaque \u00e9 a&nbsp;<strong>constru\u00e7\u00e3o de seis embarca\u00e7\u00f5es<\/strong>&nbsp;especializadas em&nbsp;<strong>controle de vazamentos em alto-mar<\/strong>, que ter\u00e3o&nbsp;<strong>motores mais sustent\u00e1veis<\/strong>, capazes de&nbsp;<strong>reduzir em at\u00e9 25% as emiss\u00f5es de CO\u2082<\/strong>. As obras devem durar&nbsp;<strong>quatro anos<\/strong>&nbsp;e gerar cerca de&nbsp;<strong>5,4 mil empregos diretos e indiretos<\/strong>.<\/p>\n\n\n\n<blockquote class=\"wp-block-quote is-layout-flow wp-block-quote-is-layout-flow\">\n<p>\u201cEstamos realizando um sonho: retomar os investimentos na ind\u00fastria naval. A Petrobras \u00e9 mais do que uma empresa de petr\u00f3leo \u2014 \u00e9 uma empresa de energia, e tem muito a contribuir com o povo brasileiro\u201d, declarou Lula.<\/p>\n<\/blockquote>\n\n\n\n<p>As novas embarca\u00e7\u00f5es ser\u00e3o constru\u00eddas com&nbsp;<strong>pelo menos 40% de conte\u00fado local<\/strong>, fortalecendo a cadeia produtiva nacional. O&nbsp;<strong>Fundo da Marinha Mercante (FMM)<\/strong>&nbsp;financiar\u00e1 boa parte do investimento.<\/p>\n\n\n\n<p>O&nbsp;<strong>ministro da Casa Civil, Rui Costa<\/strong>, destacou que a medida corrige um \u201cper\u00edodo de desmonte\u201d da capacidade produtiva nacional.<\/p>\n\n\n\n<blockquote class=\"wp-block-quote is-layout-flow wp-block-quote-is-layout-flow\">\n<p>\u201c\u00c9 inconceb\u00edvel que um pa\u00eds com uma costa como a nossa n\u00e3o tenha uma ind\u00fastria naval forte. Estamos recuperando empregos, renda e autoestima\u201d, disse.<\/p>\n<\/blockquote>\n\n\n\n<p>O Minist\u00e9rio de Portos e Aeroportos tamb\u00e9m anunciou\u00a0<strong>R$ 611,7 milh\u00f5es<\/strong>\u00a0para a constru\u00e7\u00e3o de\u00a0<strong>80 embarca\u00e7\u00f5es<\/strong>\u00a0voltadas \u00e0 amplia\u00e7\u00e3o da frota mar\u00edtima e aquavi\u00e1ria nacional \u2014\u00a0<strong>R$ 550,5 milh\u00f5es<\/strong>\u00a0vir\u00e3o do FMM, com potencial de gerar\u00a0<strong>2 mil novos empregos<\/strong>.<\/p>\n\n\n\n<h2 class=\"wp-block-heading\"><strong>S\u00edmbolo da retomada<\/strong><\/h2>\n\n\n\n<p>A Petrobras tamb\u00e9m assinou um protocolo para usar o&nbsp;<strong>Canteiro de S\u00e3o Roque do Paragua\u00e7u<\/strong>&nbsp;em futuros projetos de&nbsp;<strong>descomissionamento de plataformas de petr\u00f3leo e g\u00e1s<\/strong>, refor\u00e7ando a presen\u00e7a da estatal no Nordeste.<\/p>\n\n\n\n<blockquote class=\"wp-block-quote is-layout-flow wp-block-quote-is-layout-flow\">\n<p>\u201cA gente n\u00e3o acredita em neg\u00f3cio ruim. Todo projeto precisa ser rent\u00e1vel e gerar benef\u00edcios m\u00fatuos\u201d, afirmou Magda Chambriard.<\/p>\n<\/blockquote>\n\n\n\n<p>Com os an\u00fancios, o governo Lula busca&nbsp;<strong>reerguer a ind\u00fastria naval e de fertilizantes<\/strong>, reduzir&nbsp;<strong>importa\u00e7\u00f5es estrat\u00e9gicas<\/strong>e&nbsp;<strong>gerar empregos qualificados<\/strong>, especialmente no Nordeste \u2014 regi\u00e3o duramente afetada pelos desinvestimentos da Petrobras nos \u00faltimos anos.<\/p>\n","protected":false},"excerpt":{"rendered":"<p>O presidente\u00a0Luiz In\u00e1cio Lula da Silva\u00a0anunciou nesta quinta-feira (9) um\u00a0pacote de investimentos de R$ 2,6 bilh\u00f5es para impulsionar a\u00a0ind\u00fastria naval e de fertilizantes\u00a0no pa\u00eds. A cerim\u00f4nia, realizada no\u00a0Estaleiro Enseada do Paragua\u00e7u, em Maragogipe, marcou a retomada de obras e projetos estrat\u00e9gicos da\u00a0Petrobras\u00a0na Bahia, paralisados desde 2017. O principal destaque \u00e9 a&nbsp;constru\u00e7\u00e3o de seis embarca\u00e7\u00f5es&nbsp;especializadas em&nbsp;controle [&hellip;]<\/p>\n","protected":false},"author":9,"featured_media":21859,"comment_status":"closed","ping_status":"closed","sticky":false,"template":"","format":"standard","meta":{"jnews-multi-image_gallery":[],"jnews_single_post":{"format":"standard"},"jnews_primary_category":[],"jnews_social_meta":[],"jnews_override_counter":[],"jnews_post_split":[],"footnotes":""},"categories":[1],"tags":[],"class_list":["post-21839","post","type-post","status-publish","format-standard","has-post-thumbnail","hentry","category-geral"],"_referencia":"","_links":{"self":[{"href":"https:\/\/diariodocomercio.com.br\/mix\/wp-json\/wp\/v2\/posts\/21839","targetHints":{"allow":["GET"]}}],"collection":[{"href":"https:\/\/diariodocomercio.com.br\/mix\/wp-json\/wp\/v2\/posts"}],"about":[{"href":"https:\/\/diariodocomercio.com.br\/mix\/wp-json\/wp\/v2\/types\/post"}],"author":[{"embeddable":true,"href":"https:\/\/diariodocomercio.com.br\/mix\/wp-json\/wp\/v2\/users\/9"}],"replies":[{"embeddable":true,"href":"https:\/\/diariodocomercio.com.br\/mix\/wp-json\/wp\/v2\/comments?post=21839"}],"version-history":[{"count":1,"href":"https:\/\/diariodocomercio.com.br\/mix\/wp-json\/wp\/v2\/posts\/21839\/revisions"}],"predecessor-version":[{"id":21860,"href":"https:\/\/diariodocomercio.com.br\/mix\/wp-json\/wp\/v2\/posts\/21839\/revisions\/21860"}],"wp:featuredmedia":[{"embeddable":true,"href":"https:\/\/diariodocomercio.com.br\/mix\/wp-json\/wp\/v2\/media\/21859"}],"wp:attachment":[{"href":"https:\/\/diariodocomercio.com.br\/mix\/wp-json\/wp\/v2\/media?parent=21839"}],"wp:term":[{"taxonomy":"category","embeddable":true,"href":"https:\/\/diariodocomercio.com.br\/mix\/wp-json\/wp\/v2\/categories?post=21839"},{"taxonomy":"post_tag","embeddable":true,"href":"https:\/\/diariodocomercio.com.br\/mix\/wp-json\/wp\/v2\/tags?post=21839"}],"curies":[{"name":"wp","href":"https:\/\/api.w.org\/{rel}","templated":true}]}}