{"id":21855,"date":"2025-10-10T13:42:55","date_gmt":"2025-10-10T16:42:55","guid":{"rendered":"https:\/\/diariodocomercio.com.br\/mix\/?p=21855"},"modified":"2025-10-10T13:42:57","modified_gmt":"2025-10-10T16:42:57","slug":"governo-dos-eua-propoe-nova-teoria-insana-para-o-autismo","status":"publish","type":"post","link":"https:\/\/diariodocomercio.com.br\/mix\/governo-dos-eua-propoe-nova-teoria-insana-para-o-autismo\/","title":{"rendered":"Governo dos EUA prop\u00f5e nova teoria insana para o autismo"},"content":{"rendered":"\n<p>Depois do presidente Donald Trump associar o uso de Tylenol na gravidez a casos de autismo, agora Trump e o seu secret\u00e1rio de Sa\u00fade, Robert F. Kennedy Jr., est\u00e3o promovendo mais uma teoria. Dessa vez, eles est\u00e3o associando o transtorno \u00e0 circuncis\u00e3o e ao medicamento para dor que os pacientes tomam ap\u00f3s o procedimento.<\/p>\n\n\n\n<p>Para quem n\u00e3o sabe, a circuncis\u00e3o \u00e9 a remo\u00e7\u00e3o cir\u00fargica do prep\u00facio, a pele que cobre a glande (cabe\u00e7a do p\u00eanis). Opcional, essa opera\u00e7\u00e3o pode ser feita por motivos religiosos, culturais ou de sa\u00fade. Ela \u00e9 um ritual tradicional no juda\u00edsmo e no islamismo, por exemplo.<\/p>\n\n\n\n<p>A associa\u00e7\u00e3o entre autismo e circuncis\u00e3o foi &#8220;ridicularizada&#8221; por especialistas e o estudo citado por defensores da teoria estaria cheio de erros, que foram apontados por outros cientistas na \u00e9poca em que foi publicado, l\u00e1 em 2015, explicou David Mandell, psiquiatra da Faculdade de Medicina Perelman da Universidade da Pensilv\u00e2nia, \u00e0 AFP. Para especialistas, essa afirma\u00e7\u00e3o \u00e9 mais um exemplo do secret\u00e1rio de sa\u00fade dos EUA se baseando em &#8220;pseudoci\u00eancia&#8221;.<\/p>\n\n\n\n<h2 class=\"wp-block-heading\">Governo Trump tamb\u00e9m associou autismo ao Tylenol<\/h2>\n\n\n\n<p>Outra afirma\u00e7\u00e3o recente do governo Trump sobre autismo \u00e9 que o uso de Tylenol na gravidez ou quando o beb\u00ea \u00e9 muito pequeno poderia aumentar o risco do transtorno. O secret\u00e1rio declarou que <em>&#8220;h\u00e1 dois estudos que mostram que crian\u00e7as circuncidadas precocemente t\u00eam o dobro da taxa de casos de autismo (\u2026). \u00c9 muito prov\u00e1vel que seja porque recebem Tylenol&#8221;.<\/em><\/p>\n\n\n\n<p>Consultada pela AFP, a professora e especialista em autismo da Universidade de Boston Helen Tager-Flusberg afirmou que nenhum dos estudos comprova que dar Tylenol a beb\u00eas tenha rela\u00e7\u00e3o com um risco maior de autismo.<\/p>\n\n\n\n<p><em>&#8220;Embora alguns estudos tenham sugerido uma poss\u00edvel associa\u00e7\u00e3o entre o autismo e o paracetamol durante a gravidez, nenhum v\u00ednculo causal foi comprovado&#8221;<\/em>, explica o GLOBO. A an\u00e1lise mais rigorosa j\u00e1 feita sobre o tema, publicada na JAMA no ano passado, n\u00e3o encontrou nenhuma rela\u00e7\u00e3o.<\/p>\n\n\n\n<style>@media (min-width: 992px) {\n    .recomendadorV2Area1 {\n        width: 280px;\n    }\n    .recomendadorV2Area2 {\n        padding: 0px 20px;\n        width: calc(100% - 280px);\n    }\n}\n\n@media (max-width: 992px) {\n    .recomendadorV2Button {\n        margin: 0 auto;\n    }\n    .recomendadorV2Area {\n        flex-direction: column;\n        text-align: center;\n    }\n    .recomendadorV2Area2 {\n        padding: 0px 20px;\n    }\n}\n\n.recomendadorV2Area {\n    background: #eeeeee3d;\n    border-radius: 10px;\n    padding: 15px;\n    display: flex;\n    margin: 15px auto;\n    border: 1px solid #00000014;\n    max-width: 800px;\n}\n\n.recomendadorV2Area1 img {\n    width: 280px;\n    height: auto;\n    border-radius: 8px;\n}\n\n.linkrecomendadorv2 {\n    text-decoration: none !important;\n}\n\n.recomendadorV2Area2 .recomendadorV2Type {\n    text-transform: uppercase;\n    font-weight: 500;\n    font-size: 11px;\n    letter-spacing: 2px;\n    color: #666;\n    margin: 12px 0;\n    display: block;\n}\n\n.recomendadorV2Title h2 {\n    padding-top: 0px !important;\n    margin: 0px !important;\n    border-left: none !important;\n    padding-left: 0px !important;\n    line-height: 1.3;\n    color: #000 !important;\n    font-size: 24px;\n    margin-bottom: 12px !important;\n}\n\n.recomendadorV2Desc {\n    color: #333;\n    margin: 12px 0px !important;\n    font-size: 15px;\n    line-height: 1.5;\n}\n\n.recomendadorV2Button {\n    width: auto;\n    max-width: 200px;\n    margin: 0;\n    display: inline-flex;\n    align-items: center;\n    background: #1D3557;\n    border-radius: 8px;\n    color: #fff;\n    height: 36px;\n    justify-content: center;\n    text-align: center;\n    font-size: 14px;\n    padding: 0 20px;\n    transition: background-color 0.2s ease;\n}\n\n.recomendadorV2Button:hover {\n    background: #2a4d7a;\n}\n\n.recomendadorV2Button:after {\n    margin-top: -2px;\n    content: \"\u2192\";\n    padding: 0px 0px 0px 8px;\n}\n\n.recomendadorV2Alert {\n    text-align: left;\n    font-size: 11px;\n    margin-top: 8px;\n    color: #666;\n}\n\n.recomendadorFixedArea {\n    width: 100%;\n    display: flex;\n    justify-content: center;\n    align-items: center;\n}\n\n@media (min-width: 992px) {\n    #recomendadorFixed {\n        width: 32% !important;\n        left: 5%;\n    }\n    .recomendadorCloseFixed{\n        right: inherit !important;\n        left: 378px !important;\n    }\n}\n\n#recomendadorFixed {\n    width: 90%;\n    box-shadow: 0 10px 20px 0px #00000057;\n    display: none;\n    height: 90px;\n    background: #F6F6F6;\n    position: fixed;\n    flex-direction: row;\n    bottom: 10px;\n    z-index: 9999;\n    border-radius: 16px;\n    padding: 7px 10px;\n}\n\n.recomendadorLeftArea {\n    width: 160px;\n}\n\n.recomendadorRightArea h2 {\n    padding-top: 0px;\n    margin: 2px 0px 4px 0px !important;\n    font-weight: 400;\n    text-align: center;\n    padding-left: 0px !important;\n    color: #000 !important;\n    border-left: none !important;\n    line-height: 20px;\n    font-size: 12px !important;\n}\n\n.recomendadorImgFixed {\n    overflow: hidden;\n    padding: 8px 6px;\n    height: 100%;\n}\n\n.recomendadorImgFixed img {\n    height: 100% !important;\n    border-radius: 16px;\n}\n\n.recomendadorRightArea {\n    padding-top: 6px;\n    display: flex;\n    width: calc(100% - 130px);\n    justify-content: space-between;\n    align-items: center;\n    flex-direction: column;\n}\n\n.recomendadorButtonFixed {\n    margin: 0 auto;\n    background: #1D3557;\n    width: 80%;\n    text-align: center;\n    font-size: 10px;\n    color: #FFF;\n    padding: 2px 10px;\n    border-radius: 3px;\n}\n\n.recomendadorButtonFixed:after {\n    margin-top: -3px;\n    content: \"\u2192\";\n    padding: 0px 0px 0px 10px;\n}\n\n.recomendadorAlertFixed {\n    font-weight: 400;\n    text-align: center;\n    color: #484848;\n    font-size: 8px;\n}\n\n.recomendadorCloseFixed {\n    z-index: 99999;\n    display: none;\n    right: 0px;\n    left: inherit;\n    bottom: 99px;\n    position: fixed;\n    justify-content: center;\n    background: #F6F6F6;\n    width: 25px;\n    align-items: center;\n    height: 25px;\n    font-weight: 800;\n    border-radius: 50%;\n    border: 1px solid #EBEBEB;\n}\n\n.recomendadorV2Desc{\n    color: #000000;\n    margin: 20px 0px;\n}\n\n@media (max-width: 576px) {\n    .recomendadorV2Area {\n      padding: 10px;\n      max-width: 100%;\n    }\n  \n    .recomendadorV2Area1 img {\n      width: 100%;\n      border-radius: 6px;\n    }\n  \n    .recomendadorV2Area2 .recomendadorV2Type {\n      font-size: 9px;\n      letter-spacing: 1px;\n      margin: 8px 0;\n    }\n  \n    .recomendadorV2Title h2 {\n      font-size: 18px !important;\n      margin-bottom: 8px !important;\n      line-height: 1.2;\n    }\n  \n    .recomendadorV2Desc {\n      font-size: 14px;\n      margin: 8px 0 !important;\n      line-height: 1.4;\n    }\n  \n    .recomendadorV2Button {\n      font-size: 14px;\n      height: 40px;\n      padding: 0 12px;\n      max-width: 100%;\n      width: 100%;\n    }\n  \n    .recomendadorV2Button:after {\n      padding-left: 6px;\n    }\n  }\n  <\/style>\n        <div class=\"lazyblock-recomendador-v2-2jDGz wp-block-lazyblock-recomendador-v2\">\n        <a class=\"linkrecomendadorv2\" href=\"https:\/\/diariodocomercio.com.br\/mix\/montadora-de-carros-lanca-automovel-em-homenagem-ao-cachorro-caramelo\/\">\n            <div class=\"recomendadorV2Area\">\n            <div class=\"recomendadorV2Area1\">\n                <div class=\"recomendadorV2Img\">\n                <img class=\"lazyloaded\" decoding=\"async\" src=\"https:\/\/diariodocomercio.com.br\/mix\/wp-content\/uploads\/2025\/10\/chevrolet-tracker-caramelo.jpg\" data-src=\"https:\/\/diariodocomercio.com.br\/mix\/wp-content\/uploads\/2025\/10\/chevrolet-tracker-caramelo.jpg\" alt=\"\">\n                <\/div>\n            <\/div>\n            <div class=\"recomendadorV2Area2\">\n                <div class=\"recomendadorV2Type\">\n                    <span>CARROS<\/span>\n                <\/div>\n                <div class=\"recomendadorV2Title\">\n                <h2><span>Montadora de carros lan\u00e7a autom\u00f3vel em homenagem ao cachorro caramelo<\/span><\/h2>\n                <\/div>\n                <div class=\"recomendadorV2Desc\">\n                <span>Em conjunto com a Netflix pelo lan\u00e7amento do filme Caramelo, a Chevrolet decidiu lan\u00e7ar um carro em homenagem a esse \u2026<\/span>\n                <\/div>\n                <div class=\"recomendadorV2Button\">Leia mais<\/div>\n                <div class=\"recomendadorV2Alert\"><\/div>\n            <\/div>\n            <\/div>\n        <\/a>\n        <div>\n            <div style=\"z-index:99999;\" id=\"buttonClose\" onclick=\"closeRecomendadorFixed()\">\n            <div class=\"recomendadorCloseFixed\">X<\/div>\n            <\/div>\n            <a href=\"https:\/\/diariodocomercio.com.br\/mix\/montadora-de-carros-lanca-automovel-em-homenagem-ao-cachorro-caramelo\/\">\n            <div class=\"recomendadorFixedArea\">\n                <div id=\"recomendadorFixed\">\n                <div class=\"recomendadorLeftArea\">\n                    <div class=\"recomendadorImgFixed\">\n                    <img class=\"lazyload\" decoding=\"async\" src=\"https:\/\/diariodocomercio.com.br\/mix\/wp-content\/uploads\/2025\/10\/chevrolet-tracker-caramelo.jpg\" alt=\"\">\n                    <\/div>\n                <\/div>\n                <div class=\"recomendadorRightArea\">\n                    <div class=\"recomendadorTitleFixed\">\n                    <h2><span>Montadora de carros lan\u00e7a autom\u00f3vel em homenagem ao cachorro caramelo<\/span><\/h2>\n                    <\/div>\n                    <div class=\"recomendadorButtonFixed\">Leia mais<\/div>\n                    <div class=\"recomendadorAlertFixed\"><\/div>\n                <\/div>\n                <\/div>\n            <\/div>\n            <\/a>\n        <\/div>\n        <\/div>\n","protected":false},"excerpt":{"rendered":"<p>Depois do presidente Donald Trump associar o uso de Tylenol na gravidez a casos de autismo, agora Trump e o seu secret\u00e1rio de Sa\u00fade, Robert F. Kennedy Jr., est\u00e3o promovendo mais uma teoria. Dessa vez, eles est\u00e3o associando o transtorno \u00e0 circuncis\u00e3o e ao medicamento para dor que os pacientes tomam ap\u00f3s o procedimento. Para [&hellip;]<\/p>\n","protected":false},"author":6,"featured_media":21856,"comment_status":"closed","ping_status":"closed","sticky":false,"template":"","format":"standard","meta":{"jnews-multi-image_gallery":[],"jnews_single_post":{"format":"standard"},"jnews_primary_category":[],"jnews_social_meta":[],"jnews_override_counter":[],"jnews_post_split":[],"footnotes":""},"categories":[1],"tags":[],"class_list":["post-21855","post","type-post","status-publish","format-standard","has-post-thumbnail","hentry","category-geral"],"_referencia":"","_links":{"self":[{"href":"https:\/\/diariodocomercio.com.br\/mix\/wp-json\/wp\/v2\/posts\/21855","targetHints":{"allow":["GET"]}}],"collection":[{"href":"https:\/\/diariodocomercio.com.br\/mix\/wp-json\/wp\/v2\/posts"}],"about":[{"href":"https:\/\/diariodocomercio.com.br\/mix\/wp-json\/wp\/v2\/types\/post"}],"author":[{"embeddable":true,"href":"https:\/\/diariodocomercio.com.br\/mix\/wp-json\/wp\/v2\/users\/6"}],"replies":[{"embeddable":true,"href":"https:\/\/diariodocomercio.com.br\/mix\/wp-json\/wp\/v2\/comments?post=21855"}],"version-history":[{"count":2,"href":"https:\/\/diariodocomercio.com.br\/mix\/wp-json\/wp\/v2\/posts\/21855\/revisions"}],"predecessor-version":[{"id":21879,"href":"https:\/\/diariodocomercio.com.br\/mix\/wp-json\/wp\/v2\/posts\/21855\/revisions\/21879"}],"wp:featuredmedia":[{"embeddable":true,"href":"https:\/\/diariodocomercio.com.br\/mix\/wp-json\/wp\/v2\/media\/21856"}],"wp:attachment":[{"href":"https:\/\/diariodocomercio.com.br\/mix\/wp-json\/wp\/v2\/media?parent=21855"}],"wp:term":[{"taxonomy":"category","embeddable":true,"href":"https:\/\/diariodocomercio.com.br\/mix\/wp-json\/wp\/v2\/categories?post=21855"},{"taxonomy":"post_tag","embeddable":true,"href":"https:\/\/diariodocomercio.com.br\/mix\/wp-json\/wp\/v2\/tags?post=21855"}],"curies":[{"name":"wp","href":"https:\/\/api.w.org\/{rel}","templated":true}]}}