{"id":21868,"date":"2025-10-10T12:10:03","date_gmt":"2025-10-10T15:10:03","guid":{"rendered":"https:\/\/diariodocomercio.com.br\/mix\/?p=21868"},"modified":"2025-10-10T12:10:05","modified_gmt":"2025-10-10T15:10:05","slug":"copa-do-mundo-jogos-ja-estao-definidos-veja-quem-cada-selecao-enfrenta","status":"publish","type":"post","link":"https:\/\/diariodocomercio.com.br\/mix\/copa-do-mundo-jogos-ja-estao-definidos-veja-quem-cada-selecao-enfrenta\/","title":{"rendered":"Copa do Mundo: jogos j\u00e1 est\u00e3o definidos; veja quem cada sele\u00e7\u00e3o enfrenta"},"content":{"rendered":"\n<p>A fase de oitavas de final da&nbsp;<strong>Copa do Mundo Sub-20 de 2025<\/strong>, disputada no&nbsp;<strong>Chile<\/strong>, chegou ao fim nesta&nbsp;<strong>quinta-feira (9)<\/strong>, e os confrontos das&nbsp;<strong>quartas de final<\/strong>&nbsp;j\u00e1 est\u00e3o definidos. A competi\u00e7\u00e3o, que n\u00e3o conta mais com o Brasil \u2014 eliminado ainda na primeira fase \u2014, entra agora em seu momento decisivo com as&nbsp;<strong>oito melhores sele\u00e7\u00f5es<\/strong>&nbsp;em busca de uma vaga nas semifinais.<\/p>\n\n\n\n<p>Os destaques da rodada ficaram por conta da\u00a0<strong>goleada da Argentina sobre a Nig\u00e9ria (4 a 0)<\/strong>\u00a0e da\u00a0<strong>vit\u00f3ria convincente dos Estados Unidos contra a It\u00e1lia (3 a 0)<\/strong>.\u00a0<strong>Col\u00f4mbia<\/strong>\u00a0e\u00a0<strong>Marrocos<\/strong>\u00a0tamb\u00e9m garantiram classifica\u00e7\u00e3o, enquanto\u00a0<strong>Fran\u00e7a<\/strong>,\u00a0<strong>Noruega<\/strong>,\u00a0<strong>Espanha<\/strong>\u00a0e\u00a0<strong>M\u00e9xico<\/strong>\u00a0completam o grupo dos classificados.<\/p>\n\n\n\n<p>A\u00a0<strong>Col\u00f4mbia<\/strong>\u00a0garantiu presen\u00e7a nas quartas pela terceira edi\u00e7\u00e3o consecutiva ao vencer a\u00a0<strong>\u00c1frica do Sul por 3 a 1<\/strong>, em\u00a0<strong>Talca<\/strong>. Os gols colombianos foram marcados por\u00a0<strong>Joel Canchimbo<\/strong>\u00a0e\u00a0<strong>Neyser Villarreal (2x)<\/strong>, enquanto\u00a0<strong>Vilakazi<\/strong> descontou para os africanos em cobran\u00e7a de p\u00eanalti.<\/p>\n\n\n\n<p>Com o resultado, os \u201ccafeteros\u201d agora enfrentam a&nbsp;<strong>Espanha<\/strong>, que superou a&nbsp;<strong>Ucr\u00e2nia por 1 a 0<\/strong>&nbsp;em um duelo equilibrado.<\/p>\n\n\n\n<p>J\u00e1 a&nbsp;<strong>Argentina<\/strong>&nbsp;segue em ritmo avassalador. A equipe de&nbsp;<strong>Diego Placente<\/strong>&nbsp;goleou a&nbsp;<strong>Nig\u00e9ria por 4 a 0<\/strong>&nbsp;no&nbsp;<strong>Est\u00e1dio Nacional de Santiago<\/strong>, com destaque para&nbsp;<strong>Alejo Sarco<\/strong>&nbsp;e&nbsp;<strong>Maher Carrizo<\/strong>, autores de dois gols cada. Nas quartas, a Albiceleste encara o&nbsp;<strong>M\u00e9xico<\/strong>, que eliminou a sele\u00e7\u00e3o anfitri\u00e3, o&nbsp;<strong>Chile<\/strong>, com um expressivo&nbsp;<strong>4 a 1<\/strong>.<\/p>\n\n\n\n<h2 class=\"wp-block-heading\"><strong>Confrontos das quartas de final<\/strong><\/h2>\n\n\n\n<p>Os jogos das quartas ser\u00e3o realizados no&nbsp;<strong>s\u00e1bado (11)<\/strong>&nbsp;e&nbsp;<strong>domingo (12) de outubro<\/strong>, com dois confrontos por dia. Confira como ficaram os duelos:<\/p>\n\n\n\n<ul class=\"wp-block-list\">\n<li><strong>Estados Unidos x Marrocos<\/strong><\/li>\n\n\n\n<li><strong>Fran\u00e7a x Noruega<\/strong><\/li>\n\n\n\n<li><strong>Espanha x Col\u00f4mbia<\/strong><\/li>\n\n\n\n<li><strong>Argentina x M\u00e9xico<\/strong><\/li>\n<\/ul>\n\n\n\n<h2 class=\"wp-block-heading\"><strong>Equil\u00edbrio e novos protagonistas<\/strong><\/h2>\n\n\n\n<p>As quartas de final da Copa do Mundo Sub-20 prometem equil\u00edbrio e emo\u00e7\u00e3o. Sem o Brasil e sem o Chile, as aten\u00e7\u00f5es se voltam \u00e0s&nbsp;<strong>sele\u00e7\u00f5es latino-americanas<\/strong>, que mant\u00eam viva a esperan\u00e7a de conquistar o t\u00edtulo e manter o trof\u00e9u em solo sul-americano.<\/p>\n\n\n\n<p>Os&nbsp;<strong>Estados Unidos<\/strong>&nbsp;aparecem como uma das sensa\u00e7\u00f5es do torneio, com ataque poderoso e defesa s\u00f3lida. J\u00e1 a&nbsp;<strong>Fran\u00e7a<\/strong>&nbsp;e a&nbsp;<strong>Espanha<\/strong>&nbsp;seguem entre as favoritas, mas ter\u00e3o pedreiras pela frente.<\/p>\n\n\n\n<p>A competi\u00e7\u00e3o organizada pela&nbsp;<strong>Fifa<\/strong>&nbsp;se aproxima de sua reta final, e o campe\u00e3o ser\u00e1 conhecido no pr\u00f3ximo fim de semana.<\/p>\n","protected":false},"excerpt":{"rendered":"<p>A fase de oitavas de final da&nbsp;Copa do Mundo Sub-20 de 2025, disputada no&nbsp;Chile, chegou ao fim nesta&nbsp;quinta-feira (9), e os confrontos das&nbsp;quartas de final&nbsp;j\u00e1 est\u00e3o definidos. A competi\u00e7\u00e3o, que n\u00e3o conta mais com o Brasil \u2014 eliminado ainda na primeira fase \u2014, entra agora em seu momento decisivo com as&nbsp;oito melhores sele\u00e7\u00f5es&nbsp;em busca de [&hellip;]<\/p>\n","protected":false},"author":9,"featured_media":15123,"comment_status":"closed","ping_status":"closed","sticky":false,"template":"","format":"standard","meta":{"jnews-multi-image_gallery":[],"jnews_single_post":{"format":"standard"},"jnews_primary_category":[],"jnews_social_meta":[],"jnews_override_counter":[],"jnews_post_split":[],"footnotes":""},"categories":[1],"tags":[],"class_list":["post-21868","post","type-post","status-publish","format-standard","has-post-thumbnail","hentry","category-geral"],"_referencia":"","_links":{"self":[{"href":"https:\/\/diariodocomercio.com.br\/mix\/wp-json\/wp\/v2\/posts\/21868","targetHints":{"allow":["GET"]}}],"collection":[{"href":"https:\/\/diariodocomercio.com.br\/mix\/wp-json\/wp\/v2\/posts"}],"about":[{"href":"https:\/\/diariodocomercio.com.br\/mix\/wp-json\/wp\/v2\/types\/post"}],"author":[{"embeddable":true,"href":"https:\/\/diariodocomercio.com.br\/mix\/wp-json\/wp\/v2\/users\/9"}],"replies":[{"embeddable":true,"href":"https:\/\/diariodocomercio.com.br\/mix\/wp-json\/wp\/v2\/comments?post=21868"}],"version-history":[{"count":1,"href":"https:\/\/diariodocomercio.com.br\/mix\/wp-json\/wp\/v2\/posts\/21868\/revisions"}],"predecessor-version":[{"id":21870,"href":"https:\/\/diariodocomercio.com.br\/mix\/wp-json\/wp\/v2\/posts\/21868\/revisions\/21870"}],"wp:featuredmedia":[{"embeddable":true,"href":"https:\/\/diariodocomercio.com.br\/mix\/wp-json\/wp\/v2\/media\/15123"}],"wp:attachment":[{"href":"https:\/\/diariodocomercio.com.br\/mix\/wp-json\/wp\/v2\/media?parent=21868"}],"wp:term":[{"taxonomy":"category","embeddable":true,"href":"https:\/\/diariodocomercio.com.br\/mix\/wp-json\/wp\/v2\/categories?post=21868"},{"taxonomy":"post_tag","embeddable":true,"href":"https:\/\/diariodocomercio.com.br\/mix\/wp-json\/wp\/v2\/tags?post=21868"}],"curies":[{"name":"wp","href":"https:\/\/api.w.org\/{rel}","templated":true}]}}