{"id":21871,"date":"2025-10-10T12:21:38","date_gmt":"2025-10-10T15:21:38","guid":{"rendered":"https:\/\/diariodocomercio.com.br\/mix\/?p=21871"},"modified":"2025-10-10T12:21:40","modified_gmt":"2025-10-10T15:21:40","slug":"banco-central-faz-comunicado-a-todos-os-brasileiros-com-chaves-pix-ativas","status":"publish","type":"post","link":"https:\/\/diariodocomercio.com.br\/mix\/banco-central-faz-comunicado-a-todos-os-brasileiros-com-chaves-pix-ativas\/","title":{"rendered":"Banco Central faz comunicado a todos os brasileiros com chaves Pix ativas"},"content":{"rendered":"\n<p>O&nbsp;<strong>Banco Central (BC)<\/strong>&nbsp;anunciou um&nbsp;<strong>adiamento na regulamenta\u00e7\u00e3o do Pix Parcelado<\/strong>, uma das funcionalidades mais aguardadas do sistema de pagamentos instant\u00e2neos. Prevista para setembro, a norma deve ser publicada&nbsp;<strong>apenas na \u00faltima semana de outubro<\/strong>, segundo comunicado da autarquia feito durante reuni\u00e3o do&nbsp;<strong>F\u00f3rum Pix<\/strong>.<\/p>\n\n\n\n<p>A nova fun\u00e7\u00e3o permitir\u00e1 que os brasileiros\u00a0<strong>parcelem pagamentos via Pix<\/strong>\u00a0\u2014 inclusive aqueles que\u00a0<strong>n\u00e3o possuem limite de cart\u00e3o de cr\u00e9dito<\/strong>\u00a0\u2014, tornando poss\u00edvel dividir compras diretamente a partir do saldo em conta.<\/p>\n\n\n\n<p>Na pr\u00e1tica, o&nbsp;<strong>Pix Parcelado<\/strong>&nbsp;funcionar\u00e1 de forma semelhante ao&nbsp;<strong>parcelamento com juros do cart\u00e3o de cr\u00e9dito<\/strong>, mas com uma diferen\u00e7a importante:&nbsp;<strong>quem recebe o valor ter\u00e1 acesso imediato ao total pago<\/strong>, enquanto o comprador poder\u00e1 quit\u00e1-lo em parcelas.<\/p>\n\n\n\n<p>O BC acredita que a ferramenta&nbsp;<strong>ampliar\u00e1 o acesso ao cr\u00e9dito<\/strong>, especialmente entre os&nbsp;<strong>60 milh\u00f5es de brasileiros que n\u00e3o possuem cart\u00e3o de cr\u00e9dito<\/strong>, segundo dados da&nbsp;<strong>Abecs<\/strong>&nbsp;e do pr\u00f3prio Banco Central.<\/p>\n\n\n\n<p>\u201cO Pix parcelado chega como uma alternativa pr\u00e1tica e acess\u00edvel para o consumidor que deseja dividir o pagamento de suas compras\u201d, avalia&nbsp;<strong>Felipe Storch Damasceno<\/strong>, economista-chefe do&nbsp;<strong>Ibef-ES<\/strong>. \u201cDiferentemente do cart\u00e3o, ele permite parcelar valores de forma imediata, diretamente pelo saldo em conta, beneficiando quem n\u00e3o tem limite ou enfrenta restri\u00e7\u00f5es de cr\u00e9dito.\u201d<\/p>\n\n\n\n<h2 class=\"wp-block-heading\"><strong>Vantagens e cuidados<\/strong><\/h2>\n\n\n\n<p>De acordo com&nbsp;<strong>Leonardo Gomes<\/strong>, CEO da fintech capixaba&nbsp;<strong>Paytime<\/strong>, o Pix Parcelado traz&nbsp;<strong>mais flexibilidade e rapidez<\/strong>ao consumidor e&nbsp;<strong>seguran\u00e7a imediata<\/strong>&nbsp;ao vendedor.<br>\u201cEnquanto o recebedor tem acesso ao valor total na hora, o pagador pode dividir o pagamento em at\u00e9 24 vezes, dependendo da institui\u00e7\u00e3o\u201d, explica.<\/p>\n\n\n\n<p>No entanto, especialistas alertam para a necessidade de&nbsp;<strong>cautela<\/strong>. \u201cApesar da praticidade, o parcelamento pelo Pix \u00e9 uma forma de cr\u00e9dito e pode comprometer o or\u00e7amento futuro, caso o consumidor acumule v\u00e1rias compras dessa forma\u201d, ressalta Damasceno.<\/p>\n\n\n\n<h2 class=\"wp-block-heading\"><strong>Pix Parcelado x Cart\u00e3o de Cr\u00e9dito<\/strong><\/h2>\n\n\n\n<p>A nova modalidade deve&nbsp;<strong>concorrer diretamente com o cart\u00e3o de cr\u00e9dito<\/strong>, sobretudo em&nbsp;<strong>compras de menor valor<\/strong>.<br>Para Damasceno, o cart\u00e3o ainda seguir\u00e1 relevante por oferecer benef\u00edcios como&nbsp;<strong>at\u00e9 40 dias para pagar a fatura sem juros<\/strong>&nbsp;e programas de&nbsp;<strong>milhas e cashback<\/strong>.<\/p>\n\n\n\n<p>Mesmo assim, o economista prev\u00ea uma&nbsp;<strong>press\u00e3o natural sobre o uso do cr\u00e9dito tradicional<\/strong>. \u201cConsumidores sem limite poder\u00e3o recorrer ao Pix Parcelado como sa\u00edda para o dia a dia, o que pode reduzir o uso do cart\u00e3o em alguns nichos\u201d, afirma.<\/p>\n\n\n\n<h2 class=\"wp-block-heading\"><strong>Pr\u00f3ximos passos<\/strong><\/h2>\n\n\n\n<p>O Banco Central informou que a&nbsp;<strong>primeira etapa da regula\u00e7\u00e3o<\/strong>, prevista para o fim de outubro, trar\u00e1 as&nbsp;<strong>diretrizes b\u00e1sicas<\/strong>para padronizar o produto e garantir&nbsp;<strong>seguran\u00e7a e transpar\u00eancia<\/strong>&nbsp;nas opera\u00e7\u00f5es.<\/p>\n\n\n\n<p>Em&nbsp;<strong>dezembro<\/strong>, o BC deve divulgar os&nbsp;<strong>procedimentos operacionais completos<\/strong>, incluindo regras sobre&nbsp;<strong>contrata\u00e7\u00e3o do cr\u00e9dito, cobran\u00e7a e pagamento das parcelas<\/strong>.<\/p>\n\n\n\n<p>Enquanto isso,&nbsp;<strong>as solu\u00e7\u00f5es privadas de parcelamento via Pix<\/strong>&nbsp;j\u00e1 oferecidas por bancos e fintechs&nbsp;<strong>seguir\u00e3o operando normalmente<\/strong>, desde que respeitem as normas vigentes.<\/p>\n","protected":false},"excerpt":{"rendered":"<p>O&nbsp;Banco Central (BC)&nbsp;anunciou um&nbsp;adiamento na regulamenta\u00e7\u00e3o do Pix Parcelado, uma das funcionalidades mais aguardadas do sistema de pagamentos instant\u00e2neos. Prevista para setembro, a norma deve ser publicada&nbsp;apenas na \u00faltima semana de outubro, segundo comunicado da autarquia feito durante reuni\u00e3o do&nbsp;F\u00f3rum Pix. A nova fun\u00e7\u00e3o permitir\u00e1 que os brasileiros\u00a0parcelem pagamentos via Pix\u00a0\u2014 inclusive aqueles que\u00a0n\u00e3o possuem [&hellip;]<\/p>\n","protected":false},"author":9,"featured_media":5526,"comment_status":"closed","ping_status":"closed","sticky":false,"template":"","format":"standard","meta":{"jnews-multi-image_gallery":[],"jnews_single_post":{"format":"standard"},"jnews_primary_category":[],"jnews_social_meta":[],"jnews_override_counter":[],"jnews_post_split":[],"footnotes":""},"categories":[1],"tags":[],"class_list":["post-21871","post","type-post","status-publish","format-standard","has-post-thumbnail","hentry","category-geral"],"_referencia":"","_links":{"self":[{"href":"https:\/\/diariodocomercio.com.br\/mix\/wp-json\/wp\/v2\/posts\/21871","targetHints":{"allow":["GET"]}}],"collection":[{"href":"https:\/\/diariodocomercio.com.br\/mix\/wp-json\/wp\/v2\/posts"}],"about":[{"href":"https:\/\/diariodocomercio.com.br\/mix\/wp-json\/wp\/v2\/types\/post"}],"author":[{"embeddable":true,"href":"https:\/\/diariodocomercio.com.br\/mix\/wp-json\/wp\/v2\/users\/9"}],"replies":[{"embeddable":true,"href":"https:\/\/diariodocomercio.com.br\/mix\/wp-json\/wp\/v2\/comments?post=21871"}],"version-history":[{"count":1,"href":"https:\/\/diariodocomercio.com.br\/mix\/wp-json\/wp\/v2\/posts\/21871\/revisions"}],"predecessor-version":[{"id":21872,"href":"https:\/\/diariodocomercio.com.br\/mix\/wp-json\/wp\/v2\/posts\/21871\/revisions\/21872"}],"wp:featuredmedia":[{"embeddable":true,"href":"https:\/\/diariodocomercio.com.br\/mix\/wp-json\/wp\/v2\/media\/5526"}],"wp:attachment":[{"href":"https:\/\/diariodocomercio.com.br\/mix\/wp-json\/wp\/v2\/media?parent=21871"}],"wp:term":[{"taxonomy":"category","embeddable":true,"href":"https:\/\/diariodocomercio.com.br\/mix\/wp-json\/wp\/v2\/categories?post=21871"},{"taxonomy":"post_tag","embeddable":true,"href":"https:\/\/diariodocomercio.com.br\/mix\/wp-json\/wp\/v2\/tags?post=21871"}],"curies":[{"name":"wp","href":"https:\/\/api.w.org\/{rel}","templated":true}]}}