{"id":21873,"date":"2025-10-10T12:35:08","date_gmt":"2025-10-10T15:35:08","guid":{"rendered":"https:\/\/diariodocomercio.com.br\/mix\/?p=21873"},"modified":"2025-10-10T14:07:51","modified_gmt":"2025-10-10T17:07:51","slug":"revelado-quanto-cada-ministro-do-stf-esta-ganhando-apos-o-reajuste-salarial","status":"publish","type":"post","link":"https:\/\/diariodocomercio.com.br\/mix\/revelado-quanto-cada-ministro-do-stf-esta-ganhando-apos-o-reajuste-salarial\/","title":{"rendered":"Revelado quanto cada Ministro do STF est\u00e1 ganhando ap\u00f3s o reajuste salarial"},"content":{"rendered":"\n<p>Os\u00a0<strong>11 ministros do Supremo Tribunal Federal (STF)<\/strong>\u00a0passaram a receber\u00a0<strong>R$ 46.366,19 de sal\u00e1rio-base<\/strong>\u00a0a partir de\u00a0<strong>fevereiro de 2025<\/strong>, conforme o reajuste de\u00a0<strong>18%<\/strong>\u00a0aprovado pelo\u00a0<strong>Congresso Nacional<\/strong>\u00a0em 2022. O aumento foi escalonado em tr\u00eas etapas e eleva o subs\u00eddio pago \u00e0 mais alta Corte do pa\u00eds, que tamb\u00e9m define o\u00a0<strong>teto salarial do funcionalismo p\u00fablico federal<\/strong>.<\/p>\n\n\n\n<p>O reajuste vem sendo aplicado gradualmente desde\u00a0<strong>abril de 2023<\/strong>, quando o valor subiu de\u00a0<strong>R$ 39.293,32<\/strong>\u00a0para\u00a0<strong>R$ 41.650,92<\/strong>. Em seguida, passou para\u00a0<strong>R$ 44.008,52<\/strong>\u00a0em\u00a0<strong>fevereiro de 2024<\/strong>, e chegou ao patamar final em 2025.<\/p>\n\n\n\n<p>De acordo com o&nbsp;<strong>Portal da Transpar\u00eancia do STF<\/strong>, os sal\u00e1rios l\u00edquidos \u2014 j\u00e1 descontados&nbsp;<strong>Imposto de Renda, contribui\u00e7\u00e3o previdenci\u00e1ria<\/strong>&nbsp;e outros abatimentos \u2014 variam significativamente. Em&nbsp;<strong>dezembro de 2024<\/strong>, por exemplo, as remunera\u00e7\u00f5es l\u00edquidas oscilaram entre&nbsp;<strong>R$ 10,4 mil e R$ 28,9 mil<\/strong>, dependendo dos descontos e benef\u00edcios individuais.<\/p>\n\n\n\n<p>Confira a rela\u00e7\u00e3o completa:<\/p>\n\n\n\n<figure class=\"wp-block-table\"><table class=\"has-fixed-layout\"><thead><tr><th>Ministro<\/th><th>Sal\u00e1rio bruto (R$)<\/th><th>Sal\u00e1rio l\u00edquido (dez\/2024)<\/th><\/tr><\/thead><tbody><tr><td>Alexandre de Moraes<\/td><td>44.008,52<\/td><td>26.271,73<\/td><\/tr><tr><td>Andr\u00e9 Mendon\u00e7a<\/td><td>44.008,52<\/td><td>10.428,02<\/td><\/tr><tr><td>Luiz Fux<\/td><td>44.008,52<\/td><td>22.569,39<\/td><\/tr><tr><td>C\u00e1rmen L\u00facia<\/td><td>44.008,52<\/td><td>28.960,90<\/td><\/tr><tr><td>Cristiano Zanin<\/td><td>44.008,52<\/td><td>21.750,18<\/td><\/tr><tr><td>Fl\u00e1vio Dino<\/td><td>44.008,52<\/td><td>24.697,76<\/td><\/tr><tr><td>Gilmar Mendes<\/td><td>44.008,52<\/td><td>28.465,22<\/td><\/tr><tr><td>Dias Toffoli<\/td><td>44.008,52<\/td><td>22.608,01<\/td><\/tr><tr><td>Kassio Nunes Marques<\/td><td>44.008,52<\/td><td>20.757,89<\/td><\/tr><tr><td>Lu\u00eds Roberto Barroso<\/td><td>44.008,52<\/td><td>27.013,75<\/td><\/tr><tr><td>Edson Fachin<\/td><td>44.008,52<\/td><td>27.017,99<\/td><\/tr><\/tbody><\/table><\/figure>\n\n\n\n<h2 class=\"wp-block-heading\"><strong>Benef\u00edcios e abono perman\u00eancia<\/strong><\/h2>\n\n\n\n<p>Al\u00e9m do sal\u00e1rio, os ministros t\u00eam&nbsp;<strong>direito a f\u00e9rias, aposentadoria integral<\/strong>&nbsp;e&nbsp;<strong>abono perman\u00eancia<\/strong>, um b\u00f4nus pago a quem j\u00e1 poderia se aposentar, mas opta por continuar em atividade. O valor corresponde \u00e0 contribui\u00e7\u00e3o previdenci\u00e1ria do servidor.<\/p>\n\n\n\n<p>Atualmente, o presidente do STF,&nbsp;<strong>Lu\u00eds Roberto Barroso<\/strong>, recebe&nbsp;<strong>R$ 7.208,15<\/strong>&nbsp;de abono perman\u00eancia. O benef\u00edcio tamb\u00e9m \u00e9 pago aos ministros&nbsp;<strong>C\u00e1rmen L\u00facia<\/strong>,&nbsp;<strong>Gilmar Mendes<\/strong>&nbsp;e&nbsp;<strong>Edson Fachin<\/strong>.<\/p>\n\n\n\n<p>Os magistrados contam ainda com&nbsp;<strong>seguran\u00e7a institucional em eventos p\u00fablicos e privados<\/strong>, al\u00e9m de estrutura de apoio para o exerc\u00edcio das fun\u00e7\u00f5es.<\/p>\n\n\n\n<h2 class=\"wp-block-heading\"><strong>Barroso anuncia aposentadoria antecipada<\/strong><\/h2>\n\n\n\n<p>Nesta&nbsp;<strong>quinta-feira (9)<\/strong>, o ministro&nbsp;<strong>Lu\u00eds Roberto Barroso<\/strong>, que preside o STF desde 2023,&nbsp;<strong>anunciou aposentadoria antecipada<\/strong>. Embora pudesse permanecer no cargo at\u00e9 2033, quando completaria a idade limite, Barroso decidiu deixar a Corte antes do prazo.<\/p>\n\n\n\n<p>Em seu discurso no plen\u00e1rio, afirmou:<\/p>\n\n\n\n<blockquote class=\"wp-block-quote is-layout-flow wp-block-quote-is-layout-flow\">\n<p>\u201cN\u00e3o podia sair antes de terminar o julgamento do golpe; era meu dever estar aqui.\u201d<\/p>\n<\/blockquote>\n\n\n\n<p>Com a sa\u00edda de Barroso, o&nbsp;<strong>presidente Luiz In\u00e1cio Lula da Silva (PT)<\/strong>&nbsp;ter\u00e1 a oportunidade de indicar&nbsp;<strong>mais um nome para o Supremo<\/strong>, o&nbsp;<strong>11\u00ba da atual composi\u00e7\u00e3o<\/strong>.<\/p>\n","protected":false},"excerpt":{"rendered":"<p>Os\u00a011 ministros do Supremo Tribunal Federal (STF)\u00a0passaram a receber\u00a0R$ 46.366,19 de sal\u00e1rio-base\u00a0a partir de\u00a0fevereiro de 2025, conforme o reajuste de\u00a018%\u00a0aprovado pelo\u00a0Congresso Nacional\u00a0em 2022. O aumento foi escalonado em tr\u00eas etapas e eleva o subs\u00eddio pago \u00e0 mais alta Corte do pa\u00eds, que tamb\u00e9m define o\u00a0teto salarial do funcionalismo p\u00fablico federal. O reajuste vem sendo aplicado [&hellip;]<\/p>\n","protected":false},"author":9,"featured_media":19531,"comment_status":"closed","ping_status":"closed","sticky":false,"template":"","format":"standard","meta":{"jnews-multi-image_gallery":[],"jnews_single_post":{"format":"standard"},"jnews_primary_category":[],"jnews_social_meta":[],"jnews_override_counter":[],"jnews_post_split":[],"footnotes":""},"categories":[1],"tags":[],"class_list":["post-21873","post","type-post","status-publish","format-standard","has-post-thumbnail","hentry","category-geral"],"_referencia":"","_links":{"self":[{"href":"https:\/\/diariodocomercio.com.br\/mix\/wp-json\/wp\/v2\/posts\/21873","targetHints":{"allow":["GET"]}}],"collection":[{"href":"https:\/\/diariodocomercio.com.br\/mix\/wp-json\/wp\/v2\/posts"}],"about":[{"href":"https:\/\/diariodocomercio.com.br\/mix\/wp-json\/wp\/v2\/types\/post"}],"author":[{"embeddable":true,"href":"https:\/\/diariodocomercio.com.br\/mix\/wp-json\/wp\/v2\/users\/9"}],"replies":[{"embeddable":true,"href":"https:\/\/diariodocomercio.com.br\/mix\/wp-json\/wp\/v2\/comments?post=21873"}],"version-history":[{"count":2,"href":"https:\/\/diariodocomercio.com.br\/mix\/wp-json\/wp\/v2\/posts\/21873\/revisions"}],"predecessor-version":[{"id":21885,"href":"https:\/\/diariodocomercio.com.br\/mix\/wp-json\/wp\/v2\/posts\/21873\/revisions\/21885"}],"wp:featuredmedia":[{"embeddable":true,"href":"https:\/\/diariodocomercio.com.br\/mix\/wp-json\/wp\/v2\/media\/19531"}],"wp:attachment":[{"href":"https:\/\/diariodocomercio.com.br\/mix\/wp-json\/wp\/v2\/media?parent=21873"}],"wp:term":[{"taxonomy":"category","embeddable":true,"href":"https:\/\/diariodocomercio.com.br\/mix\/wp-json\/wp\/v2\/categories?post=21873"},{"taxonomy":"post_tag","embeddable":true,"href":"https:\/\/diariodocomercio.com.br\/mix\/wp-json\/wp\/v2\/tags?post=21873"}],"curies":[{"name":"wp","href":"https:\/\/api.w.org\/{rel}","templated":true}]}}