{"id":22062,"date":"2025-10-18T07:38:00","date_gmt":"2025-10-18T10:38:00","guid":{"rendered":"https:\/\/diariodocomercio.com.br\/mix\/?p=22062"},"modified":"2025-10-13T17:41:27","modified_gmt":"2025-10-13T20:41:27","slug":"eike-batista-ressurge-das-cinzas-com-novo-combustivel-e-promete-desbancar-a-petrobras-no-brasil","status":"publish","type":"post","link":"https:\/\/diariodocomercio.com.br\/mix\/eike-batista-ressurge-das-cinzas-com-novo-combustivel-e-promete-desbancar-a-petrobras-no-brasil\/","title":{"rendered":"Eike Batista ressurge das cinzas com novo combust\u00edvel e promete desbancar a Petrobras no Brasil"},"content":{"rendered":"\n<p><strong>Eike Batista<\/strong> aposta novamente no mercado de biocombust\u00edveis. O empres\u00e1rio est\u00e1 promovendo a <strong>supercana,<\/strong> uma variedade desenvolvida para produzir at\u00e9 tr\u00eas vezes mais etanol e 12 vezes mais biomassa por hectare que a cana convencional.<\/p>\n\n\n\n<p>O projeto, conduzido pela BRXe, est\u00e1 localizado em Quissam\u00e3, no Rio de Janeiro. No entanto, h\u00e1 ceticismo em torno dos n\u00fameros apresentados, pois ainda carecem de comprova\u00e7\u00e3o cient\u00edfica independente.<\/p>\n\n\n\n<h2 class=\"wp-block-heading\">Inova\u00e7\u00e3o na cana-de-a\u00e7\u00facar<\/h2>\n\n\n\n<p>A supercana \u00e9 uma cana geneticamente melhorada que busca transformar o setor de combust\u00edveis no Brasil. O objetivo \u00e9 <strong>competir com o etanol de milho, <\/strong>bastante utilizado nos EUA.<\/p>\n\n\n\n<p>Sem estudos cient\u00edficos conclusivos, a viabilidade das proje\u00e7\u00f5es ainda \u00e9 incerta. Eike acredita que em at\u00e9 vinte anos, 30% das planta\u00e7\u00f5es brasileiras poder\u00e3o adotar a supercana, embora essa previs\u00e3o ainda n\u00e3o esteja documentada.<\/p>\n\n\n\n<h2 class=\"wp-block-heading\">Proje\u00e7\u00f5es&nbsp;<\/h2>\n\n\n\n<p>O projeto visa tamb\u00e9m a produ\u00e7\u00e3o de embalagens biodegrad\u00e1veis a partir do baga\u00e7o da cana, ampliando as aplica\u00e7\u00f5es da supercana. Apesar de investimentos expressivos, como US$ 500 milh\u00f5es de investidores \u00e1rabes e da Brasilinvest, a efic\u00e1cia operacional em larga escala permanece question\u00e1vel.<\/p>\n\n\n\n<p>O ceticismo por parte da ind\u00fastria reflete a necessidade de provas concretas sobre o comportamento da supercana em diferentes regi\u00f5es e climas do Brasil.<\/p>\n\n\n\n<h2 class=\"wp-block-heading\">Expans\u00e3o da supercana<\/h2>\n\n\n\n<p>Eike Batista planeja a expans\u00e3o do projeto em at\u00e9 20 m\u00f3dulos de 70 mil hectares pelo Brasil. Espera-se que essas instala\u00e7\u00f5es contribuam para a produ\u00e7\u00e3o de bilh\u00f5es de litros de etanol e toneladas de embalagens at\u00e9 2028.<\/p>\n\n\n\n<p>O sucesso desse empreendimento poderia solidificar a posi\u00e7\u00e3o do Brasil no mercado de energia verde.&nbsp;<\/p>\n","protected":false},"excerpt":{"rendered":"<p>O projeto, conduzido pela BRXe, est\u00e1 localizado em Quissam\u00e3, no Rio de Janeiro. <\/p>\n","protected":false},"author":12,"featured_media":0,"comment_status":"closed","ping_status":"closed","sticky":false,"template":"","format":"standard","meta":{"jnews-multi-image_gallery":[],"jnews_single_post":{"format":"standard"},"jnews_primary_category":[],"jnews_social_meta":[],"jnews_override_counter":[],"jnews_post_split":[],"footnotes":""},"categories":[1],"tags":[],"class_list":["post-22062","post","type-post","status-publish","format-standard","hentry","category-geral"],"_referencia":"","_links":{"self":[{"href":"https:\/\/diariodocomercio.com.br\/mix\/wp-json\/wp\/v2\/posts\/22062","targetHints":{"allow":["GET"]}}],"collection":[{"href":"https:\/\/diariodocomercio.com.br\/mix\/wp-json\/wp\/v2\/posts"}],"about":[{"href":"https:\/\/diariodocomercio.com.br\/mix\/wp-json\/wp\/v2\/types\/post"}],"author":[{"embeddable":true,"href":"https:\/\/diariodocomercio.com.br\/mix\/wp-json\/wp\/v2\/users\/12"}],"replies":[{"embeddable":true,"href":"https:\/\/diariodocomercio.com.br\/mix\/wp-json\/wp\/v2\/comments?post=22062"}],"version-history":[{"count":1,"href":"https:\/\/diariodocomercio.com.br\/mix\/wp-json\/wp\/v2\/posts\/22062\/revisions"}],"predecessor-version":[{"id":22064,"href":"https:\/\/diariodocomercio.com.br\/mix\/wp-json\/wp\/v2\/posts\/22062\/revisions\/22064"}],"wp:attachment":[{"href":"https:\/\/diariodocomercio.com.br\/mix\/wp-json\/wp\/v2\/media?parent=22062"}],"wp:term":[{"taxonomy":"category","embeddable":true,"href":"https:\/\/diariodocomercio.com.br\/mix\/wp-json\/wp\/v2\/categories?post=22062"},{"taxonomy":"post_tag","embeddable":true,"href":"https:\/\/diariodocomercio.com.br\/mix\/wp-json\/wp\/v2\/tags?post=22062"}],"curies":[{"name":"wp","href":"https:\/\/api.w.org\/{rel}","templated":true}]}}