{"id":22142,"date":"2025-10-14T13:51:21","date_gmt":"2025-10-14T16:51:21","guid":{"rendered":"https:\/\/diariodocomercio.com.br\/mix\/?p=22142"},"modified":"2025-10-14T13:51:24","modified_gmt":"2025-10-14T16:51:24","slug":"nao-e-metanol-jornalista-da-globo-contrai-infeccao-que-causa-cegueira","status":"publish","type":"post","link":"https:\/\/diariodocomercio.com.br\/mix\/nao-e-metanol-jornalista-da-globo-contrai-infeccao-que-causa-cegueira\/","title":{"rendered":"N\u00e3o \u00e9 metanol: jornalista da Globo contrai infec\u00e7\u00e3o que causa cegueira"},"content":{"rendered":"\n<p>A apresentadora Marcelly Abreu, de 39 anos, contou em suas redes sociais que foi diagnosticada com uma infec\u00e7\u00e3o bacteriana que pode causar cegueira e at\u00e9 ser fatal. A infec\u00e7\u00e3o em quest\u00e3o \u00e9 uma celulite ocular. Em entrevista ao g1, a apresentadora da TV Tribuna, afiliada da Globo na Baixada Santista, contou mais sobre a doen\u00e7a.<\/p>\n\n\n\n<p>Segundo Marcelly, os sintomas come\u00e7aram no in\u00edcio da semana passada, mas ela confundiu com uma rea\u00e7\u00e3o al\u00e9rgica a camar\u00e3o. O olho da apresentadora come\u00e7ou a inchar muito e a doer e chegou a fechar completamente na quarta-feira passada (8). Foi a\u00ed que ela buscou atendimento m\u00e9dico. Ela come\u00e7ou o tratamento com antibi\u00f3tico e depois foi em uma cl\u00ednica oftalmol\u00f3gico, onde recebeu prescri\u00e7\u00e3o de mais rem\u00e9dios e uma pomada.<\/p>\n\n\n\n<p>Ao contar o caso nas redes sociais, a apresentada da afiliada da Globo relata que recebeu muitas mensagens de pessoas com o mesmo diagn\u00f3stico.<\/p>\n\n\n\n<h2 class=\"wp-block-heading\">O que \u00e9 celulite ocular: saiba mais sobre a infec\u00e7\u00e3o<\/h2>\n\n\n\n<p>Consultado pelo g1, o professor universit\u00e1rio de oftalmologia e diretor do Hospital Vis\u00e3o Laser, Guilherme Colombo Barboza, explicou que a celulite ocular \u00e9 uma infec\u00e7\u00e3o provocada por bact\u00e9rias que atingem os olhos. Elas podem ser mais superficiais, atingindo a pele e os tecidos externos, ou mais profundas, afetando estruturas internas da \u00f3rbita ocular.<\/p>\n\n\n\n<p><em>&#8220;Se n\u00e3o for tratada rapidamente, a forma orbit\u00e1ria pode causar complica\u00e7\u00f5es s\u00e9rias, inclusive risco de cegueira ou dissemina\u00e7\u00e3o da infec\u00e7\u00e3o para o c\u00e9rebro&#8221;<\/em>, explicou Barboza.<\/p>\n\n\n\n<p>Os sintomas incluem dor, incha\u00e7o, vermelhid\u00e3o e dificuldade para abrir ou mover os olhos. <\/p>\n\n\n\n<p>Normalmente, a celulite ocular \u00e9 uma <strong>complica\u00e7\u00e3o secund\u00e1ria<\/strong> de outras infec\u00e7\u00f5es, como sinusite, espinha na pele ou abscesso dental. Ela n\u00e3o \u00e9 transmitida de pessoa para pessoa como a conjuntivite.<\/p>\n\n\n\n<style>@media (min-width: 992px) {\n    .recomendadorV2Area1 {\n        width: 280px;\n    }\n    .recomendadorV2Area2 {\n        padding: 0px 20px;\n        width: calc(100% - 280px);\n    }\n}\n\n@media (max-width: 992px) {\n    .recomendadorV2Button {\n        margin: 0 auto;\n    }\n    .recomendadorV2Area {\n        flex-direction: column;\n        text-align: center;\n    }\n    .recomendadorV2Area2 {\n        padding: 0px 20px;\n    }\n}\n\n.recomendadorV2Area {\n    background: #eeeeee3d;\n    border-radius: 10px;\n    padding: 15px;\n    display: flex;\n    margin: 15px auto;\n    border: 1px solid #00000014;\n    max-width: 800px;\n}\n\n.recomendadorV2Area1 img {\n    width: 280px;\n    height: auto;\n    border-radius: 8px;\n}\n\n.linkrecomendadorv2 {\n    text-decoration: none !important;\n}\n\n.recomendadorV2Area2 .recomendadorV2Type {\n    text-transform: uppercase;\n    font-weight: 500;\n    font-size: 11px;\n    letter-spacing: 2px;\n    color: #666;\n    margin: 12px 0;\n    display: block;\n}\n\n.recomendadorV2Title h2 {\n    padding-top: 0px !important;\n    margin: 0px !important;\n    border-left: none !important;\n    padding-left: 0px !important;\n    line-height: 1.3;\n    color: #000 !important;\n    font-size: 24px;\n    margin-bottom: 12px !important;\n}\n\n.recomendadorV2Desc {\n    color: #333;\n    margin: 12px 0px !important;\n    font-size: 15px;\n    line-height: 1.5;\n}\n\n.recomendadorV2Button {\n    width: auto;\n    max-width: 200px;\n    margin: 0;\n    display: inline-flex;\n    align-items: center;\n    background: #1D3557;\n    border-radius: 8px;\n    color: #fff;\n    height: 36px;\n    justify-content: center;\n    text-align: center;\n    font-size: 14px;\n    padding: 0 20px;\n    transition: background-color 0.2s ease;\n}\n\n.recomendadorV2Button:hover {\n    background: #2a4d7a;\n}\n\n.recomendadorV2Button:after {\n    margin-top: -2px;\n    content: \"\u2192\";\n    padding: 0px 0px 0px 8px;\n}\n\n.recomendadorV2Alert {\n    text-align: left;\n    font-size: 11px;\n    margin-top: 8px;\n    color: #666;\n}\n\n.recomendadorFixedArea {\n    width: 100%;\n    display: flex;\n    justify-content: center;\n    align-items: center;\n}\n\n@media (min-width: 992px) {\n    #recomendadorFixed {\n        width: 32% !important;\n        left: 5%;\n    }\n    .recomendadorCloseFixed{\n        right: inherit !important;\n        left: 378px !important;\n    }\n}\n\n#recomendadorFixed {\n    width: 90%;\n    box-shadow: 0 10px 20px 0px #00000057;\n    display: none;\n    height: 90px;\n    background: #F6F6F6;\n    position: fixed;\n    flex-direction: row;\n    bottom: 10px;\n    z-index: 9999;\n    border-radius: 16px;\n    padding: 7px 10px;\n}\n\n.recomendadorLeftArea {\n    width: 160px;\n}\n\n.recomendadorRightArea h2 {\n    padding-top: 0px;\n    margin: 2px 0px 4px 0px !important;\n    font-weight: 400;\n    text-align: center;\n    padding-left: 0px !important;\n    color: #000 !important;\n    border-left: none !important;\n    line-height: 20px;\n    font-size: 12px !important;\n}\n\n.recomendadorImgFixed {\n    overflow: hidden;\n    padding: 8px 6px;\n    height: 100%;\n}\n\n.recomendadorImgFixed img {\n    height: 100% !important;\n    border-radius: 16px;\n}\n\n.recomendadorRightArea {\n    padding-top: 6px;\n    display: flex;\n    width: calc(100% - 130px);\n    justify-content: space-between;\n    align-items: center;\n    flex-direction: column;\n}\n\n.recomendadorButtonFixed {\n    margin: 0 auto;\n    background: #1D3557;\n    width: 80%;\n    text-align: center;\n    font-size: 10px;\n    color: #FFF;\n    padding: 2px 10px;\n    border-radius: 3px;\n}\n\n.recomendadorButtonFixed:after {\n    margin-top: -3px;\n    content: \"\u2192\";\n    padding: 0px 0px 0px 10px;\n}\n\n.recomendadorAlertFixed {\n    font-weight: 400;\n    text-align: center;\n    color: #484848;\n    font-size: 8px;\n}\n\n.recomendadorCloseFixed {\n    z-index: 99999;\n    display: none;\n    right: 0px;\n    left: inherit;\n    bottom: 99px;\n    position: fixed;\n    justify-content: center;\n    background: #F6F6F6;\n    width: 25px;\n    align-items: center;\n    height: 25px;\n    font-weight: 800;\n    border-radius: 50%;\n    border: 1px solid #EBEBEB;\n}\n\n.recomendadorV2Desc{\n    color: #000000;\n    margin: 20px 0px;\n}\n\n@media (max-width: 576px) {\n    .recomendadorV2Area {\n      padding: 10px;\n      max-width: 100%;\n    }\n  \n    .recomendadorV2Area1 img {\n      width: 100%;\n      border-radius: 6px;\n    }\n  \n    .recomendadorV2Area2 .recomendadorV2Type {\n      font-size: 9px;\n      letter-spacing: 1px;\n      margin: 8px 0;\n    }\n  \n    .recomendadorV2Title h2 {\n      font-size: 18px !important;\n      margin-bottom: 8px !important;\n      line-height: 1.2;\n    }\n  \n    .recomendadorV2Desc {\n      font-size: 14px;\n      margin: 8px 0 !important;\n      line-height: 1.4;\n    }\n  \n    .recomendadorV2Button {\n      font-size: 14px;\n      height: 40px;\n      padding: 0 12px;\n      max-width: 100%;\n      width: 100%;\n    }\n  \n    .recomendadorV2Button:after {\n      padding-left: 6px;\n    }\n  }\n  <\/style>\n        <div class=\"lazyblock-recomendador-v2-2jDGz wp-block-lazyblock-recomendador-v2\">\n        <a class=\"linkrecomendadorv2\" href=\"https:\/\/diariodocomercio.com.br\/mix\/destino-pouco-conhecido-no-nordeste-parece-ter-saido-de-um-conto-de-fadas\/\">\n            <div class=\"recomendadorV2Area\">\n            <div class=\"recomendadorV2Area1\">\n                <div class=\"recomendadorV2Img\">\n                <img class=\"lazyloaded\" decoding=\"async\" src=\"https:\/\/diariodocomercio.com.br\/mix\/wp-content\/uploads\/2025\/09\/castelo-ze-dos-montes.jpg\" data-src=\"https:\/\/diariodocomercio.com.br\/mix\/wp-content\/uploads\/2025\/09\/castelo-ze-dos-montes.jpg\" alt=\"\">\n                <\/div>\n            <\/div>\n            <div class=\"recomendadorV2Area2\">\n                <div class=\"recomendadorV2Type\">\n                    <span>TURISMO<\/span>\n                <\/div>\n                <div class=\"recomendadorV2Title\">\n                <h2><span>Destino pouco conhecido no Nordeste parece ter sa\u00eddo de um conto de fadas<\/span><\/h2>\n                <\/div>\n                <div class=\"recomendadorV2Desc\">\n                <span>A imagem acima parece sa\u00edda de um livro de contos de fadas, n\u00e3o \u00e9 mesmo? Voc\u00ea pode visitar um castelo \u2026<\/span>\n                <\/div>\n                <div class=\"recomendadorV2Button\">Leia mais<\/div>\n                <div class=\"recomendadorV2Alert\"><\/div>\n            <\/div>\n            <\/div>\n        <\/a>\n        <div>\n            <div style=\"z-index:99999;\" id=\"buttonClose\" onclick=\"closeRecomendadorFixed()\">\n            <div class=\"recomendadorCloseFixed\">X<\/div>\n            <\/div>\n            <a href=\"https:\/\/diariodocomercio.com.br\/mix\/destino-pouco-conhecido-no-nordeste-parece-ter-saido-de-um-conto-de-fadas\/\">\n            <div class=\"recomendadorFixedArea\">\n                <div id=\"recomendadorFixed\">\n                <div class=\"recomendadorLeftArea\">\n                    <div class=\"recomendadorImgFixed\">\n                    <img class=\"lazyload\" decoding=\"async\" src=\"https:\/\/diariodocomercio.com.br\/mix\/wp-content\/uploads\/2025\/09\/castelo-ze-dos-montes.jpg\" alt=\"\">\n                    <\/div>\n                <\/div>\n                <div class=\"recomendadorRightArea\">\n                    <div class=\"recomendadorTitleFixed\">\n                    <h2><span>Destino pouco conhecido no Nordeste parece ter sa\u00eddo de um conto de fadas<\/span><\/h2>\n                    <\/div>\n                    <div class=\"recomendadorButtonFixed\">Leia mais<\/div>\n                    <div class=\"recomendadorAlertFixed\"><\/div>\n                <\/div>\n                <\/div>\n            <\/div>\n            <\/a>\n        <\/div>\n        <\/div>\n","protected":false},"excerpt":{"rendered":"<p>A apresentadora Marcelly Abreu, de 39 anos, contou em suas redes sociais que foi diagnosticada com uma infec\u00e7\u00e3o bacteriana que pode causar cegueira e at\u00e9 ser fatal. A infec\u00e7\u00e3o em quest\u00e3o \u00e9 uma celulite ocular. Em entrevista ao g1, a apresentadora da TV Tribuna, afiliada da Globo na Baixada Santista, contou mais sobre a doen\u00e7a. [&hellip;]<\/p>\n","protected":false},"author":6,"featured_media":22144,"comment_status":"closed","ping_status":"closed","sticky":false,"template":"","format":"standard","meta":{"jnews-multi-image_gallery":[],"jnews_single_post":{"format":"standard"},"jnews_primary_category":[],"jnews_social_meta":[],"jnews_override_counter":[],"jnews_post_split":[],"footnotes":""},"categories":[1],"tags":[],"class_list":["post-22142","post","type-post","status-publish","format-standard","has-post-thumbnail","hentry","category-geral"],"_referencia":"","_links":{"self":[{"href":"https:\/\/diariodocomercio.com.br\/mix\/wp-json\/wp\/v2\/posts\/22142","targetHints":{"allow":["GET"]}}],"collection":[{"href":"https:\/\/diariodocomercio.com.br\/mix\/wp-json\/wp\/v2\/posts"}],"about":[{"href":"https:\/\/diariodocomercio.com.br\/mix\/wp-json\/wp\/v2\/types\/post"}],"author":[{"embeddable":true,"href":"https:\/\/diariodocomercio.com.br\/mix\/wp-json\/wp\/v2\/users\/6"}],"replies":[{"embeddable":true,"href":"https:\/\/diariodocomercio.com.br\/mix\/wp-json\/wp\/v2\/comments?post=22142"}],"version-history":[{"count":3,"href":"https:\/\/diariodocomercio.com.br\/mix\/wp-json\/wp\/v2\/posts\/22142\/revisions"}],"predecessor-version":[{"id":22165,"href":"https:\/\/diariodocomercio.com.br\/mix\/wp-json\/wp\/v2\/posts\/22142\/revisions\/22165"}],"wp:featuredmedia":[{"embeddable":true,"href":"https:\/\/diariodocomercio.com.br\/mix\/wp-json\/wp\/v2\/media\/22144"}],"wp:attachment":[{"href":"https:\/\/diariodocomercio.com.br\/mix\/wp-json\/wp\/v2\/media?parent=22142"}],"wp:term":[{"taxonomy":"category","embeddable":true,"href":"https:\/\/diariodocomercio.com.br\/mix\/wp-json\/wp\/v2\/categories?post=22142"},{"taxonomy":"post_tag","embeddable":true,"href":"https:\/\/diariodocomercio.com.br\/mix\/wp-json\/wp\/v2\/tags?post=22142"}],"curies":[{"name":"wp","href":"https:\/\/api.w.org\/{rel}","templated":true}]}}