{"id":22167,"date":"2025-10-19T10:42:00","date_gmt":"2025-10-19T13:42:00","guid":{"rendered":"https:\/\/diariodocomercio.com.br\/mix\/?p=22167"},"modified":"2025-10-14T14:08:33","modified_gmt":"2025-10-14T17:08:33","slug":"gol-revela-intencao-de-fechar-capital-no-brasil-e-surpreende-todo-o-pais","status":"publish","type":"post","link":"https:\/\/diariodocomercio.com.br\/mix\/gol-revela-intencao-de-fechar-capital-no-brasil-e-surpreende-todo-o-pais\/","title":{"rendered":"Gol revela inten\u00e7\u00e3o de fechar capital no Brasil e surpreende todo o pa\u00eds"},"content":{"rendered":"\n<p>A<strong> Gol Linhas A\u00e9reas <\/strong>anunciou, na \u00faltima segunda-feira (13), um plano de reestrutura\u00e7\u00e3o societ\u00e1ria que levar\u00e1 ao <strong>fechamento de seu capital no Brasil. <\/strong>A iniciativa foi tomada ap\u00f3s a conclus\u00e3o do processo de recupera\u00e7\u00e3o judicial nos Estados Unidos, conclu\u00eddo em junho deste ano.<\/p>\n\n\n\n<p>A holding Abra, que aumentou sua participa\u00e7\u00e3o na Gol de 52% para mais de 80%, est\u00e1 por tr\u00e1s dessa estrat\u00e9gia de reorganiza\u00e7\u00e3o. O objetivo \u00e9 simplificar a estrutura da empresa, otimizar opera\u00e7\u00f5es e reduzir custos.<\/p>\n\n\n\n<h2 class=\"wp-block-heading\">Mudan\u00e7as significativas para acionistas<\/h2>\n\n\n\n<p>Os acionistas da Gol ter\u00e3o novas op\u00e7\u00f5es diante da reestrutura\u00e7\u00e3o. Eles poder\u00e3o participar de uma <strong>Oferta P\u00fablica de Aquisi\u00e7\u00e3o <\/strong>(OPA) ou continuar como acionistas na nova estrutura privada sob o controle da Abra.<\/p>\n\n\n\n<p>Cada a\u00e7\u00e3o ordin\u00e1ria da Gol ser\u00e1 trocada por uma a\u00e7\u00e3o ordin\u00e1ria da nova Gol Linhas A\u00e9reas. Os detentores de a\u00e7\u00f5es preferenciais receber\u00e3o 35 a\u00e7\u00f5es ordin\u00e1rias da nova empresa para cada a\u00e7\u00e3o preferencial.<\/p>\n\n\n\n<h2 class=\"wp-block-heading\">Implica\u00e7\u00f5es da sa\u00edda da B3<\/h2>\n\n\n\n<p>A decis\u00e3o de retirar a Gol da B3 faz parte de uma estrat\u00e9gia de reformula\u00e7\u00e3o da governan\u00e7a corporativa. Atualmente, apenas 0,78% das a\u00e7\u00f5es preferenciais est\u00e3o em circula\u00e7\u00e3o. A empresa busca centralizar o controle acion\u00e1rio para melhorar a efici\u00eancia interna.<\/p>\n\n\n\n<p>A expectativa \u00e9 que a mudan\u00e7a tamb\u00e9m facilite planos futuros do Grupo Abra, que pretende abrir capital em mercados internacionais.<\/p>\n\n\n\n<h2 class=\"wp-block-heading\">Assembleia geral&nbsp;<\/h2>\n\n\n\n<p>Est\u00e1 marcada uma Assembleia Geral Extraordin\u00e1ria para o dia 4 de novembro, onde a proposta de reestrutura\u00e7\u00e3o ser\u00e1 submetida \u00e0 aprova\u00e7\u00e3o dos acionistas. A conclus\u00e3o desse processo est\u00e1 prevista at\u00e9 fevereiro do pr\u00f3ximo ano, caso aprovada.<\/p>\n\n\n\n<p>O aval dos \u00f3rg\u00e3os regulat\u00f3rios tamb\u00e9m \u00e9 necess\u00e1rio para o andamento do plano.<\/p>\n","protected":false},"excerpt":{"rendered":"<p>Decis\u00e3o foi justificada pela empresa. Confira detalhes.<\/p>\n","protected":false},"author":12,"featured_media":13218,"comment_status":"closed","ping_status":"closed","sticky":false,"template":"","format":"standard","meta":{"jnews-multi-image_gallery":[],"jnews_single_post":{"format":"standard"},"jnews_primary_category":[],"jnews_social_meta":[],"jnews_override_counter":[],"jnews_post_split":[],"footnotes":""},"categories":[1],"tags":[],"class_list":["post-22167","post","type-post","status-publish","format-standard","has-post-thumbnail","hentry","category-geral"],"_referencia":"","_links":{"self":[{"href":"https:\/\/diariodocomercio.com.br\/mix\/wp-json\/wp\/v2\/posts\/22167","targetHints":{"allow":["GET"]}}],"collection":[{"href":"https:\/\/diariodocomercio.com.br\/mix\/wp-json\/wp\/v2\/posts"}],"about":[{"href":"https:\/\/diariodocomercio.com.br\/mix\/wp-json\/wp\/v2\/types\/post"}],"author":[{"embeddable":true,"href":"https:\/\/diariodocomercio.com.br\/mix\/wp-json\/wp\/v2\/users\/12"}],"replies":[{"embeddable":true,"href":"https:\/\/diariodocomercio.com.br\/mix\/wp-json\/wp\/v2\/comments?post=22167"}],"version-history":[{"count":1,"href":"https:\/\/diariodocomercio.com.br\/mix\/wp-json\/wp\/v2\/posts\/22167\/revisions"}],"predecessor-version":[{"id":22168,"href":"https:\/\/diariodocomercio.com.br\/mix\/wp-json\/wp\/v2\/posts\/22167\/revisions\/22168"}],"wp:featuredmedia":[{"embeddable":true,"href":"https:\/\/diariodocomercio.com.br\/mix\/wp-json\/wp\/v2\/media\/13218"}],"wp:attachment":[{"href":"https:\/\/diariodocomercio.com.br\/mix\/wp-json\/wp\/v2\/media?parent=22167"}],"wp:term":[{"taxonomy":"category","embeddable":true,"href":"https:\/\/diariodocomercio.com.br\/mix\/wp-json\/wp\/v2\/categories?post=22167"},{"taxonomy":"post_tag","embeddable":true,"href":"https:\/\/diariodocomercio.com.br\/mix\/wp-json\/wp\/v2\/tags?post=22167"}],"curies":[{"name":"wp","href":"https:\/\/api.w.org\/{rel}","templated":true}]}}