{"id":22180,"date":"2025-10-19T12:15:00","date_gmt":"2025-10-19T15:15:00","guid":{"rendered":"https:\/\/diariodocomercio.com.br\/mix\/?p=22180"},"modified":"2025-10-14T15:18:04","modified_gmt":"2025-10-14T18:18:04","slug":"lave-a-sua-cafeteira-imediatamente-ela-pode-acumular-baratas-larvas-e-formigas","status":"publish","type":"post","link":"https:\/\/diariodocomercio.com.br\/mix\/lave-a-sua-cafeteira-imediatamente-ela-pode-acumular-baratas-larvas-e-formigas\/","title":{"rendered":"Lave a sua cafeteira imediatamente: ela pode acumular baratas, larvas e formigas"},"content":{"rendered":"\n<p>Um v\u00eddeo publicado por uma assist\u00eancia t\u00e9cnica de Campinas (SP) viralizou nas redes sociais ao mostrar o interior de uma cafeteira de c\u00e1psulas completamente tomado por&nbsp;<strong>larvas vivas<\/strong>. As imagens, registradas pelo t\u00e9cnico&nbsp;<strong>L\u00e1zaro Sousa<\/strong>, expuseram um problema comum entre usu\u00e1rios que n\u00e3o fazem a&nbsp;<strong>limpeza regular do equipamento<\/strong>.<\/p>\n\n\n\n<p>De acordo com o profissional, a cafeteira, que tinha&nbsp;<strong>apenas dois meses de uso<\/strong>, apresentava uma infesta\u00e7\u00e3o causada pelo&nbsp;<strong>ac\u00famulo de res\u00edduos a\u00e7ucarados<\/strong>&nbsp;\u2014 especialmente em m\u00e1quinas utilizadas para preparar bebidas como cappuccino e chocolate quente.<\/p>\n\n\n\n<blockquote class=\"wp-block-quote is-layout-flow wp-block-quote-is-layout-flow\">\n<p>\u201c\u00c9 comum encontrar insetos como&nbsp;<strong>baratas e formigas<\/strong>&nbsp;em m\u00e1quinas que n\u00e3o passam por higieniza\u00e7\u00e3o. Isso acontece em modelos que utilizam c\u00e1psulas com a\u00e7\u00facar. Nas que t\u00eam apenas caf\u00e9, o risco \u00e9 bem menor\u201d, explicou L\u00e1zaro ao&nbsp;<em>g1<\/em>.<\/p>\n<\/blockquote>\n\n\n\n<p>O v\u00eddeo, que j\u00e1 ultrapassa&nbsp;<strong>22 mil curtidas<\/strong>&nbsp;no TikTok, mostra o t\u00e9cnico desmontando o aparelho e revelando as larvas se movendo entre os compartimentos internos. O caso gerou forte repercuss\u00e3o nas redes, com internautas relatando situa\u00e7\u00f5es semelhantes e manifestando repulsa.<\/p>\n\n\n\n<p>Uma usu\u00e1ria comentou que esqueceu uma c\u00e1psula usada dentro da m\u00e1quina por um dia e encontrou o mesmo problema. \u201cQuase morri de nojo. Desde ent\u00e3o, s\u00f3 tomo caf\u00e9 coado\u201d, escreveu.<\/p>\n\n\n\n<h2 class=\"wp-block-heading\"><strong>Falta de limpeza pode causar infesta\u00e7\u00f5es<\/strong><\/h2>\n\n\n\n<p>Segundo especialistas, o ambiente quente e \u00famido dentro das cafeteiras \u00e9 ideal para a\u00a0<strong>prolifera\u00e7\u00e3o de insetos e micro-organismos<\/strong>, principalmente quando h\u00e1 res\u00edduos de a\u00e7\u00facar ou leite<\/p>\n\n\n\n<p>Al\u00e9m do risco de infesta\u00e7\u00e3o, a sujeira acumulada pode\u00a0<strong>alterar o sabor do caf\u00e9<\/strong>\u00a0e comprometer o funcionamento do equipamento.<\/p>\n\n\n\n<p>Engenheiros de alimentos alertam que a higieniza\u00e7\u00e3o deve ser feita&nbsp;<strong>a cada uso<\/strong>&nbsp;e, pelo menos, uma limpeza completa&nbsp;<strong>a cada 20 dias<\/strong>. \u201cO ac\u00famulo de res\u00edduos cria um meio perfeito para larvas e bact\u00e9rias se desenvolverem. O ideal \u00e9 lavar as partes remov\u00edveis e passar \u00e1gua quente no sistema ap\u00f3s cada uso\u201d, orienta o t\u00e9cnico.<\/p>\n\n\n\n<h2 class=\"wp-block-heading\"><strong>Como limpar a cafeteira corretamente<\/strong><\/h2>\n\n\n\n<p>T\u00e9cnicos de manuten\u00e7\u00e3o dom\u00e9stica recomendam que a limpeza das cafeteiras de c\u00e1psula seja feita com\u00a0<strong>\u00e1gua quente ou vinagre branco<\/strong>, seguido de enx\u00e1gue.<\/p>\n\n\n\n<p>Outra op\u00e7\u00e3o \u00e9 utilizar\u00a0<strong>c\u00e1psulas de descalcifica\u00e7\u00e3o<\/strong>, vendidas pelos fabricantes, que ajudam a remover res\u00edduos das tubula\u00e7\u00f5es internas.<\/p>\n\n\n\n<p>O procedimento \u00e9 simples:<\/p>\n\n\n\n<ol class=\"wp-block-list\">\n<li>Retire as partes remov\u00edveis (como bandeja e reservat\u00f3rio de \u00e1gua) e lave com \u00e1gua corrente.<\/li>\n\n\n\n<li>Passe \u00e1gua quente pelo sistema, sem c\u00e1psula, para eliminar res\u00edduos internos.<\/li>\n\n\n\n<li>Deixe o equipamento secar completamente antes de guard\u00e1-lo.<\/li>\n<\/ol>\n","protected":false},"excerpt":{"rendered":"<p>Um v\u00eddeo publicado por uma assist\u00eancia t\u00e9cnica de Campinas (SP) viralizou nas redes sociais ao mostrar o interior de uma cafeteira de c\u00e1psulas completamente tomado por&nbsp;larvas vivas. As imagens, registradas pelo t\u00e9cnico&nbsp;L\u00e1zaro Sousa, expuseram um problema comum entre usu\u00e1rios que n\u00e3o fazem a&nbsp;limpeza regular do equipamento. De acordo com o profissional, a cafeteira, que tinha&nbsp;apenas [&hellip;]<\/p>\n","protected":false},"author":9,"featured_media":22181,"comment_status":"closed","ping_status":"closed","sticky":false,"template":"","format":"standard","meta":{"jnews-multi-image_gallery":[],"jnews_single_post":{"format":"standard"},"jnews_primary_category":[],"jnews_social_meta":[],"jnews_override_counter":[],"jnews_post_split":[],"footnotes":""},"categories":[1],"tags":[],"class_list":["post-22180","post","type-post","status-publish","format-standard","has-post-thumbnail","hentry","category-geral"],"_referencia":"","_links":{"self":[{"href":"https:\/\/diariodocomercio.com.br\/mix\/wp-json\/wp\/v2\/posts\/22180","targetHints":{"allow":["GET"]}}],"collection":[{"href":"https:\/\/diariodocomercio.com.br\/mix\/wp-json\/wp\/v2\/posts"}],"about":[{"href":"https:\/\/diariodocomercio.com.br\/mix\/wp-json\/wp\/v2\/types\/post"}],"author":[{"embeddable":true,"href":"https:\/\/diariodocomercio.com.br\/mix\/wp-json\/wp\/v2\/users\/9"}],"replies":[{"embeddable":true,"href":"https:\/\/diariodocomercio.com.br\/mix\/wp-json\/wp\/v2\/comments?post=22180"}],"version-history":[{"count":1,"href":"https:\/\/diariodocomercio.com.br\/mix\/wp-json\/wp\/v2\/posts\/22180\/revisions"}],"predecessor-version":[{"id":22182,"href":"https:\/\/diariodocomercio.com.br\/mix\/wp-json\/wp\/v2\/posts\/22180\/revisions\/22182"}],"wp:featuredmedia":[{"embeddable":true,"href":"https:\/\/diariodocomercio.com.br\/mix\/wp-json\/wp\/v2\/media\/22181"}],"wp:attachment":[{"href":"https:\/\/diariodocomercio.com.br\/mix\/wp-json\/wp\/v2\/media?parent=22180"}],"wp:term":[{"taxonomy":"category","embeddable":true,"href":"https:\/\/diariodocomercio.com.br\/mix\/wp-json\/wp\/v2\/categories?post=22180"},{"taxonomy":"post_tag","embeddable":true,"href":"https:\/\/diariodocomercio.com.br\/mix\/wp-json\/wp\/v2\/tags?post=22180"}],"curies":[{"name":"wp","href":"https:\/\/api.w.org\/{rel}","templated":true}]}}