{"id":22183,"date":"2025-10-14T15:38:06","date_gmt":"2025-10-14T18:38:06","guid":{"rendered":"https:\/\/diariodocomercio.com.br\/mix\/?p=22183"},"modified":"2025-10-14T15:38:08","modified_gmt":"2025-10-14T18:38:08","slug":"internet-6g-e-50-vezes-mais-rapida-que-o-5g-e-ja-tem-data-para-chegar-ao-brasil","status":"publish","type":"post","link":"https:\/\/diariodocomercio.com.br\/mix\/internet-6g-e-50-vezes-mais-rapida-que-o-5g-e-ja-tem-data-para-chegar-ao-brasil\/","title":{"rendered":"Internet 6G \u00e9 50 vezes mais r\u00e1pida que o 5G e j\u00e1 tem data para chegar ao Brasil"},"content":{"rendered":"\n<p>A\u00a0internet 6G\u00a0tem previs\u00e3o de chegar ao Brasil em\u00a02030\u00a0e promete revolucionar o modo como o mundo se conecta. Com\u00a0taxa de transmiss\u00e3o at\u00e9 50 vezes mais r\u00e1pida que o 5G, a nova gera\u00e7\u00e3o de redes m\u00f3veis trar\u00e1 avan\u00e7os em velocidade, sustentabilidade e cobertura \u2014 inclusive em regi\u00f5es remotas.<\/p>\n\n\n\n<p>De acordo com especialistas, o 6G oferecer\u00e1\u00a0conex\u00f5es ultrarr\u00e1pidas e est\u00e1veis, com\u00a0menor tempo de resposta\u00a0e\u00a0maior efici\u00eancia energ\u00e9tica. O sistema ser\u00e1 capaz de se\u00a0autoajustar automaticamente\u00a0conforme a demanda, reduzindo custos operacionais e a necessidade de interven\u00e7\u00e3o humana.<\/p>\n\n\n\n<p>Al\u00e9m da velocidade, a tecnologia aposta na\u00a0integra\u00e7\u00e3o com a intelig\u00eancia artificial (IA). Algoritmos avan\u00e7ados permitir\u00e3o o\u00a0gerenciamento inteligente de energia, otimizando o tr\u00e1fego de dados em tempo real e evitando desperd\u00edcios na rede.<\/p>\n\n\n\n<p>O 6G deve representar tamb\u00e9m um salto em\u00a0sustentabilidade ambiental. Os equipamentos ser\u00e3o produzidos com\u00a0materiais ecol\u00f3gicos\u00a0e ter\u00e3o\u00a0baixo consumo de energia. Outra promessa \u00e9 a\u00a0expans\u00e3o do sinal para \u00e1reas rurais e de dif\u00edcil acesso, gra\u00e7as \u00e0 integra\u00e7\u00e3o com sat\u00e9lites e drones, que poder\u00e3o atuar em situa\u00e7\u00f5es de emerg\u00eancia, como desastres naturais.<\/p>\n\n\n\n<h2 class=\"wp-block-heading\"><strong>Chip de alta frequ\u00eancia marca avan\u00e7o na pesquisa<\/strong><\/h2>\n\n\n\n<p>Pesquisadores da\u00a0Universidade de Pequim\u00a0e da\u00a0Universidade da Cidade de Hong Kong\u00a0anunciaram o desenvolvimento do\u00a0primeiro chip \u201call-frequency\u201d, capaz de operar em todas as faixas de frequ\u00eancia \u2014 um marco rumo ao 6G.<\/p>\n\n\n\n<p>O microchip, com apenas\u00a011 por 1,7 mil\u00edmetros, alcan\u00e7a frequ\u00eancias de\u00a00,5 GHz a 115 GHz\u00a0e pode atingir velocidades superiores a\u00a0100 Gbps, dez vezes acima do limite do 5G. Em testes, o chip respondeu em\u00a0180 microssegundos, uma performance in\u00e9dita em transmiss\u00f5es sem fio.<\/p>\n\n\n\n<p>Segundo o professor\u00a0Wang Cheng, coautor do estudo publicado na revista\u00a0<em>Nature<\/em>, o sistema \u00e9 capaz de mudar automaticamente de canal caso haja interfer\u00eancia, garantindo uma conex\u00e3o cont\u00ednua. \u201c\u00c9 como um motorista experiente mudando de faixa no tr\u00e2nsito: r\u00e1pido, seguro e sem interrup\u00e7\u00f5es\u201d, afirmou ao jornal\u00a0<em>Guangming Daily<\/em><\/p>\n\n\n\n<h3 class=\"wp-block-heading\"><strong>6G no Brasil: leil\u00e3o previsto para 2026<\/strong><\/h3>\n\n\n\n<p>O presidente da\u00a0Ag\u00eancia Nacional de Telecomunica\u00e7\u00f5es (Anatel),\u00a0Carlos Baigorri, afirmou em entrevista \u00e0\u00a0<em>CNN Brasil<\/em> que a consulta p\u00fablica sobre as faixas de frequ\u00eancia do 6G ser\u00e1 aberta em\u00a0agosto deste ano, com o\u00a0leil\u00e3o previsto para outubro de 2026.<\/p>\n\n\n\n<p>Nesse leil\u00e3o, as operadoras disputar\u00e3o o direito de uso das faixas \u2014 as \u201crodovias\u201d por onde trafegam os dados digitais. A expectativa \u00e9 que, com o in\u00edcio das opera\u00e7\u00f5es, o Brasil acompanhe o ritmo de pa\u00edses l\u00edderes em conectividade, com uma\u00a0internet at\u00e9 50 vezes mais veloz e praticamente sem lat\u00eancia.<\/p>\n\n\n\n<p>Com potencial para transformar setores como\u00a0telemedicina, ind\u00fastria automatizada, educa\u00e7\u00e3o digital e realidade aumentada, o 6G promete consolidar uma\u00a0nova era de conectividade global, com acesso mais r\u00e1pido, est\u00e1vel e inteligente.<\/p>\n","protected":false},"excerpt":{"rendered":"<p>A\u00a0internet 6G\u00a0tem previs\u00e3o de chegar ao Brasil em\u00a02030\u00a0e promete revolucionar o modo como o mundo se conecta. Com\u00a0taxa de transmiss\u00e3o at\u00e9 50 vezes mais r\u00e1pida que o 5G, a nova gera\u00e7\u00e3o de redes m\u00f3veis trar\u00e1 avan\u00e7os em velocidade, sustentabilidade e cobertura \u2014 inclusive em regi\u00f5es remotas. De acordo com especialistas, o 6G oferecer\u00e1\u00a0conex\u00f5es ultrarr\u00e1pidas e [&hellip;]<\/p>\n","protected":false},"author":9,"featured_media":12835,"comment_status":"closed","ping_status":"closed","sticky":false,"template":"","format":"standard","meta":{"jnews-multi-image_gallery":[],"jnews_single_post":{"format":"standard"},"jnews_primary_category":[],"jnews_social_meta":[],"jnews_override_counter":[],"jnews_post_split":[],"footnotes":""},"categories":[1],"tags":[],"class_list":["post-22183","post","type-post","status-publish","format-standard","has-post-thumbnail","hentry","category-geral"],"_referencia":"","_links":{"self":[{"href":"https:\/\/diariodocomercio.com.br\/mix\/wp-json\/wp\/v2\/posts\/22183","targetHints":{"allow":["GET"]}}],"collection":[{"href":"https:\/\/diariodocomercio.com.br\/mix\/wp-json\/wp\/v2\/posts"}],"about":[{"href":"https:\/\/diariodocomercio.com.br\/mix\/wp-json\/wp\/v2\/types\/post"}],"author":[{"embeddable":true,"href":"https:\/\/diariodocomercio.com.br\/mix\/wp-json\/wp\/v2\/users\/9"}],"replies":[{"embeddable":true,"href":"https:\/\/diariodocomercio.com.br\/mix\/wp-json\/wp\/v2\/comments?post=22183"}],"version-history":[{"count":1,"href":"https:\/\/diariodocomercio.com.br\/mix\/wp-json\/wp\/v2\/posts\/22183\/revisions"}],"predecessor-version":[{"id":22187,"href":"https:\/\/diariodocomercio.com.br\/mix\/wp-json\/wp\/v2\/posts\/22183\/revisions\/22187"}],"wp:featuredmedia":[{"embeddable":true,"href":"https:\/\/diariodocomercio.com.br\/mix\/wp-json\/wp\/v2\/media\/12835"}],"wp:attachment":[{"href":"https:\/\/diariodocomercio.com.br\/mix\/wp-json\/wp\/v2\/media?parent=22183"}],"wp:term":[{"taxonomy":"category","embeddable":true,"href":"https:\/\/diariodocomercio.com.br\/mix\/wp-json\/wp\/v2\/categories?post=22183"},{"taxonomy":"post_tag","embeddable":true,"href":"https:\/\/diariodocomercio.com.br\/mix\/wp-json\/wp\/v2\/tags?post=22183"}],"curies":[{"name":"wp","href":"https:\/\/api.w.org\/{rel}","templated":true}]}}