{"id":22188,"date":"2025-10-14T16:56:32","date_gmt":"2025-10-14T19:56:32","guid":{"rendered":"https:\/\/diariodocomercio.com.br\/mix\/?p=22188"},"modified":"2025-10-14T16:56:35","modified_gmt":"2025-10-14T19:56:35","slug":"influenciador-que-deu-cordao-de-r-2-milhoes-para-neymar-e-preso-por-lavagem-de-dinheiro","status":"publish","type":"post","link":"https:\/\/diariodocomercio.com.br\/mix\/influenciador-que-deu-cordao-de-r-2-milhoes-para-neymar-e-preso-por-lavagem-de-dinheiro\/","title":{"rendered":"Influenciador que deu cord\u00e3o de R$ 2 milh\u00f5es para Neymar \u00e9 preso por lavagem de dinheiro"},"content":{"rendered":"\n<p>O influenciador\u00a0Bruno Alexssander Souza Silva, conhecido como\u00a0Buzeira, foi preso nesta ter\u00e7a-feira (14) pela\u00a0Pol\u00edcia Federal (PF)\u00a0durante a\u00a0Opera\u00e7\u00e3o Narco Bet, que investiga um esquema de\u00a0lavagem de dinheiro ligado ao tr\u00e1fico internacional de drogas. A a\u00e7\u00e3o tamb\u00e9m prendeu o empres\u00e1rio\u00a0Rodrigo Morgado, dono de uma empresa de apostas e sorteios.<\/p>\n\n\n\n<p>A investiga\u00e7\u00e3o aponta que o grupo utilizava\u00a0apostas eletr\u00f4nicas, criptomoedas e rifas ilegais\u00a0para movimentar recursos oriundos do tr\u00e1fico. A opera\u00e7\u00e3o \u00e9 um desdobramento da\u00a0Narco Vela, deflagrada em abril, que apura o uso de embarca\u00e7\u00f5es para transporte de drogas entre o Brasil, a Europa e a \u00c1frica.<\/p>\n\n\n\n<p>Mesmo preso, Buzeira poder\u00e1 ser levado para depor na&nbsp;<strong>CPI dos Pancad\u00f5es<\/strong>, instaurada na C\u00e2mara Municipal de S\u00e3o Paulo para investigar irregularidades em bailes funk e o envolvimento de influenciadores e artistas em esquemas de apostas.<\/p>\n\n\n\n<p>A comiss\u00e3o havia convocado Buzeira duas vezes, mas o influenciador n\u00e3o compareceu. Agora, os vereadores pedem sua&nbsp;<strong>condu\u00e7\u00e3o coercitiva<\/strong>, medida que permite levar o investigado \u00e0 for\u00e7a para depor, mediante autoriza\u00e7\u00e3o judicial.<\/p>\n\n\n\n<p>O presidente da CPI, vereador&nbsp;<strong>Rubinho Nunes (Uni\u00e3o)<\/strong>, afirmou que a pris\u00e3o \u201crefor\u00e7a a necessidade de ouvir o investigado para esclarecer os ind\u00edcios j\u00e1 apurados pela comiss\u00e3o\u201d.<\/p>\n\n\n\n<h2 class=\"wp-block-heading\"><strong>De presente milion\u00e1rio a pris\u00e3o<\/strong><\/h2>\n\n\n\n<p>Buzeira ganhou destaque nas redes sociais ao presentear&nbsp;<strong>Neymar Jr.<\/strong>&nbsp;com um&nbsp;<strong>cord\u00e3o de ouro cravejado de diamantes avaliado em R$ 2 milh\u00f5es<\/strong>, durante o cruzeiro \u201cNey em Alto Mar\u201d. Amigo do jogador, o influenciador tamb\u00e9m ficou conhecido por ostentar carros de luxo e uma rotina marcada por apostas e festas.<\/p>\n\n\n\n<figure class=\"wp-block-image size-full\"><img decoding=\"async\" width=\"1200\" height=\"800\" src=\"https:\/\/diariodocomercio.com.br\/mix\/wp-content\/uploads\/2025\/10\/image-116.png\" alt=\"\" class=\"wp-image-22201\" srcset=\"https:\/\/diariodocomercio.com.br\/mix\/wp-content\/uploads\/2025\/10\/image-116.png 1200w, https:\/\/diariodocomercio.com.br\/mix\/wp-content\/uploads\/2025\/10\/image-116-300x200.png 300w, https:\/\/diariodocomercio.com.br\/mix\/wp-content\/uploads\/2025\/10\/image-116-768x512.png 768w, https:\/\/diariodocomercio.com.br\/mix\/wp-content\/uploads\/2025\/10\/image-116-150x100.png 150w, https:\/\/diariodocomercio.com.br\/mix\/wp-content\/uploads\/2025\/10\/image-116-750x500.png 750w, https:\/\/diariodocomercio.com.br\/mix\/wp-content\/uploads\/2025\/10\/image-116-1140x760.png 1140w\" sizes=\"(max-width: 1200px) 100vw, 1200px\" \/><figcaption class=\"wp-element-caption\">Neymar e o Influenciador Buzeira (Reprodu\u00e7\u00e3o\/Instagram)<\/figcaption><\/figure>\n\n\n\n<p>Em janeiro deste ano, sua&nbsp;<strong>Lamborghini Hurac\u00e1n EVO Spyder<\/strong>, avaliada em&nbsp;<strong>R$ 4,8 milh\u00f5es<\/strong>, foi&nbsp;<strong>apreendida em Bertioga (SP)<\/strong>&nbsp;ap\u00f3s agentes constatarem irregularidades na documenta\u00e7\u00e3o e aus\u00eancia de placa. Na \u00e9poca, ele reagiu com ironia nas redes sociais: \u201cPrendeu, fazer o qu\u00ea? A gente tira de novo.\u201d<\/p>\n\n\n\n<p>O influenciador tamb\u00e9m viralizou em mar\u00e7o ao contar que perdeu&nbsp;<strong>R$ 1 milh\u00e3o em uma partida de p\u00f4quer<\/strong>&nbsp;na casa de Neymar. \u201cMenos R$ 1 milh\u00e3o na conta do Buzeira. J\u00e1 ganhei demais, estava na hora de perder\u201d, declarou nos stories.<\/p>\n\n\n\n<h2 class=\"wp-block-heading\"><strong>Acusa\u00e7\u00f5es e fortuna milion\u00e1ria<\/strong><\/h2>\n\n\n\n<p>Antes da opera\u00e7\u00e3o desta ter\u00e7a, Buzeira j\u00e1 era alvo de inqu\u00e9ritos por&nbsp;<strong>forma\u00e7\u00e3o de quadrilha, lavagem de dinheiro e explora\u00e7\u00e3o de jogos de azar<\/strong>. Ele promovia rifas e sorteios em seu perfil no Instagram, pr\u00e1tica que chamou a aten\u00e7\u00e3o da PF e do Minist\u00e9rio P\u00fablico.<\/p>\n\n\n\n<p>Com&nbsp;<strong>28 anos<\/strong>, o influenciador construiu fortuna estimada em&nbsp;<strong>mais de R$ 100 milh\u00f5es<\/strong>&nbsp;por meio de&nbsp;<strong>marketing digital e apostas esportivas<\/strong>. Natural de&nbsp;<strong>Itaquera, Zona Leste de S\u00e3o Paulo<\/strong>, Buzeira come\u00e7ou a trabalhar aos 17 anos como despachante aduaneiro e chegou a cursar com\u00e9rcio exterior antes de se dedicar integralmente \u00e0 internet.<\/p>\n\n\n\n<p>A Pol\u00edcia Federal segue analisando documentos e movimenta\u00e7\u00f5es financeiras ligadas ao grupo. Buzeira e Morgado foram levados para depoimento na Superintend\u00eancia da PF em S\u00e3o Paulo e devem responder por&nbsp;<strong>lavagem de dinheiro, associa\u00e7\u00e3o criminosa e liga\u00e7\u00e3o com o tr\u00e1fico internacional de drogas<\/strong>.<\/p>\n","protected":false},"excerpt":{"rendered":"<p>O influenciador\u00a0Bruno Alexssander Souza Silva, conhecido como\u00a0Buzeira, foi preso nesta ter\u00e7a-feira (14) pela\u00a0Pol\u00edcia Federal (PF)\u00a0durante a\u00a0Opera\u00e7\u00e3o Narco Bet, que investiga um esquema de\u00a0lavagem de dinheiro ligado ao tr\u00e1fico internacional de drogas. A a\u00e7\u00e3o tamb\u00e9m prendeu o empres\u00e1rio\u00a0Rodrigo Morgado, dono de uma empresa de apostas e sorteios. A investiga\u00e7\u00e3o aponta que o grupo utilizava\u00a0apostas eletr\u00f4nicas, criptomoedas [&hellip;]<\/p>\n","protected":false},"author":9,"featured_media":22203,"comment_status":"closed","ping_status":"closed","sticky":false,"template":"","format":"standard","meta":{"jnews-multi-image_gallery":[],"jnews_single_post":{"format":"standard"},"jnews_primary_category":[],"jnews_social_meta":[],"jnews_override_counter":[],"jnews_post_split":[],"footnotes":""},"categories":[1],"tags":[],"class_list":["post-22188","post","type-post","status-publish","format-standard","has-post-thumbnail","hentry","category-geral"],"_referencia":"","_links":{"self":[{"href":"https:\/\/diariodocomercio.com.br\/mix\/wp-json\/wp\/v2\/posts\/22188","targetHints":{"allow":["GET"]}}],"collection":[{"href":"https:\/\/diariodocomercio.com.br\/mix\/wp-json\/wp\/v2\/posts"}],"about":[{"href":"https:\/\/diariodocomercio.com.br\/mix\/wp-json\/wp\/v2\/types\/post"}],"author":[{"embeddable":true,"href":"https:\/\/diariodocomercio.com.br\/mix\/wp-json\/wp\/v2\/users\/9"}],"replies":[{"embeddable":true,"href":"https:\/\/diariodocomercio.com.br\/mix\/wp-json\/wp\/v2\/comments?post=22188"}],"version-history":[{"count":1,"href":"https:\/\/diariodocomercio.com.br\/mix\/wp-json\/wp\/v2\/posts\/22188\/revisions"}],"predecessor-version":[{"id":22204,"href":"https:\/\/diariodocomercio.com.br\/mix\/wp-json\/wp\/v2\/posts\/22188\/revisions\/22204"}],"wp:featuredmedia":[{"embeddable":true,"href":"https:\/\/diariodocomercio.com.br\/mix\/wp-json\/wp\/v2\/media\/22203"}],"wp:attachment":[{"href":"https:\/\/diariodocomercio.com.br\/mix\/wp-json\/wp\/v2\/media?parent=22188"}],"wp:term":[{"taxonomy":"category","embeddable":true,"href":"https:\/\/diariodocomercio.com.br\/mix\/wp-json\/wp\/v2\/categories?post=22188"},{"taxonomy":"post_tag","embeddable":true,"href":"https:\/\/diariodocomercio.com.br\/mix\/wp-json\/wp\/v2\/tags?post=22188"}],"curies":[{"name":"wp","href":"https:\/\/api.w.org\/{rel}","templated":true}]}}