{"id":22189,"date":"2025-10-19T13:13:00","date_gmt":"2025-10-19T16:13:00","guid":{"rendered":"https:\/\/diariodocomercio.com.br\/mix\/?p=22189"},"modified":"2025-10-14T16:15:27","modified_gmt":"2025-10-14T19:15:27","slug":"melhor-cidade-para-se-viver-na-america-fica-a-3-horas-de-sao-paulo","status":"publish","type":"post","link":"https:\/\/diariodocomercio.com.br\/mix\/melhor-cidade-para-se-viver-na-america-fica-a-3-horas-de-sao-paulo\/","title":{"rendered":"Melhor cidade para se viver na Am\u00e9rica fica a 3 horas de S\u00e3o Paulo"},"content":{"rendered":"\n<p><strong>Buenos Aires <\/strong>foi reconhecida como a cidade mais habit\u00e1vel da <strong>Am\u00e9rica Latina<\/strong> em 2024, conforme o estudo anual da Economist Intelligence Unit (EIU). O levantamento analisou 173 cidades com base em crit\u00e9rios rigorosos como estabilidade pol\u00edtica, infraestrutura, sa\u00fade, educa\u00e7\u00e3o e cultura. Buenos Aires alcan\u00e7ou 82,8 pontos, liderando o ranking regional.<\/p>\n\n\n\n<p>A avalia\u00e7\u00e3o da EIU utiliza cinco crit\u00e9rios principais para determinar a habitabilidade das cidades: estabilidade, cuidados de sa\u00fade, cultura e ambiente, educa\u00e7\u00e3o e infraestrutura.<\/p>\n\n\n\n<p>Essa metodologia meticulosa sublinha a capacidade de Buenos Aires em enfrentar desafios econ\u00f4micos e sociais, proporcionando uma qualidade de vida elevada tanto para residentes locais quanto para estrangeiros. Sua infraestrutura eficiente e servi\u00e7os p\u00fablicos destacados foram cruciais para essa conquista.<\/p>\n\n\n\n<h2 class=\"wp-block-heading\">Fatores de destaque em Buenos Aires<\/h2>\n\n\n\n<p>No cen\u00e1rio latino-americano, Buenos Aires \u00e9 reconhecida por sua combina\u00e7\u00e3o entre<strong> tradi\u00e7\u00e3o<\/strong> e <strong>modernidade<\/strong>. A cidade oferece um ambiente que equilibra custos de vida competitivos com qualidade educacional e servi\u00e7os de sa\u00fade.<\/p>\n\n\n\n<p>A cidade se destaca como um exemplo de habitabilidade, mantendo padr\u00f5es elevados mesmo em um cen\u00e1rio global desafiador.<\/p>\n\n\n\n<p>A cidade \u00e9 um din\u00e2mico centro cultural, onde a infraestrutura e os servi\u00e7os p\u00fablicos s\u00e3o bem planejados, facilitando o desenvolvimento pessoal e profissional de seus habitantes. Esses fatores s\u00e3o essenciais para sua posi\u00e7\u00e3o de destaque no ranking da EIU.<\/p>\n\n\n\n<h2 class=\"wp-block-heading\">Outras cidades na Am\u00e9rica Latina<\/h2>\n\n\n\n<p>Al\u00e9m de Buenos Aires, o ranking da EIU destaca <strong>Montevid\u00e9u, <\/strong>no Uruguai, e <strong>Santiago<\/strong>, no Chile, que ocupam a segunda e terceira posi\u00e7\u00f5es respectivamente. Ambas as cidades pontuaram acima de 80, ressaltando sua infraestrutura de qualidade e seguran\u00e7a urbana como pontos favor\u00e1veis.<\/p>\n\n\n\n<p>O Brasil tamb\u00e9m aparece no ranking, com o <strong>Rio de Janeiro<\/strong> e<strong> S\u00e3o Paulo <\/strong>entre as dez melhores, apesar dos desafios not\u00e1veis em seguran\u00e7a e transporte. Essas cidades continuam atraindo aten\u00e7\u00e3o por suas paisagens culturais e naturais, mesmo enfrentando problemas sociais e econ\u00f4micos.<\/p>\n","protected":false},"excerpt":{"rendered":"<p>Levantamento analisou 173 cidades com base em crit\u00e9rios rigorosos.<\/p>\n","protected":false},"author":12,"featured_media":21786,"comment_status":"closed","ping_status":"closed","sticky":false,"template":"","format":"standard","meta":{"jnews-multi-image_gallery":[],"jnews_single_post":{"format":"standard"},"jnews_primary_category":[],"jnews_social_meta":[],"jnews_override_counter":[],"jnews_post_split":[],"footnotes":""},"categories":[1],"tags":[],"class_list":["post-22189","post","type-post","status-publish","format-standard","has-post-thumbnail","hentry","category-geral"],"_referencia":"","_links":{"self":[{"href":"https:\/\/diariodocomercio.com.br\/mix\/wp-json\/wp\/v2\/posts\/22189","targetHints":{"allow":["GET"]}}],"collection":[{"href":"https:\/\/diariodocomercio.com.br\/mix\/wp-json\/wp\/v2\/posts"}],"about":[{"href":"https:\/\/diariodocomercio.com.br\/mix\/wp-json\/wp\/v2\/types\/post"}],"author":[{"embeddable":true,"href":"https:\/\/diariodocomercio.com.br\/mix\/wp-json\/wp\/v2\/users\/12"}],"replies":[{"embeddable":true,"href":"https:\/\/diariodocomercio.com.br\/mix\/wp-json\/wp\/v2\/comments?post=22189"}],"version-history":[{"count":1,"href":"https:\/\/diariodocomercio.com.br\/mix\/wp-json\/wp\/v2\/posts\/22189\/revisions"}],"predecessor-version":[{"id":22190,"href":"https:\/\/diariodocomercio.com.br\/mix\/wp-json\/wp\/v2\/posts\/22189\/revisions\/22190"}],"wp:featuredmedia":[{"embeddable":true,"href":"https:\/\/diariodocomercio.com.br\/mix\/wp-json\/wp\/v2\/media\/21786"}],"wp:attachment":[{"href":"https:\/\/diariodocomercio.com.br\/mix\/wp-json\/wp\/v2\/media?parent=22189"}],"wp:term":[{"taxonomy":"category","embeddable":true,"href":"https:\/\/diariodocomercio.com.br\/mix\/wp-json\/wp\/v2\/categories?post=22189"},{"taxonomy":"post_tag","embeddable":true,"href":"https:\/\/diariodocomercio.com.br\/mix\/wp-json\/wp\/v2\/tags?post=22189"}],"curies":[{"name":"wp","href":"https:\/\/api.w.org\/{rel}","templated":true}]}}