{"id":22191,"date":"2025-10-19T11:33:00","date_gmt":"2025-10-19T14:33:00","guid":{"rendered":"https:\/\/diariodocomercio.com.br\/mix\/?p=22191"},"modified":"2025-10-14T16:22:02","modified_gmt":"2025-10-14T19:22:02","slug":"esta-acabando-quando-sera-o-ultimo-programa-de-william-bonner-no-jornal-nacional","status":"publish","type":"post","link":"https:\/\/diariodocomercio.com.br\/mix\/esta-acabando-quando-sera-o-ultimo-programa-de-william-bonner-no-jornal-nacional\/","title":{"rendered":"Est\u00e1 acabando: quando ser\u00e1 o \u00faltimo programa de William Bonner no Jornal Nacional?"},"content":{"rendered":"\n<p><strong>William Bonner, <\/strong>ap\u00f3s 29 anos ancorando o <strong>Jornal Nacional <\/strong>(JN), deixar\u00e1 o telejornal em um marco significativo. Com a sa\u00edda marcada para<strong> 3 de novembro <\/strong>de 2025, Bonner passar\u00e1 seu posto a C\u00e9sar Tralli, que se unir\u00e1 a Renata Vasconcellos na apresenta\u00e7\u00e3o.<\/p>\n\n\n\n<p>Essa transi\u00e7\u00e3o ocorre em um momento crucial, enquanto o programa celebra 56 anos de hist\u00f3ria e se prepara para um novo cap\u00edtulo sob uma diferente ancoragem.<\/p>\n\n\n\n<h2 class=\"wp-block-heading\">Trajet\u00f3ria de Bonner<\/h2>\n\n\n\n<p>Bonner iniciou sua jornada no JN em 1996, dividindo inicialmente a bancada com Lillian Witte Fibe. Ele se tornou uma presen\u00e7a constante e confi\u00e1vel na televis\u00e3o brasileira, ultrapassando Cid Moreira em tempo de perman\u00eancia.<\/p>\n\n\n\n<p>Durante a pandemia de Covid-19, ele refletiu sobre seu papel no telejornal, o que influenciou sua decis\u00e3o de deixar o cargo. Sua carreira no JN foi marcada pela entrega de not\u00edcias confi\u00e1veis e objetivas, consolidando o programa como um dos mais vistos em todo o pa\u00eds.<\/p>\n\n\n\n<h2 class=\"wp-block-heading\">C\u00e9sar Tralli assume<\/h2>\n\n\n\n<p>C\u00e9sar Tralli, que entrou na Globo em 1993, foi escolhido para suceder Bonner na apresenta\u00e7\u00e3o do JN. Ele traz uma<strong> vasta experi\u00eancia,<\/strong> tendo atuado como correspondente internacional e apresentador do Jornal Hoje.<\/p>\n\n\n\n<p>Tralli \u00e9 conhecido por seu estilo direto e din\u00e2mico, o que promete continuidade na qualidade jornal\u00edstica do JN. Esta passagem de comando simboliza uma nova fase para a emissora, que busca manter sua reputa\u00e7\u00e3o enquanto se adapta \u00e0s expectativas do p\u00fablico.<\/p>\n\n\n\n<h2 class=\"wp-block-heading\">Mudan\u00e7as na TV Globo<\/h2>\n\n\n\n<p>Al\u00e9m da transi\u00e7\u00e3o no JN, a Globo realiza outras reestrutura\u00e7\u00f5es. Roberto Kovalick substituir\u00e1 Tralli no Jornal Hoje e Tiago Scheuer assumir\u00e1 a apresenta\u00e7\u00e3o do Hora 1.<\/p>\n\n\n\n<p>A emissora visa trazer frescor e inova\u00e7\u00e3o ao se organizar para a cobertura das elei\u00e7\u00f5es presidenciais de 2026.<\/p>\n","protected":false},"excerpt":{"rendered":"<p>Ap\u00f3s 29 anos ancorando o Jornal Nacional, apresentador deixar\u00e1 o telejornal.<\/p>\n","protected":false},"author":12,"featured_media":17943,"comment_status":"closed","ping_status":"closed","sticky":false,"template":"","format":"standard","meta":{"jnews-multi-image_gallery":[],"jnews_single_post":{"format":"standard"},"jnews_primary_category":[],"jnews_social_meta":[],"jnews_override_counter":[],"jnews_post_split":[],"footnotes":""},"categories":[1],"tags":[],"class_list":["post-22191","post","type-post","status-publish","format-standard","has-post-thumbnail","hentry","category-geral"],"_referencia":"","_links":{"self":[{"href":"https:\/\/diariodocomercio.com.br\/mix\/wp-json\/wp\/v2\/posts\/22191","targetHints":{"allow":["GET"]}}],"collection":[{"href":"https:\/\/diariodocomercio.com.br\/mix\/wp-json\/wp\/v2\/posts"}],"about":[{"href":"https:\/\/diariodocomercio.com.br\/mix\/wp-json\/wp\/v2\/types\/post"}],"author":[{"embeddable":true,"href":"https:\/\/diariodocomercio.com.br\/mix\/wp-json\/wp\/v2\/users\/12"}],"replies":[{"embeddable":true,"href":"https:\/\/diariodocomercio.com.br\/mix\/wp-json\/wp\/v2\/comments?post=22191"}],"version-history":[{"count":1,"href":"https:\/\/diariodocomercio.com.br\/mix\/wp-json\/wp\/v2\/posts\/22191\/revisions"}],"predecessor-version":[{"id":22192,"href":"https:\/\/diariodocomercio.com.br\/mix\/wp-json\/wp\/v2\/posts\/22191\/revisions\/22192"}],"wp:featuredmedia":[{"embeddable":true,"href":"https:\/\/diariodocomercio.com.br\/mix\/wp-json\/wp\/v2\/media\/17943"}],"wp:attachment":[{"href":"https:\/\/diariodocomercio.com.br\/mix\/wp-json\/wp\/v2\/media?parent=22191"}],"wp:term":[{"taxonomy":"category","embeddable":true,"href":"https:\/\/diariodocomercio.com.br\/mix\/wp-json\/wp\/v2\/categories?post=22191"},{"taxonomy":"post_tag","embeddable":true,"href":"https:\/\/diariodocomercio.com.br\/mix\/wp-json\/wp\/v2\/tags?post=22191"}],"curies":[{"name":"wp","href":"https:\/\/api.w.org\/{rel}","templated":true}]}}