{"id":22193,"date":"2025-10-14T16:36:18","date_gmt":"2025-10-14T19:36:18","guid":{"rendered":"https:\/\/diariodocomercio.com.br\/mix\/?p=22193"},"modified":"2025-10-14T16:36:20","modified_gmt":"2025-10-14T19:36:20","slug":"banco-do-brasil-emite-comunicado-oficial-para-quem-deseja-prestar-concurso","status":"publish","type":"post","link":"https:\/\/diariodocomercio.com.br\/mix\/banco-do-brasil-emite-comunicado-oficial-para-quem-deseja-prestar-concurso\/","title":{"rendered":"Banco do Brasil emite comunicado oficial para quem deseja prestar concurso"},"content":{"rendered":"\n<p>O<strong> Banco do Brasil<\/strong>, em recente comunicado oficial, <strong>desmentiu rumores sobre a realiza\u00e7\u00e3o de um novo concurso <\/strong>para 2025, alertando para a circula\u00e7\u00e3o de fake news.&nbsp;<\/p>\n\n\n\n<p><strong>Veja a nota do BB na \u00edntegra:<\/strong><\/p>\n\n\n\n<p><em>\u201cO Banco do Brasil reitera que n\u00e3o h\u00e1 previs\u00e3o de divulga\u00e7\u00e3o de edital para concurso. O BB lamenta a divulga\u00e7\u00e3o de not\u00edcias falsas e a desinforma\u00e7\u00e3o que circula em alguns sites na internet e perfis de redes sociais a respeito do assunto.<\/em><\/p>\n\n\n\n<p><em>O Banco tem como pr\u00e1tica comunicar formalmente toda e qualquer novidade relevante sobre o tema e orienta seus clientes e a sociedade em geral a consultar os canais oficiais do BB para informa\u00e7\u00f5es sobre a empresa.\u201d<\/em><\/p>\n\n\n\n<h2 class=\"wp-block-heading\">\u00daltimo concurso do Banco do Brasil&nbsp;<\/h2>\n\n\n\n<p>O \u00faltimo concurso, em 2023, ofereceu <strong>6 mil vagas <\/strong>para escritur\u00e1rios, com sal\u00e1rios de at\u00e9 R$ 7 mil incluindo benef\u00edcios como aux\u00edlio-refei\u00e7\u00e3o, alimenta\u00e7\u00e3o, plano de sa\u00fade e participa\u00e7\u00e3o nos lucros.<\/p>\n\n\n\n<p>O Banco do Brasil, atualmente com 7,8 mil cargos vagos, enfrenta press\u00e3o para recompor seu quadro de funcion\u00e1rios e atender ao aumento na demanda por servi\u00e7os no pa\u00eds.<\/p>\n\n\n\n<p>A Funda\u00e7\u00e3o Cesgranrio, organizadora anterior, permanece com contrato vigente at\u00e9 dezembro de 2025, podendo ser uma escolha prov\u00e1vel para o pr\u00f3ximo certame.<\/p>\n\n\n\n<h2 class=\"wp-block-heading\">Prepara\u00e7\u00e3o&nbsp;<\/h2>\n\n\n\n<p>A recomenda\u00e7\u00e3o de especialistas \u00e9 que os candidatos baseiem seus estudos no <strong>edital de 2022,<\/strong> j\u00e1 que as provas dever\u00e3o manter uma matriz de conhecimentos semelhante.<\/p>\n\n\n\n<p>Vendas e Negocia\u00e7\u00e3o, por exemplo, foi uma disciplina de grande peso. A prepara\u00e7\u00e3o deve ser feita com aten\u00e7\u00e3o aos conte\u00fados anteriores.<\/p>\n","protected":false},"excerpt":{"rendered":"<p>Banco emitiu comunicado oficial. Veja a \u00edntegra. <\/p>\n","protected":false},"author":12,"featured_media":10374,"comment_status":"closed","ping_status":"closed","sticky":false,"template":"","format":"standard","meta":{"jnews-multi-image_gallery":[],"jnews_single_post":{"format":"standard"},"jnews_primary_category":[],"jnews_social_meta":[],"jnews_override_counter":[],"jnews_post_split":[],"footnotes":""},"categories":[1],"tags":[],"class_list":["post-22193","post","type-post","status-publish","format-standard","has-post-thumbnail","hentry","category-geral"],"_referencia":"","_links":{"self":[{"href":"https:\/\/diariodocomercio.com.br\/mix\/wp-json\/wp\/v2\/posts\/22193","targetHints":{"allow":["GET"]}}],"collection":[{"href":"https:\/\/diariodocomercio.com.br\/mix\/wp-json\/wp\/v2\/posts"}],"about":[{"href":"https:\/\/diariodocomercio.com.br\/mix\/wp-json\/wp\/v2\/types\/post"}],"author":[{"embeddable":true,"href":"https:\/\/diariodocomercio.com.br\/mix\/wp-json\/wp\/v2\/users\/12"}],"replies":[{"embeddable":true,"href":"https:\/\/diariodocomercio.com.br\/mix\/wp-json\/wp\/v2\/comments?post=22193"}],"version-history":[{"count":1,"href":"https:\/\/diariodocomercio.com.br\/mix\/wp-json\/wp\/v2\/posts\/22193\/revisions"}],"predecessor-version":[{"id":22194,"href":"https:\/\/diariodocomercio.com.br\/mix\/wp-json\/wp\/v2\/posts\/22193\/revisions\/22194"}],"wp:featuredmedia":[{"embeddable":true,"href":"https:\/\/diariodocomercio.com.br\/mix\/wp-json\/wp\/v2\/media\/10374"}],"wp:attachment":[{"href":"https:\/\/diariodocomercio.com.br\/mix\/wp-json\/wp\/v2\/media?parent=22193"}],"wp:term":[{"taxonomy":"category","embeddable":true,"href":"https:\/\/diariodocomercio.com.br\/mix\/wp-json\/wp\/v2\/categories?post=22193"},{"taxonomy":"post_tag","embeddable":true,"href":"https:\/\/diariodocomercio.com.br\/mix\/wp-json\/wp\/v2\/tags?post=22193"}],"curies":[{"name":"wp","href":"https:\/\/api.w.org\/{rel}","templated":true}]}}