{"id":22197,"date":"2025-10-14T16:59:00","date_gmt":"2025-10-14T19:59:00","guid":{"rendered":"https:\/\/diariodocomercio.com.br\/mix\/?p=22197"},"modified":"2025-10-14T16:48:49","modified_gmt":"2025-10-14T19:48:49","slug":"essa-planta-letal-e-muito-parecida-com-a-couve-e-jamais-pode-ser-ingerida","status":"publish","type":"post","link":"https:\/\/diariodocomercio.com.br\/mix\/essa-planta-letal-e-muito-parecida-com-a-couve-e-jamais-pode-ser-ingerida\/","title":{"rendered":"Essa planta letal \u00e9 muito parecida com a couve e jamais pode ser ingerida"},"content":{"rendered":"\n<p>Um caso alarmante de intoxica\u00e7\u00e3o por <strong>plantas t\u00f3xicas <\/strong>deixou a cidade de Patroc\u00ednio, em Minas Gerais, em estado de alerta. Claviana Nunes, 37 anos, faleceu na \u00faltima segunda-feira, 13 de outubro, ap\u00f3s consumir uma planta venenosa, confundida com couve, durante um almo\u00e7o familiar.<\/p>\n\n\n\n<p>O incidente ocorreu no dia 8 de outubro e afetou outras tr\u00eas pessoas, que foram hospitalizadas. Este acontecimento tr\u00e1gico destaca a import\u00e2ncia de identificar corretamente plantas potencialmente perigosas.<\/p>\n\n\n\n<p>As v\u00edtimas ingeriram a planta conhecida como <strong>&#8220;fumo bravo&#8221;, <\/strong>que, apesar de sua semelhan\u00e7a com a couve, \u00e9 altamente t\u00f3xica. Claviana apresentou sintomas severos poucas horas ap\u00f3s o consumo, necessitando de interven\u00e7\u00e3o m\u00e9dica imediata. Ela n\u00e3o sobreviveu.<\/p>\n\n\n<div class=\"wp-block-image\">\n<figure class=\"aligncenter size-large is-resized\"><img decoding=\"async\" width=\"1200\" height=\"809\" src=\"https:\/\/diariodocomercio.com.br\/mix\/wp-content\/uploads\/2025\/10\/falsa_couve-1hrj9iui49id4-1200x809.webp\" alt=\"\" class=\"wp-image-22198\" style=\"width:460px;height:auto\" srcset=\"https:\/\/diariodocomercio.com.br\/mix\/wp-content\/uploads\/2025\/10\/falsa_couve-1hrj9iui49id4-1200x809.webp 1200w, https:\/\/diariodocomercio.com.br\/mix\/wp-content\/uploads\/2025\/10\/falsa_couve-1hrj9iui49id4-300x202.webp 300w, https:\/\/diariodocomercio.com.br\/mix\/wp-content\/uploads\/2025\/10\/falsa_couve-1hrj9iui49id4-768x518.webp 768w, https:\/\/diariodocomercio.com.br\/mix\/wp-content\/uploads\/2025\/10\/falsa_couve-1hrj9iui49id4-1536x1036.webp 1536w, https:\/\/diariodocomercio.com.br\/mix\/wp-content\/uploads\/2025\/10\/falsa_couve-1hrj9iui49id4-150x101.webp 150w, https:\/\/diariodocomercio.com.br\/mix\/wp-content\/uploads\/2025\/10\/falsa_couve-1hrj9iui49id4-750x506.webp 750w, https:\/\/diariodocomercio.com.br\/mix\/wp-content\/uploads\/2025\/10\/falsa_couve-1hrj9iui49id4-1140x769.webp 1140w, https:\/\/diariodocomercio.com.br\/mix\/wp-content\/uploads\/2025\/10\/falsa_couve-1hrj9iui49id4.webp 1548w\" sizes=\"(max-width: 1200px) 100vw, 1200px\" \/><figcaption class=\"wp-element-caption\">A planta &#8220;Fumo Bravo&#8221; (Foto: Divulga\u00e7\u00e3o\/Corpo de Bombeiros)<\/figcaption><\/figure>\n<\/div>\n\n\n<p>Um homem de 60 anos continua em estado grave na UTI, enquanto os outros dois apresentaram variados sintomas de intoxica\u00e7\u00e3o.<\/p>\n\n\n\n<h2 class=\"wp-block-heading\">Identifica\u00e7\u00e3o incorreta&nbsp;<\/h2>\n\n\n\n<p>Erros na identifica\u00e7\u00e3o de plantas para consumo s\u00e3o mais comuns do que se imagina e podem ter consequ\u00eancias tr\u00e1gicas. Casos como o de Patroc\u00ednio evidenciam os riscos de confus\u00e3o de plantas t\u00f3xicas com alimentos.<\/p>\n\n\n\n<p>No Brasil, registros de mortes de cavalos devido \u00e0 ingest\u00e3o de ra\u00e7\u00f5es contaminadas por Crotal\u00e1ria, uma planta t\u00f3xica, tamb\u00e9m ilustram esses perigos.<\/p>\n\n\n\n<p>Plantas venenosas s\u00e3o comuns em ambientes urbanos, como jardins e parques. Casos de intoxica\u00e7\u00e3o, como o de um c\u00e3o que morreu em S\u00e3o Paulo ap\u00f3s ingerir sagu-de-jardim, levantam questionamentos sobre a seguran\u00e7a desses locais. Estat\u00edsticas indicam que muitas dessas plantas est\u00e3o acess\u00edveis a crian\u00e7as e animais de estima\u00e7\u00e3o, aumentando os riscos de envenenamento.<\/p>\n","protected":false},"excerpt":{"rendered":"<p>Incidente recente afetou quatro pessoas, que foram hospitalizadas. Confira detalhes.<\/p>\n","protected":false},"author":12,"featured_media":12113,"comment_status":"closed","ping_status":"closed","sticky":false,"template":"","format":"standard","meta":{"jnews-multi-image_gallery":[],"jnews_single_post":{"format":"standard"},"jnews_primary_category":[],"jnews_social_meta":[],"jnews_override_counter":[],"jnews_post_split":[],"footnotes":""},"categories":[1],"tags":[],"class_list":["post-22197","post","type-post","status-publish","format-standard","has-post-thumbnail","hentry","category-geral"],"_referencia":"","_links":{"self":[{"href":"https:\/\/diariodocomercio.com.br\/mix\/wp-json\/wp\/v2\/posts\/22197","targetHints":{"allow":["GET"]}}],"collection":[{"href":"https:\/\/diariodocomercio.com.br\/mix\/wp-json\/wp\/v2\/posts"}],"about":[{"href":"https:\/\/diariodocomercio.com.br\/mix\/wp-json\/wp\/v2\/types\/post"}],"author":[{"embeddable":true,"href":"https:\/\/diariodocomercio.com.br\/mix\/wp-json\/wp\/v2\/users\/12"}],"replies":[{"embeddable":true,"href":"https:\/\/diariodocomercio.com.br\/mix\/wp-json\/wp\/v2\/comments?post=22197"}],"version-history":[{"count":1,"href":"https:\/\/diariodocomercio.com.br\/mix\/wp-json\/wp\/v2\/posts\/22197\/revisions"}],"predecessor-version":[{"id":22199,"href":"https:\/\/diariodocomercio.com.br\/mix\/wp-json\/wp\/v2\/posts\/22197\/revisions\/22199"}],"wp:featuredmedia":[{"embeddable":true,"href":"https:\/\/diariodocomercio.com.br\/mix\/wp-json\/wp\/v2\/media\/12113"}],"wp:attachment":[{"href":"https:\/\/diariodocomercio.com.br\/mix\/wp-json\/wp\/v2\/media?parent=22197"}],"wp:term":[{"taxonomy":"category","embeddable":true,"href":"https:\/\/diariodocomercio.com.br\/mix\/wp-json\/wp\/v2\/categories?post=22197"},{"taxonomy":"post_tag","embeddable":true,"href":"https:\/\/diariodocomercio.com.br\/mix\/wp-json\/wp\/v2\/tags?post=22197"}],"curies":[{"name":"wp","href":"https:\/\/api.w.org\/{rel}","templated":true}]}}