{"id":22205,"date":"2025-10-14T17:10:44","date_gmt":"2025-10-14T20:10:44","guid":{"rendered":"https:\/\/diariodocomercio.com.br\/mix\/?p=22205"},"modified":"2025-10-14T17:10:46","modified_gmt":"2025-10-14T20:10:46","slug":"estacionamentos-em-shopping-centers-devem-voltar-a-ser-gratuitos-e-brasileiros-comemoram","status":"publish","type":"post","link":"https:\/\/diariodocomercio.com.br\/mix\/estacionamentos-em-shopping-centers-devem-voltar-a-ser-gratuitos-e-brasileiros-comemoram\/","title":{"rendered":"Estacionamentos em shopping centers devem voltar a ser gratuitos e brasileiros comemoram"},"content":{"rendered":"\n<p>Os estacionamentos de shoppings centers em\u00a0Salvador\u00a0podem voltar a ser\u00a0gratuitos para clientes, caso seja aprovado o\u00a0Projeto de Lei n\u00ba 209\/2023, que tramita na C\u00e2mara Municipal. A proposta, de autoria do vereador\u00a0Randerson Leal (Podemos), prev\u00ea que o consumidor que apresentar\u00a0comprovante de despesas iguais ou superiores a cinco vezes o valor da tarifa\u00a0fique isento do pagamento da garagem.<\/p>\n\n\n\n<p>Atualmente, as tarifas cobradas variam entre&nbsp;<strong>R$ 9 e R$ 14<\/strong>, a depender do estabelecimento. A ideia, segundo o vereador, \u00e9 aliviar o bolso dos soteropolitanos e incentivar o consumo no com\u00e9rcio local, especialmente em tempos de desacelera\u00e7\u00e3o econ\u00f4mica.<\/p>\n\n\n\n<blockquote class=\"wp-block-quote is-layout-flow wp-block-quote-is-layout-flow\">\n<p>\u201cO consumidor que vai ao shopping e gasta seu dinheiro ali dentro n\u00e3o deveria ser penalizado com uma tarifa abusiva de estacionamento. Esse projeto \u00e9 uma quest\u00e3o de justi\u00e7a e respeito ao cidad\u00e3o soteropolitano\u201d, afirmou Randerson Leal.<\/p>\n<\/blockquote>\n\n\n\n<h2 class=\"wp-block-heading\"><strong>Projeto busca equil\u00edbrio entre clientes e empres\u00e1rios<\/strong><\/h2>\n\n\n\n<p>A proposta ainda aguarda parecer da&nbsp;<strong>Comiss\u00e3o de Constitui\u00e7\u00e3o e Justi\u00e7a e Reda\u00e7\u00e3o Final<\/strong>&nbsp;antes de avan\u00e7ar na tramita\u00e7\u00e3o. Leal afirma que pretende dialogar com todos os setores envolvidos \u2014 empres\u00e1rios, associa\u00e7\u00f5es de consumidores e parlamentares \u2014 para construir um consenso.<\/p>\n\n\n\n<p>\u201cVamos trabalhar esse projeto com for\u00e7a total. Meu compromisso \u00e9 ouvir os estabelecimentos, os consumidores e os colegas vereadores para construirmos juntos uma solu\u00e7\u00e3o justa para Salvador\u201d, disse o autor da proposta.<\/p>\n\n\n\n<p>A medida tem sido bem recebida por consumidores, que veem na iniciativa uma forma de&nbsp;<strong>estimular o movimento nos shoppings e garantir mais acessibilidade<\/strong>. Atualmente, quem passa apenas para fazer pequenas compras ou utilizar servi\u00e7os r\u00e1pidos acaba desestimulado pelos valores das tarifas.<\/p>\n\n\n\n<h2 class=\"wp-block-heading\"><strong>Proposta semelhante beneficia funcion\u00e1rios<\/strong><\/h2>\n\n\n\n<p>Outro projeto semelhante tamb\u00e9m tramita na C\u00e2mara. De autoria do vereador\u00a0Jorge Ara\u00fajo (PP), ele prop\u00f5e\u00a0isen\u00e7\u00e3o de estacionamento para funcion\u00e1rios dos shoppings. O parlamentar defende, por\u00e9m, que antes da implanta\u00e7\u00e3o da medida seja realizado um\u00a0estudo t\u00e9cnico sobre o impacto econ\u00f4mico e administrativo\u00a0da mudan\u00e7a.<\/p>\n\n\n\n<p>Se aprovada, a proposta que garante gratuidade aos consumidores poder\u00e1 representar uma mudan\u00e7a significativa na rela\u00e7\u00e3o entre lojistas e clientes \u2014 e, segundo seus defensores,\u00a0devolver ao shopping o papel de espa\u00e7o democr\u00e1tico de lazer e compras.<\/p>\n","protected":false},"excerpt":{"rendered":"<p>Os estacionamentos de shoppings centers em\u00a0Salvador\u00a0podem voltar a ser\u00a0gratuitos para clientes, caso seja aprovado o\u00a0Projeto de Lei n\u00ba 209\/2023, que tramita na C\u00e2mara Municipal. A proposta, de autoria do vereador\u00a0Randerson Leal (Podemos), prev\u00ea que o consumidor que apresentar\u00a0comprovante de despesas iguais ou superiores a cinco vezes o valor da tarifa\u00a0fique isento do pagamento da garagem. [&hellip;]<\/p>\n","protected":false},"author":9,"featured_media":22208,"comment_status":"closed","ping_status":"closed","sticky":false,"template":"","format":"standard","meta":{"jnews-multi-image_gallery":[],"jnews_single_post":{"format":"standard"},"jnews_primary_category":[],"jnews_social_meta":[],"jnews_override_counter":[],"jnews_post_split":[],"footnotes":""},"categories":[1],"tags":[],"class_list":["post-22205","post","type-post","status-publish","format-standard","has-post-thumbnail","hentry","category-geral"],"_referencia":"","_links":{"self":[{"href":"https:\/\/diariodocomercio.com.br\/mix\/wp-json\/wp\/v2\/posts\/22205","targetHints":{"allow":["GET"]}}],"collection":[{"href":"https:\/\/diariodocomercio.com.br\/mix\/wp-json\/wp\/v2\/posts"}],"about":[{"href":"https:\/\/diariodocomercio.com.br\/mix\/wp-json\/wp\/v2\/types\/post"}],"author":[{"embeddable":true,"href":"https:\/\/diariodocomercio.com.br\/mix\/wp-json\/wp\/v2\/users\/9"}],"replies":[{"embeddable":true,"href":"https:\/\/diariodocomercio.com.br\/mix\/wp-json\/wp\/v2\/comments?post=22205"}],"version-history":[{"count":1,"href":"https:\/\/diariodocomercio.com.br\/mix\/wp-json\/wp\/v2\/posts\/22205\/revisions"}],"predecessor-version":[{"id":22209,"href":"https:\/\/diariodocomercio.com.br\/mix\/wp-json\/wp\/v2\/posts\/22205\/revisions\/22209"}],"wp:featuredmedia":[{"embeddable":true,"href":"https:\/\/diariodocomercio.com.br\/mix\/wp-json\/wp\/v2\/media\/22208"}],"wp:attachment":[{"href":"https:\/\/diariodocomercio.com.br\/mix\/wp-json\/wp\/v2\/media?parent=22205"}],"wp:term":[{"taxonomy":"category","embeddable":true,"href":"https:\/\/diariodocomercio.com.br\/mix\/wp-json\/wp\/v2\/categories?post=22205"},{"taxonomy":"post_tag","embeddable":true,"href":"https:\/\/diariodocomercio.com.br\/mix\/wp-json\/wp\/v2\/tags?post=22205"}],"curies":[{"name":"wp","href":"https:\/\/api.w.org\/{rel}","templated":true}]}}