{"id":22210,"date":"2025-10-14T17:15:22","date_gmt":"2025-10-14T20:15:22","guid":{"rendered":"https:\/\/diariodocomercio.com.br\/mix\/?p=22210"},"modified":"2025-10-14T17:15:25","modified_gmt":"2025-10-14T20:15:25","slug":"dolar-dispara-no-brasil-nesta-terca-feira-14-10","status":"publish","type":"post","link":"https:\/\/diariodocomercio.com.br\/mix\/dolar-dispara-no-brasil-nesta-terca-feira-14-10\/","title":{"rendered":"D\u00f3lar dispara no Brasil nesta ter\u00e7a-feira (14\/10)"},"content":{"rendered":"\n<p>O d\u00f3lar teve um dia de forte valoriza\u00e7\u00e3o no Brasil nesta\u00a0ter\u00e7a-feira (14), acompanhando o movimento global de alta da moeda norte-americana em meio \u00e0\u00a0reacelera\u00e7\u00e3o das tens\u00f5es comerciais entre Estados Unidos e China.<\/p>\n\n\n\n<p>\u00c0s\u00a011h40, o\u00a0d\u00f3lar \u00e0 vista\u00a0era negociado a\u00a0R$ 5,495, com alta de\u00a00,60%. Na\u00a0B3, o contrato futuro para novembro avan\u00e7ava\u00a00,77%, cotado a\u00a0R$ 5,527. No fechamento do dia, a moeda norte-americana encerrou a sess\u00e3o em\u00a0R$ 5,470, um avan\u00e7o de\u00a00,14%\u00a0em rela\u00e7\u00e3o \u00e0 v\u00e9spera.<\/p>\n\n\n\n<p>No cen\u00e1rio internacional, investidores buscaram\u00a0ativos considerados mais seguros, como\u00a0d\u00f3lar, ouro e Treasuries, diante do aumento das incertezas entre as duas maiores economias do mundo.<\/p>\n\n\n\n<p>Os dois pa\u00edses iniciaram nesta ter\u00e7a novas\u00a0taxas portu\u00e1rias sobre o transporte mar\u00edtimo, reacendendo o temor de uma escalada na guerra comercial. Al\u00e9m disso, o presidente norte-americano\u00a0Donald Trump\u00a0afirmou que avalia\u00a0encerrar neg\u00f3cios com a China nos setores de \u00f3leo de cozinha e soja, ap\u00f3s amea\u00e7ar, na \u00faltima sexta (10), impor tarifas adicionais de\u00a0100% sobre produtos chineses.<\/p>\n\n\n\n<h2 class=\"wp-block-heading\"><strong>Declara\u00e7\u00f5es do Fed influenciam os mercados<\/strong><\/h2>\n\n\n\n<p>Outro fator que pressionou o c\u00e2mbio foi o discurso do presidente do&nbsp;<strong>Federal Reserve (Fed)<\/strong>,&nbsp;<strong>Jerome Powell<\/strong>, que indicou que o banco central norte-americano pode estar&nbsp;<strong>pr\u00f3ximo de encerrar o processo de aperto quantitativo (QT)<\/strong>&nbsp;\u2014 programa que reduz o volume de ativos mantidos pela institui\u00e7\u00e3o.<\/p>\n\n\n\n<p>Powell afirmou que as condi\u00e7\u00f5es de liquidez nos mercados est\u00e3o ficando mais restritivas e que o&nbsp;<strong>Fed deve adotar uma abordagem \u201creuni\u00e3o por reuni\u00e3o\u201d<\/strong>&nbsp;em rela\u00e7\u00e3o a novos cortes de juros.<\/p>\n\n\n\n<p>Segundo o&nbsp;<strong>CME FedWatch<\/strong>, h\u00e1&nbsp;<strong>96,7% de chance<\/strong>&nbsp;de o banco central reduzir a taxa b\u00e1sica de juros na pr\u00f3xima reuni\u00e3o, marcada para&nbsp;<strong>29 de outubro<\/strong>.<\/p>\n\n\n\n<h2 class=\"wp-block-heading\"><strong>Efeito no Brasil<\/strong><\/h2>\n\n\n\n<p>No Brasil, as aten\u00e7\u00f5es tamb\u00e9m se voltaram para as&nbsp;<strong>declara\u00e7\u00f5es do ministro da Fazenda, Fernando Haddad<\/strong>, durante audi\u00eancia na Comiss\u00e3o de Assuntos Econ\u00f4micos (CAE) do Senado, o que trouxe volatilidade adicional ao mercado de c\u00e2mbio.<\/p>\n\n\n\n<p>Os\u00a0<strong>dados econ\u00f4micos dom\u00e9sticos<\/strong>\u00a0tiveram pouca influ\u00eancia no preg\u00e3o. O\u00a0<strong>IBGE<\/strong>\u00a0divulgou que o\u00a0<strong>volume de servi\u00e7os<\/strong> cresceu\u00a0<strong>0,1% em agosto<\/strong>, o s\u00e9timo resultado positivo seguido, mas o mais fraco desde setembro de 2022.<\/p>\n\n\n\n<h2 class=\"wp-block-heading\"><strong>D\u00f3lar comercial e turismo<\/strong><\/h2>\n\n\n\n<ul class=\"wp-block-list\">\n<li><strong>D\u00f3lar comercial:<\/strong>\n<ul class=\"wp-block-list\">\n<li><strong>Compra:<\/strong>\u00a0R$ 5,495<\/li>\n\n\n\n<li><strong>Venda:<\/strong>\u00a0R$ 5,495<\/li>\n<\/ul>\n<\/li>\n\n\n\n<li><strong>D\u00f3lar turismo:<\/strong>\n<ul class=\"wp-block-list\">\n<li><strong>Compra:<\/strong>\u00a0R$ 5,533<\/li>\n\n\n\n<li><strong>Venda:<\/strong>\u00a0R$ 5,713<\/li>\n<\/ul>\n<\/li>\n<\/ul>\n\n\n\n<p>O movimento reflete o clima de cautela global e a postura mais defensiva dos investidores, que devem continuar acompanhando de perto as\u00a0<strong>rela\u00e7\u00f5es comerciais entre EUA e China<\/strong>\u00a0e os\u00a0<strong>rumos da pol\u00edtica monet\u00e1ria norte-americana<\/strong> nas pr\u00f3ximas semanas.<\/p>\n","protected":false},"excerpt":{"rendered":"<p>O d\u00f3lar teve um dia de forte valoriza\u00e7\u00e3o no Brasil nesta\u00a0ter\u00e7a-feira (14), acompanhando o movimento global de alta da moeda norte-americana em meio \u00e0\u00a0reacelera\u00e7\u00e3o das tens\u00f5es comerciais entre Estados Unidos e China. \u00c0s\u00a011h40, o\u00a0d\u00f3lar \u00e0 vista\u00a0era negociado a\u00a0R$ 5,495, com alta de\u00a00,60%. Na\u00a0B3, o contrato futuro para novembro avan\u00e7ava\u00a00,77%, cotado a\u00a0R$ 5,527. No fechamento do [&hellip;]<\/p>\n","protected":false},"author":9,"featured_media":17545,"comment_status":"closed","ping_status":"closed","sticky":false,"template":"","format":"standard","meta":{"jnews-multi-image_gallery":[],"jnews_single_post":{"format":"standard"},"jnews_primary_category":[],"jnews_social_meta":[],"jnews_override_counter":[],"jnews_post_split":[],"footnotes":""},"categories":[1],"tags":[],"class_list":["post-22210","post","type-post","status-publish","format-standard","has-post-thumbnail","hentry","category-geral"],"_referencia":"","_links":{"self":[{"href":"https:\/\/diariodocomercio.com.br\/mix\/wp-json\/wp\/v2\/posts\/22210","targetHints":{"allow":["GET"]}}],"collection":[{"href":"https:\/\/diariodocomercio.com.br\/mix\/wp-json\/wp\/v2\/posts"}],"about":[{"href":"https:\/\/diariodocomercio.com.br\/mix\/wp-json\/wp\/v2\/types\/post"}],"author":[{"embeddable":true,"href":"https:\/\/diariodocomercio.com.br\/mix\/wp-json\/wp\/v2\/users\/9"}],"replies":[{"embeddable":true,"href":"https:\/\/diariodocomercio.com.br\/mix\/wp-json\/wp\/v2\/comments?post=22210"}],"version-history":[{"count":1,"href":"https:\/\/diariodocomercio.com.br\/mix\/wp-json\/wp\/v2\/posts\/22210\/revisions"}],"predecessor-version":[{"id":22211,"href":"https:\/\/diariodocomercio.com.br\/mix\/wp-json\/wp\/v2\/posts\/22210\/revisions\/22211"}],"wp:featuredmedia":[{"embeddable":true,"href":"https:\/\/diariodocomercio.com.br\/mix\/wp-json\/wp\/v2\/media\/17545"}],"wp:attachment":[{"href":"https:\/\/diariodocomercio.com.br\/mix\/wp-json\/wp\/v2\/media?parent=22210"}],"wp:term":[{"taxonomy":"category","embeddable":true,"href":"https:\/\/diariodocomercio.com.br\/mix\/wp-json\/wp\/v2\/categories?post=22210"},{"taxonomy":"post_tag","embeddable":true,"href":"https:\/\/diariodocomercio.com.br\/mix\/wp-json\/wp\/v2\/tags?post=22210"}],"curies":[{"name":"wp","href":"https:\/\/api.w.org\/{rel}","templated":true}]}}