{"id":22212,"date":"2025-10-14T17:22:33","date_gmt":"2025-10-14T20:22:33","guid":{"rendered":"https:\/\/diariodocomercio.com.br\/mix\/?p=22212"},"modified":"2025-10-14T17:22:35","modified_gmt":"2025-10-14T20:22:35","slug":"cometa-raro-vai-passar-proximo-ao-sol-em-30-10-e-podera-ser-visto-da-terra","status":"publish","type":"post","link":"https:\/\/diariodocomercio.com.br\/mix\/cometa-raro-vai-passar-proximo-ao-sol-em-30-10-e-podera-ser-visto-da-terra\/","title":{"rendered":"Cometa raro vai passar pr\u00f3ximo ao Sol em 30\/10 e poder\u00e1 ser visto da Terra"},"content":{"rendered":"\n<p>Um cometa raro e mais antigo que o pr\u00f3prio Sistema Solar, o\u00a03I\/Atlas, far\u00e1 sua passagem mais pr\u00f3xima do\u00a0Sol no dia 30 de outubro. A observa\u00e7\u00e3o do fen\u00f4meno ser\u00e1 poss\u00edvel apenas com\u00a0telesc\u00f3pios de alta pot\u00eancia, como o\u00a0ATLAS (Asteroid Terrestrial-impact Last Alert System), localizado em\u00a0R\u00edo Hurtado, no Chile, e operado pela\u00a0NASA<\/p>\n\n\n\n<p>Descoberto em\u00a01\u00ba de julho de 2025, o cometa \u00e9 considerado um\u00a0\u201cintruso interestelar\u201d, vindo de fora dos limites do Sistema Solar. Essa \u00e9 apenas a\u00a0terceira vez na hist\u00f3ria\u00a0que um objeto desse tipo \u00e9 identificado, ap\u00f3s o\u00a01I\/\u02bbOumuamua (2017)\u00a0e o\u00a02I\/Borisov (2019), segundo a\u00a0Ag\u00eancia Espacial Europeia (ESA).<\/p>\n\n\n\n<p>Entre os dias\u00a01\u00ba e 7 de outubro, o 3I\/Atlas foi observado pelas miss\u00f5es\u00a0ExoMars Trace Gas Orbiter (TGO)\u00a0e\u00a0Mars Express, ambas da ESA, durante sua passagem pr\u00f3xima a Marte, quando chegou a\u00a030 milh\u00f5es de quil\u00f4metros do planeta.<\/p>\n\n\n\n<figure class=\"wp-block-image size-large\"><img decoding=\"async\" width=\"1200\" height=\"941\" src=\"https:\/\/diariodocomercio.com.br\/mix\/wp-content\/uploads\/2025\/10\/image-120-1200x941.png\" alt=\"\" class=\"wp-image-22214\" srcset=\"https:\/\/diariodocomercio.com.br\/mix\/wp-content\/uploads\/2025\/10\/image-120-1200x941.png 1200w, https:\/\/diariodocomercio.com.br\/mix\/wp-content\/uploads\/2025\/10\/image-120-300x235.png 300w, https:\/\/diariodocomercio.com.br\/mix\/wp-content\/uploads\/2025\/10\/image-120-768x602.png 768w, https:\/\/diariodocomercio.com.br\/mix\/wp-content\/uploads\/2025\/10\/image-120-150x118.png 150w, https:\/\/diariodocomercio.com.br\/mix\/wp-content\/uploads\/2025\/10\/image-120-750x588.png 750w, https:\/\/diariodocomercio.com.br\/mix\/wp-content\/uploads\/2025\/10\/image-120-1140x894.png 1140w, https:\/\/diariodocomercio.com.br\/mix\/wp-content\/uploads\/2025\/10\/image-120.png 1240w\" sizes=\"(max-width: 1200px) 100vw, 1200px\" \/><figcaption class=\"wp-element-caption\">Imagem capturada em 2 de junho mostra o 3I\/Atlas (Reprodu\u00e7\u00e3o\/David Rankin\/Getty Images)<\/figcaption><\/figure>\n\n\n\n<p>As imagens captadas mostram o cometa como um ponto branco difuso, ainda\u00a0sem cauda vis\u00edvel. Os cientistas acreditam, por\u00e9m, que o aquecimento \u00e0 medida que se aproxima do Sol far\u00e1 com que o astro libere\u00a0gases e poeira, formando uma\u00a0cabeleira luminosa\u00a0e possivelmente uma\u00a0cauda de milh\u00f5es de quil\u00f4metros.<\/p>\n\n\n\n<p>Estudos iniciais indicam que o 3I\/Atlas pode ser\u00a0tr\u00eas bilh\u00f5es de anos mais velho que o Sistema Solar, que tem cerca de 4,6 bilh\u00f5es de anos. O\u00a0di\u00e2metro\u00a0do n\u00facleo, segundo estimativas da NASA, varia entre\u00a0440 metros e 5,6 quil\u00f4metros, e suas propriedades f\u00edsicas ainda est\u00e3o sendo analisadas por astr\u00f4nomos em diversos pa\u00edses.<\/p>\n\n\n\n<h2 class=\"wp-block-heading\"><strong>Import\u00e2ncia cient\u00edfica<\/strong><\/h2>\n\n\n\n<p>Os\u00a0cometas interestelares\u00a0s\u00e3o raros e valiosos para a ci\u00eancia, pois trazem\u00a0materiais formados em outros sistemas estelares. O estudo da composi\u00e7\u00e3o qu\u00edmica pode revelar informa\u00e7\u00f5es sobre\u00a0como planetas e estrelas se formam em diferentes regi\u00f5es do universo.<\/p>\n\n\n\n<p>De acordo com o pesquisador Nick Thomas, da c\u00e2mera&nbsp;<strong>CaSSIS<\/strong>, da miss\u00e3o ExoMars, \u201cesta foi uma observa\u00e7\u00e3o muito desafiadora para o instrumento, j\u00e1 que o cometa \u00e9 cerca de 10 mil a 100 mil vezes mais fraco do que os alvos usuais\u201d.<\/p>\n\n\n\n<p>Com a aproxima\u00e7\u00e3o do&nbsp;<strong>perih\u00e9lio<\/strong>&nbsp;\u2014 o ponto mais pr\u00f3ximo do Sol \u2014 em 30 de outubro, telesc\u00f3pios espaciais e terrestres continuar\u00e3o monitorando o 3I\/Atlas em busca de novos detalhes sobre sua estrutura, composi\u00e7\u00e3o e origem.<\/p>\n","protected":false},"excerpt":{"rendered":"<p>Um cometa raro e mais antigo que o pr\u00f3prio Sistema Solar, o\u00a03I\/Atlas, far\u00e1 sua passagem mais pr\u00f3xima do\u00a0Sol no dia 30 de outubro. A observa\u00e7\u00e3o do fen\u00f4meno ser\u00e1 poss\u00edvel apenas com\u00a0telesc\u00f3pios de alta pot\u00eancia, como o\u00a0ATLAS (Asteroid Terrestrial-impact Last Alert System), localizado em\u00a0R\u00edo Hurtado, no Chile, e operado pela\u00a0NASA Descoberto em\u00a01\u00ba de julho de 2025, [&hellip;]<\/p>\n","protected":false},"author":9,"featured_media":22213,"comment_status":"closed","ping_status":"closed","sticky":false,"template":"","format":"standard","meta":{"jnews-multi-image_gallery":[],"jnews_single_post":{"format":"standard"},"jnews_primary_category":[],"jnews_social_meta":[],"jnews_override_counter":[],"jnews_post_split":[],"footnotes":""},"categories":[1],"tags":[],"class_list":["post-22212","post","type-post","status-publish","format-standard","has-post-thumbnail","hentry","category-geral"],"_referencia":"","_links":{"self":[{"href":"https:\/\/diariodocomercio.com.br\/mix\/wp-json\/wp\/v2\/posts\/22212","targetHints":{"allow":["GET"]}}],"collection":[{"href":"https:\/\/diariodocomercio.com.br\/mix\/wp-json\/wp\/v2\/posts"}],"about":[{"href":"https:\/\/diariodocomercio.com.br\/mix\/wp-json\/wp\/v2\/types\/post"}],"author":[{"embeddable":true,"href":"https:\/\/diariodocomercio.com.br\/mix\/wp-json\/wp\/v2\/users\/9"}],"replies":[{"embeddable":true,"href":"https:\/\/diariodocomercio.com.br\/mix\/wp-json\/wp\/v2\/comments?post=22212"}],"version-history":[{"count":1,"href":"https:\/\/diariodocomercio.com.br\/mix\/wp-json\/wp\/v2\/posts\/22212\/revisions"}],"predecessor-version":[{"id":22215,"href":"https:\/\/diariodocomercio.com.br\/mix\/wp-json\/wp\/v2\/posts\/22212\/revisions\/22215"}],"wp:featuredmedia":[{"embeddable":true,"href":"https:\/\/diariodocomercio.com.br\/mix\/wp-json\/wp\/v2\/media\/22213"}],"wp:attachment":[{"href":"https:\/\/diariodocomercio.com.br\/mix\/wp-json\/wp\/v2\/media?parent=22212"}],"wp:term":[{"taxonomy":"category","embeddable":true,"href":"https:\/\/diariodocomercio.com.br\/mix\/wp-json\/wp\/v2\/categories?post=22212"},{"taxonomy":"post_tag","embeddable":true,"href":"https:\/\/diariodocomercio.com.br\/mix\/wp-json\/wp\/v2\/tags?post=22212"}],"curies":[{"name":"wp","href":"https:\/\/api.w.org\/{rel}","templated":true}]}}